{"id":10274,"date":"2021-12-11T00:00:41","date_gmt":"2021-12-10T23:00:41","guid":{"rendered":"https:\/\/www.maria-koenigin.de\/?p=10274"},"modified":"2022-03-24T17:44:54","modified_gmt":"2022-03-24T16:44:54","slug":"maria-koenigin-fuehrt-schuelereigene-ipads-ein","status":"publish","type":"post","link":"http:\/\/www.maria-koenigin.de\/?p=10274","title":{"rendered":"Maria K\u00f6nigin f\u00fchrt sch\u00fclereigene iPads ein"},"content":{"rendered":"<p><img loading=\"lazy\" decoding=\"async\" class=\"alignnone size-full wp-image-10271\" src=\"http:\/\/www.maria-koenigin.de\/wordpress\/wp-content\/uploads\/2021\/12\/iPad_Bild.jpg\" alt=\"\" width=\"650\" height=\"488\" srcset=\"http:\/\/www.maria-koenigin.de\/wordpress\/wp-content\/uploads\/2021\/12\/iPad_Bild.jpg 650w, http:\/\/www.maria-koenigin.de\/wordpress\/wp-content\/uploads\/2021\/12\/iPad_Bild-300x225.jpg 300w, http:\/\/www.maria-koenigin.de\/wordpress\/wp-content\/uploads\/2021\/12\/iPad_Bild-624x468.jpg 624w\" sizes=\"auto, (max-width: 650px) 100vw, 650px\" \/><\/p>\n<p style=\"text-align: justify;\">Seit Beginn des Schuljahres nutzen die Sch\u00fclerinnen und Sch\u00fcler der Stufen 7, 8 und der Einf\u00fchrungsphase am Gymnasium Maria K\u00f6nigin in den Unterrichtsr\u00e4umen und Zuhause ihr eigenes iPad, das den Unterricht an MK ma\u00dfgeblich weiterentwickelt hat.<!--more--><\/p>\n<p style=\"text-align: justify;\">Andr\u00e9 Bertels, Koordinator f\u00fcr den Bereich Digitalisierung, erl\u00e4utert: \u201eDamit gehen wir in der Digitalisierung einen weiteren gro\u00dfen Schritt, nachdem in den letzten Jahren das Geb\u00e4ude schon mit einem synchronen 1Gigabit Glasfaseranschluss versehen und alle Klassen mit WLAN, AppleTV sowie einer Projektionsm\u00f6glichkeit in Form von Beamer, Smartboard oder Display ausgestattet wurden. Hausaufgaben, L\u00f6sungen oder Referate im Unterricht k\u00f6nnen so zu jedem Zeitpunkt leicht f\u00fcr alle sichtbar gemacht, Arbeitsbl\u00e4tter digital verteilt und lernf\u00f6rderliche Apps eingesetzt werden.\u201c \u00a0Auch der Rucksack der Sch\u00fcler sei leichter, da in den meisten F\u00e4chern auch ein digitales Schulbuch auf dem Tablet genutzt werden k\u00f6nne.<\/p>\n<p style=\"text-align: justify;\">Damit die Ablenkung nicht zu gro\u00df ist, werden im Schulmorgen nur Apps freigegeben, die von den Lehrkr\u00e4ften des Gymnasiums f\u00fcr den Unterricht vorgesehen sind. Zus\u00e4tzlich gibt es die M\u00f6glichkeit, die Nutzung vorr\u00fcbergehend zu sperren oder gezielt eine App zu \u00f6ffnen, welche nicht verlassen werden kann. Andr\u00e9 Bertels: \u201eDies wird uns durch das Mobile Device Management (MDM) in Verbindung mit der Classroom-App von Apple erm\u00f6glicht. Damit sind auch die Anforderungen der Bezirksregierung zum Einsatz in Klausuren der Oberstufe erf\u00fcllt.\u201c Au\u00dferhalb des Schulmorgens sind die Ger\u00e4te f\u00fcr die Sch\u00fcler komplett frei nutzbar und die Schule hat zu keinem Zeitpunkt Zugriff auf die privat gespeicherten Daten.<\/p>\n<p style=\"text-align: justify;\">Ein weiterer Vorteil des einheitlichen Systems ist, dass es keine Unterschiede in der Ausstattung der Sch\u00fcler gibt und so auch kein Neid entsteht. So k\u00f6nnen sich Sch\u00fclerinnen und Sch\u00fcler sowie Lehrer gegenseitig bei der Bedienung \u00a0unterst\u00fctzen und es geht keine Zeit f\u00fcr die Kl\u00e4rung von Bedienerproblemen verloren.\u00a0 Da zu jedem Zeitpunkt ein Internetzugang zur Verf\u00fcgung steht, muss f\u00fcr eine Internetrecherche oder die Erstellung einer Pr\u00e4sentation auch nicht mehr der Raum gewechselt werden. In Klassen, in denen noch kein Tablet zur Verf\u00fcgung steht, k\u00f6nnen mobile Tablet-Koffer eingesetzt werden. So werden bereits in den Klassen 5 und 6, vor allem in den F\u00e4chern Medien oder Informatik, erste Kompetenzen in der Nutzung der Ger\u00e4te erworben.<\/p>\n<p><img loading=\"lazy\" decoding=\"async\" class=\"alignnone size-full wp-image-10186\" src=\"http:\/\/www.maria-koenigin.de\/wordpress\/wp-content\/uploads\/2021\/10\/flyer_ipad_21.jpg\" alt=\"\" width=\"650\" height=\"463\" srcset=\"http:\/\/www.maria-koenigin.de\/wordpress\/wp-content\/uploads\/2021\/10\/flyer_ipad_21.jpg 650w, http:\/\/www.maria-koenigin.de\/wordpress\/wp-content\/uploads\/2021\/10\/flyer_ipad_21-300x214.jpg 300w, http:\/\/www.maria-koenigin.de\/wordpress\/wp-content\/uploads\/2021\/10\/flyer_ipad_21-624x444.jpg 624w\" sizes=\"auto, (max-width: 650px) 100vw, 650px\" \/><\/p>\n<p style=\"text-align: justify;\">Die Einf\u00fchrung wurde unter breiter Beteiligung aller am Schulleben Beteiligten vorbereitet. \u201eHier haben wir als Schulleitung gemeinsam mit dem Schultr\u00e4ger, der Lehrerschaft, Eltern und Sch\u00fclern intensiv beraten. Informationsveranstaltungen, Mails und Gremiensitzungen haben dazu \u00a0beigetragen, dass die durch den eigens gegr\u00fcndeten Arbeitskreis vorgeschlagenen Konzepte in allen schulischen Gremien einstimmig beschlossen wurden\u201c, erl\u00e4utert Schulleiter Fabian Borys den Entscheidungsprozess. \u201eDabei haben wir auch umfangreiche Unterst\u00fctzungsangebote bei der Finanzierung der Ger\u00e4te bereitgestellt.\u201c \u00a0Au\u00dferdem h\u00e4lt die Schule eine gr\u00f6\u00dfere Zahl von kostenlosen Leihger\u00e4ten bereit.<\/p>\n<p style=\"text-align: justify;\">Damit die Lehrer die Ger\u00e4te im Unterricht auch problemlos einsetzen k\u00f6nnen, wurden die letzten Monate f\u00fcr Fortbildungen und Absprachen in den Fachschaften genutzt. So konnten Apps und die intuitive Bedienung kennengelernt und der Einsatz in den schulinternen Lehrpl\u00e4nen verankert werden.<\/p>\n<p><iframe loading=\"lazy\" title=\"Sch\u00fclereigene iPads an MK\" width=\"625\" height=\"352\" src=\"https:\/\/www.youtube.com\/embed\/gJgKK4QRYzE?feature=oembed\" frameborder=\"0\" allow=\"accelerometer; autoplay; clipboard-write; encrypted-media; gyroscope; picture-in-picture; web-share\" referrerpolicy=\"strict-origin-when-cross-origin\" allowfullscreen><\/iframe><\/p>\n<p style=\"text-align: justify;\">Um Eltern und Sch\u00fcler \u00fcber die neuen Ger\u00e4te zu informieren, wurde ein Flyer erstellt und ein Video produziert, welches erste Einblicke in den ver\u00e4nderten Unterrichtsalltag gibt und auf der Homepage <a href=\"http:\/\/www.maria-koenigin.de\">www.maria-koenigin.de<\/a> oder unter der eigenen Rubrik unter <a href=\"http:\/\/digitalisierung.maria-koenigin.de\">digitalisierung.maria-koenigin.de<\/a> zu finden ist.<\/p>\n<p style=\"text-align: justify;\">Wer den Einsatz live miterleben m\u00f6chte, hat dazu am Tag der offenen T\u00fcr am 22. Januar 2022 die M\u00f6glichkeit. Da aufgrund der Corona-Pandemie der Rahmen sowie der Ablauf des Tages noch nicht feststehen, l\u00e4dt das Gymnasium Maria K\u00f6nigin interessierte Eltern und Sch\u00fcler ein, sich per E-Mail an <a href=\"mailto:tdot@maria-koenigin.de\">tdot[at]maria-koenigin.de<\/a> anzumelden, um so \u00fcber alle Entscheidungen informiert zu werden. Alle Informationen dazu finden sich auf der Homepage des Gymnasiums. Sollten noch individuelle R\u00fcckfragen oder der Wunsch nach einem fr\u00fchzeitigen Beratungsgespr\u00e4ch bestehen, k\u00f6nnen sich Interessierte per Mail unter\u00a0\u00a0 <a href=\"mailto:erprobungsstufe@maria-koenigin.de\">erprobungsstufe<\/a><a href=\"mailto:tdot@maria-koenigin.de\">[at]<\/a><a href=\"mailto:erprobungsstufe@maria-koenigin.de\">maria-koenigin.de<\/a> oder telefonisch im Sekretariat der Schule, Tel. 02723-68780, melden.<\/p>\n","protected":false},"excerpt":{"rendered":"<p>Seit Beginn des Schuljahres nutzen die Sch\u00fclerinnen und Sch\u00fcler der Stufen 7, 8 und der Einf\u00fchrungsphase am Gymnasium Maria K\u00f6nigin in den Unterrichtsr\u00e4umen und Zuhause ihr eigenes iPad, das den Unterricht an MK ma\u00dfgeblich weiterentwickelt hat.<\/p>\n","protected":false},"author":1,"featured_media":0,"comment_status":"closed","ping_status":"closed","sticky":false,"template":"","format":"standard","meta":{"ngg_post_thumbnail":0,"footnotes":""},"categories":[4],"tags":[],"class_list":["post-10274","post","type-post","status-publish","format-standard","hentry","category-aktuelles"],"_links":{"self":[{"href":"http:\/\/www.maria-koenigin.de\/index.php?rest_route=\/wp\/v2\/posts\/10274","targetHints":{"allow":["GET"]}}],"collection":[{"href":"http:\/\/www.maria-koenigin.de\/index.php?rest_route=\/wp\/v2\/posts"}],"about":[{"href":"http:\/\/www.maria-koenigin.de\/index.php?rest_route=\/wp\/v2\/types\/post"}],"author":[{"embeddable":true,"href":"http:\/\/www.maria-koenigin.de\/index.php?rest_route=\/wp\/v2\/users\/1"}],"replies":[{"embeddable":true,"href":"http:\/\/www.maria-koenigin.de\/index.php?rest_route=%2Fwp%2Fv2%2Fcomments&post=10274"}],"version-history":[{"count":5,"href":"http:\/\/www.maria-koenigin.de\/index.php?rest_route=\/wp\/v2\/posts\/10274\/revisions"}],"predecessor-version":[{"id":10692,"href":"http:\/\/www.maria-koenigin.de\/index.php?rest_route=\/wp\/v2\/posts\/10274\/revisions\/10692"}],"wp:attachment":[{"href":"http:\/\/www.maria-koenigin.de\/index.php?rest_route=%2Fwp%2Fv2%2Fmedia&parent=10274"}],"wp:term":[{"taxonomy":"category","embeddable":true,"href":"http:\/\/www.maria-koenigin.de\/index.php?rest_route=%2Fwp%2Fv2%2Fcategories&post=10274"},{"taxonomy":"post_tag","embeddable":true,"href":"http:\/\/www.maria-koenigin.de\/index.php?rest_route=%2Fwp%2Fv2%2Ftags&post=10274"}],"curies":[{"name":"wp","href":"https:\/\/api.w.org\/{rel}","templated":true}]}}