{"id":10291,"date":"2021-12-22T00:29:39","date_gmt":"2021-12-21T23:29:39","guid":{"rendered":"https:\/\/www.maria-koenigin.de\/?p=10291"},"modified":"2021-12-22T00:33:53","modified_gmt":"2021-12-21T23:33:53","slug":"matheolympiade-2021-cornelius-mester-auf-platz-1","status":"publish","type":"post","link":"http:\/\/www.maria-koenigin.de\/?p=10291","title":{"rendered":"Matheolympiade 2021: Cornelius Mester auf Platz 1"},"content":{"rendered":"<p><img loading=\"lazy\" decoding=\"async\" class=\"wp-image-10292 alignnone\" src=\"http:\/\/www.maria-koenigin.de\/wordpress\/wp-content\/uploads\/2021\/12\/Bild_Platz-1-klein.jpg\" alt=\"\" width=\"625\" height=\"656\" srcset=\"http:\/\/www.maria-koenigin.de\/wordpress\/wp-content\/uploads\/2021\/12\/Bild_Platz-1-klein.jpg 640w, http:\/\/www.maria-koenigin.de\/wordpress\/wp-content\/uploads\/2021\/12\/Bild_Platz-1-klein-286x300.jpg 286w, http:\/\/www.maria-koenigin.de\/wordpress\/wp-content\/uploads\/2021\/12\/Bild_Platz-1-klein-624x655.jpg 624w\" sizes=\"auto, (max-width: 625px) 100vw, 625px\" \/><\/p>\n<p style=\"text-align: justify;\">Auch in diesem Jahr nahmen wieder Sch\u00fclerinnen und Sch\u00fcler an der diesj\u00e4hrigen Mathematik-Olympiade teil; ein j\u00e4hrlich bundesweit angebotener Wettbewerb, an dem \u00fcber 125.000 Sch\u00fclerinnen und Sch\u00fcler insgesamt teilnehmen. Die Mathematik-Olympiade bietet allen interessierten Sch\u00fclerinnen und Sch\u00fclern die M\u00f6glichkeit, ihre besondere Leistungsf\u00e4higkeit auf mathematischem Gebiet unter Beweis zu stellen.<!--more--><\/p>\n<p style=\"text-align: justify;\">Am Ende der diesj\u00e4hrigen Regionalrunde durfte sich bei uns am Gymnasium Maria K\u00f6nigin Cornelius Mester (Stufe Q1) \u00fcber einen ersten Platz freuen. Er wird somit mit drei weiteren Sch\u00fclerinnen und Sch\u00fclern anderer Schulen den Kreis Olpe in der Landesrunde der Matheolympiade vertreten. F\u00fcr diese dritte Runde, die Anfang 2022 in Bielefeld ausgetragen wird, w\u00fcnschen wir Cornelius Mester, sowie den weiteren Vertretern des Kreises Olpe viel Gl\u00fcck und Erfolg. In der 2. Runde konnten sich die Sch\u00fclerinnen und Sch\u00fcler mit \u00fcber 50 Teilnehmern der anderen Gymnasien des Kreises Olpe w\u00e4hrend einer dreist\u00fcndigen Klausur messen. Ferner durften sich bei uns Mathilda S\u00fchwold (Klasse 5) und Jonathan Br\u00e4utigam (Stufe Q1) \u00fcber einen zweiten Platz freuen. Die dritten Preise gingen an Denise Bause (Klasse 5), Jule Ramm (Klasse 5), Stephanie Sayess (Klasse 5), Nora Kramer (Klasse 6), Maja Menne (Klasse 6), Lya Bourgund (Klasse 8), Lina Reifenberg (Stufe Q1) und Max Henrichs (Stufe Q2).<img loading=\"lazy\" decoding=\"async\" class=\"alignright wp-image-10296 size-full\" src=\"http:\/\/www.maria-koenigin.de\/wordpress\/wp-content\/uploads\/2021\/12\/MO_Gruppenbild-klein.jpg\" alt=\"\" width=\"640\" height=\"480\" srcset=\"http:\/\/www.maria-koenigin.de\/wordpress\/wp-content\/uploads\/2021\/12\/MO_Gruppenbild-klein.jpg 640w, http:\/\/www.maria-koenigin.de\/wordpress\/wp-content\/uploads\/2021\/12\/MO_Gruppenbild-klein-300x225.jpg 300w, http:\/\/www.maria-koenigin.de\/wordpress\/wp-content\/uploads\/2021\/12\/MO_Gruppenbild-klein-624x468.jpg 624w\" sizes=\"auto, (max-width: 640px) 100vw, 640px\" \/><\/p>\n<p style=\"text-align: justify;\">Der nach Altersstufen gegliederte Wettbewerb f\u00fcr die Klassen 3 bis Q2 erfordert logisches Denken, Kombinationsf\u00e4higkeit und kreativen Umgang mit mathematischen Methoden. Die Teilnahme am Wettbewerb regt h\u00e4ufig zu einer weit \u00fcber den Unterricht hinausreichenden Besch\u00e4ftigung mit der Mathematik an. In den unteren Klassenstufen dominiert als Motiv oft der Spa\u00df am rational-logischen Denken. Bei den \u00c4lteren besteht das Interesse dagegen mehr darin, eigene mathematische F\u00e4higkeiten an der Bearbeitung anspruchsvoller Aufgaben zu erproben, zu festigen und weiterzuentwickeln. Die Mathematik-Olympiade ist dabei ein Stufenwettbewerb, die Leistungsst\u00e4rksten einer Stufe qualifizieren sich f\u00fcr die n\u00e4chstfolgende.<\/p>\n<p style=\"text-align: justify;\">\u00a0Timo Quast und Miriam Wirtz<\/p>\n<p>&nbsp;<\/p>\n","protected":false},"excerpt":{"rendered":"<p>Auch in diesem Jahr nahmen wieder Sch\u00fclerinnen und Sch\u00fcler an der diesj\u00e4hrigen Mathematik-Olympiade teil; ein j\u00e4hrlich bundesweit angebotener Wettbewerb, an dem \u00fcber 125.000 Sch\u00fclerinnen und Sch\u00fcler insgesamt teilnehmen. Die Mathematik-Olympiade bietet allen interessierten Sch\u00fclerinnen und Sch\u00fclern die M\u00f6glichkeit, ihre besondere Leistungsf\u00e4higkeit auf mathematischem Gebiet unter Beweis zu stellen.<\/p>\n","protected":false},"author":7,"featured_media":0,"comment_status":"closed","ping_status":"closed","sticky":false,"template":"","format":"standard","meta":{"ngg_post_thumbnail":0,"footnotes":""},"categories":[4],"tags":[],"class_list":["post-10291","post","type-post","status-publish","format-standard","hentry","category-aktuelles"],"_links":{"self":[{"href":"http:\/\/www.maria-koenigin.de\/index.php?rest_route=\/wp\/v2\/posts\/10291","targetHints":{"allow":["GET"]}}],"collection":[{"href":"http:\/\/www.maria-koenigin.de\/index.php?rest_route=\/wp\/v2\/posts"}],"about":[{"href":"http:\/\/www.maria-koenigin.de\/index.php?rest_route=\/wp\/v2\/types\/post"}],"author":[{"embeddable":true,"href":"http:\/\/www.maria-koenigin.de\/index.php?rest_route=\/wp\/v2\/users\/7"}],"replies":[{"embeddable":true,"href":"http:\/\/www.maria-koenigin.de\/index.php?rest_route=%2Fwp%2Fv2%2Fcomments&post=10291"}],"version-history":[{"count":4,"href":"http:\/\/www.maria-koenigin.de\/index.php?rest_route=\/wp\/v2\/posts\/10291\/revisions"}],"predecessor-version":[{"id":10297,"href":"http:\/\/www.maria-koenigin.de\/index.php?rest_route=\/wp\/v2\/posts\/10291\/revisions\/10297"}],"wp:attachment":[{"href":"http:\/\/www.maria-koenigin.de\/index.php?rest_route=%2Fwp%2Fv2%2Fmedia&parent=10291"}],"wp:term":[{"taxonomy":"category","embeddable":true,"href":"http:\/\/www.maria-koenigin.de\/index.php?rest_route=%2Fwp%2Fv2%2Fcategories&post=10291"},{"taxonomy":"post_tag","embeddable":true,"href":"http:\/\/www.maria-koenigin.de\/index.php?rest_route=%2Fwp%2Fv2%2Ftags&post=10291"}],"curies":[{"name":"wp","href":"https:\/\/api.w.org\/{rel}","templated":true}]}}