{"id":10318,"date":"2021-12-28T16:00:00","date_gmt":"2021-12-28T15:00:00","guid":{"rendered":"https:\/\/www.maria-koenigin.de\/?p=10318"},"modified":"2021-12-29T20:07:39","modified_gmt":"2021-12-29T19:07:39","slug":"aufholen-waehrend-und-nach-corona","status":"publish","type":"post","link":"http:\/\/www.maria-koenigin.de\/?p=10318","title":{"rendered":"Maria K\u00f6nigin reagiert mit F\u00f6rderkonzept auf die Folgen der Pandemie"},"content":{"rendered":"<p><img loading=\"lazy\" decoding=\"async\" class=\"alignnone wp-image-10321 size-full\" src=\"http:\/\/www.maria-koenigin.de\/wordpress\/wp-content\/uploads\/2021\/12\/1.jpg\" alt=\"\" width=\"640\" height=\"427\" srcset=\"http:\/\/www.maria-koenigin.de\/wordpress\/wp-content\/uploads\/2021\/12\/1.jpg 640w, http:\/\/www.maria-koenigin.de\/wordpress\/wp-content\/uploads\/2021\/12\/1-300x200.jpg 300w, http:\/\/www.maria-koenigin.de\/wordpress\/wp-content\/uploads\/2021\/12\/1-624x416.jpg 624w\" sizes=\"auto, (max-width: 640px) 100vw, 640px\" \/><\/p>\n<p style=\"text-align: justify;\">Seit fast zwei Jahren ist nicht nur unser Alltag zuhause durch die Corona-Pandemie gepr\u00e4gt, sondern auch der Schulalltag von Sch\u00fclerinnen und Sch\u00fclern. Zwar gibt es \u00fcberwiegend Phasen, in denen gemeinsam in der Schule gelernt werden kann, doch haben die Schulschlie\u00dfungen, das Home-Schooling oder der Wechselunterricht f\u00fcr Lernr\u00fcckst\u00e4nde und<br \/>\n<!--more-->Unsicherheiten bei Sch\u00fclern wie Eltern gesorgt, die nicht so einfach verschwinden. Daher hat das Gymnasium Maria K\u00f6nigin sein umfangreiches und individuell auf die einzelnen Sch\u00fclerinnen und Sch\u00fcler ausgerichtetes F\u00f6rderkonzept, weiter \u00fcberarbeitet und erg\u00e4nzt. Nicht zuletzt f\u00fcr die Familien der aktuellen Viertkl\u00e4ssler, die sich nach diesen anstrengenden Monaten nun \u00fcber den Wechsel auf die weiterf\u00fchrende Schule informieren, soll das Angebot am Gymnasium Maria K\u00f6nigin noch einmal vorgestellt werden:<\/p>\n<p style=\"text-align: justify;\">Schon seit vielen Jahren gibt es in fast allen Jahrgangsstufen bis in die Oberstufe hinein Lernstudios und Erg\u00e4nzungsstunden, in denen Lehrerinnen und Lehrer in kleinen Gruppen fachliche Unterst\u00fctzung in den F\u00e4chern Deutsch, Mathematik, Englisch, Latein oder Franz\u00f6sisch leisten. In Klasse 5 liegt der Schwerpunkt beispielsweise gezielt auf der St\u00e4rkung der Rechtschreibung, um fachliche R\u00fcckst\u00e4nde aufzuholen. In diesem Schuljahr wurde die Anzahl der F\u00f6rderkurse verdoppelt, damit die Lerngruppen kleiner und das Lernen effektiver wird. Ein ausf\u00fchrlicher Beitrag dazu, findet sich unter <a href=\"http:\/\/www.maria-koenigin.de\/?p=10036\">http:\/\/www.maria-koenigin.de\/?p=10036<\/a><\/p>\n<div id=\"attachment_10322\" style=\"width: 650px\" class=\"wp-caption alignnone\"><img loading=\"lazy\" decoding=\"async\" aria-describedby=\"caption-attachment-10322\" class=\"wp-image-10322 size-full\" src=\"http:\/\/www.maria-koenigin.de\/wordpress\/wp-content\/uploads\/2021\/12\/3.jpg\" alt=\"\" width=\"640\" height=\"480\" srcset=\"http:\/\/www.maria-koenigin.de\/wordpress\/wp-content\/uploads\/2021\/12\/3.jpg 640w, http:\/\/www.maria-koenigin.de\/wordpress\/wp-content\/uploads\/2021\/12\/3-300x225.jpg 300w, http:\/\/www.maria-koenigin.de\/wordpress\/wp-content\/uploads\/2021\/12\/3-624x468.jpg 624w\" sizes=\"auto, (max-width: 640px) 100vw, 640px\" \/><p id=\"caption-attachment-10322\" class=\"wp-caption-text\">Das Lernstudio Deutsch mit moderner Ausstattung und viel Spa\u00df beim Lernen. (Alle Bilder sind vor der Corona-Pandemie aufgenommen worden)<\/p><\/div>\n<p style=\"text-align: justify;\">Neben den bereits bestehenden Angeboten der kostenlosen Hausaufgabenbetreuung und der Nachhilfeb\u00f6rse, wird es ab dem zweiten Halbjahr eine Kooperation mit Nachhilfeinstituten im Stadtgebiet geben, um die von der NRW-Landesregierung verteilten \u201eBildungsgutscheine\u201c an Sch\u00fclerinnen und Sch\u00fcler der Klassen 9 und EF zur intensiven Vorbereitung auf die Oberstufe zu verteilen.<\/p>\n<p style=\"text-align: justify;\">Zudem wurde in den Sommerferien eine erste \u201eMK-SummerSchool\u201c durchgef\u00fchrt, in der 50 Sch\u00fclerinnen und Sch\u00fcler zusammen mit zahlreichen Lehrkr\u00e4ften und Studierenden fachliche L\u00fccken schlie\u00dfen konnten. Aufgrund der positiven Resonanz wird es in den kommenden Osterferien ein weiteres Ferienlernen geben, um den Versetzungsschlussspurt der Sch\u00fcler zu unterst\u00fctzen. Ein R\u00fcckblick auf das Lernen in den Sommerferien findet sich hier: \u00a0<a href=\"http:\/\/www.maria-koenigin.de\/?p=10005\">http:\/\/www.maria-koenigin.de\/?p=10005<\/a><\/p>\n<p style=\"text-align: justify;\">Weitere Unterst\u00fctzung zum erfolgreichen Lernen erhalten die Sch\u00fclerinnen und Sch\u00fcler der Unterstufe im Orientierungsstunden durch die Klassenleitung, in der viele unterschiedliche Ans\u00e4tze des \u201eLernen lernens\u201c kennengelernt werden. In der Mittelstufe \u00fcbernehmen dann die Lerncoaches, die in 1:1-Gespr\u00e4chen eine individuelle Beratung und Begleitung erm\u00f6glichen. Eine ausf\u00fchrliche Vorstellung des Lerncoachings findet sich hier: <a href=\"http:\/\/www.maria-koenigin.de\/?page_id=9625\">http:\/\/www.maria-koenigin.de\/?page_id=9625<\/a><\/p>\n<div id=\"attachment_10323\" style=\"width: 650px\" class=\"wp-caption alignnone\"><img loading=\"lazy\" decoding=\"async\" aria-describedby=\"caption-attachment-10323\" class=\"wp-image-10323 size-full\" src=\"http:\/\/www.maria-koenigin.de\/wordpress\/wp-content\/uploads\/2021\/12\/2.jpg\" alt=\"\" width=\"640\" height=\"427\" srcset=\"http:\/\/www.maria-koenigin.de\/wordpress\/wp-content\/uploads\/2021\/12\/2.jpg 640w, http:\/\/www.maria-koenigin.de\/wordpress\/wp-content\/uploads\/2021\/12\/2-300x200.jpg 300w, http:\/\/www.maria-koenigin.de\/wordpress\/wp-content\/uploads\/2021\/12\/2-624x416.jpg 624w\" sizes=\"auto, (max-width: 640px) 100vw, 640px\" \/><p id=\"caption-attachment-10323\" class=\"wp-caption-text\">Ein Blick in die Mediothek vor dem Umbau<\/p><\/div>\n<p style=\"text-align: justify;\">All diese F\u00f6rderangebote ben\u00f6tigen nicht nur ausreichend Personal, sondern auch die richtigen r\u00e4umlichen Bedingungen, um erfolgreich verlaufen zu k\u00f6nnen. Aus diesem Grund wird die Mediothek der Schule in den n\u00e4chsten Monaten zu einem Lernzentrum umgebaut. Alle Fachschaften haben neue F\u00f6rdermaterialien f\u00fcr die Klassen 5 bis Q2 bestellt, die dort f\u00fcr die Lernstudios, die Hausaufgabenbetreuung oder das eigene Lernen der Oberstufensch\u00fcler in Freistunden bereitstehen. Neben neuen PC-Arbeitspl\u00e4tzen, einem Laptop- sowie einem iPad-Klassensatz stehen noch zwei Apple-TVs bereit, um L\u00f6sungen in Kleingruppen einfacher und anschaulicher zu besprechen.<\/p>\n<p style=\"text-align: justify;\">Da sich die Auswirkungen der Pandemie nicht nur auf den schulischen, sondern auch den privaten Bereich ausgewirkt hat, gibt es einen zunehmenden Bedarf an Beratung bei den Sch\u00fclerinnen und Sch\u00fclern. Hierf\u00fcr steht das erweiterte Beratungsteam aus Vertrauenslehrer Michael Ameling, Schulsozialarbeiterin Kirsten Plassmann, dem p\u00e4dagogischen Mitarbeiter Andreas Emmerling-Skala und der Beratungslehrerin Christiane Schell bereit. In neuen, frisch renovierten R\u00e4umlichkeiten haben sie ein offenes Ohr f\u00fcr Fragen und Probleme. Bei kleineren Fragen im Schulalltag k\u00f6nnen sich die Sch\u00fclerinnen und Sch\u00fcler der Klassen 5 und 6 zudem noch an ihre Klassenpaten oder die Medienscouts wenden, die sie durch die ersten Schuljahre begleiten.<\/p>\n<p><img loading=\"lazy\" decoding=\"async\" class=\"alignnone wp-image-10324 size-full\" src=\"http:\/\/www.maria-koenigin.de\/wordpress\/wp-content\/uploads\/2021\/12\/4.jpg\" alt=\"\" width=\"640\" height=\"480\" srcset=\"http:\/\/www.maria-koenigin.de\/wordpress\/wp-content\/uploads\/2021\/12\/4.jpg 640w, http:\/\/www.maria-koenigin.de\/wordpress\/wp-content\/uploads\/2021\/12\/4-300x225.jpg 300w, http:\/\/www.maria-koenigin.de\/wordpress\/wp-content\/uploads\/2021\/12\/4-624x468.jpg 624w\" sizes=\"auto, (max-width: 640px) 100vw, 640px\" \/><\/p>\n<p style=\"text-align: justify;\">In der Summe all dieser Angebote versuchen die Lehrerinnen und Lehrer am Gymnasium Maria K\u00f6nigin die pandemiebedingten L\u00fccken, Unsicherheiten und Probleme zu verringern und umfangreich abzubauen. Bei R\u00fcckfragen zu den F\u00f6rderm\u00f6glichkeiten oder dem Wunsch nach einem pers\u00f6nlichen Beratungsgespr\u00e4ch, leiten die Sekret\u00e4rinnen das Anliegen gerne an die entsprechende Person weiter. Ein Anruf unter 02723-68780 gen\u00fcgt.<\/p>\n<p style=\"text-align: justify;\">Ein letzter Hinweis zum Tag der offenen T\u00fcr: Da entsprechende politische Entscheidungen noch abgewartet werden m\u00fcssen, kann noch nicht der endg\u00fcltige Ablauf der Schulvorstellung sowie des Anmeldeverfahrens ver\u00f6ffentlicht werden. Interessierte Eltern k\u00f6nnen sich aber in unseren Verteiler eintragen lassen, der alle aktuellen Entscheidungen umgehend weiterleitet. Einfach eine Mail mit dem Namen des Kindes, der Grundschule sowie einer Telefonnummer der Eltern an <a href=\"mailto:tdot@maria-koenigin.de\">tdot@maria-koenigin.de<\/a> schicken.<\/p>\n<p style=\"text-align: justify;\">Allen Sch\u00fclerinnen und Sch\u00fclern sowie deren Familien w\u00fcnscht das Gymnasium Maria K\u00f6nigin noch sch\u00f6ne Ferien, Gesundheit und einen guten Rutsch in ein hoffentlich &#8222;normaleres&#8220; Jahr 2022.<\/p>\n","protected":false},"excerpt":{"rendered":"<p>Seit fast zwei Jahren ist nicht nur unser Alltag zuhause durch die Corona-Pandemie gepr\u00e4gt, sondern auch der Schulalltag von Sch\u00fclerinnen und Sch\u00fclern. Zwar gibt es \u00fcberwiegend Phasen, in denen gemeinsam in der Schule gelernt werden kann, doch haben die Schulschlie\u00dfungen, das Home-Schooling oder der Wechselunterricht f\u00fcr Lernr\u00fcckst\u00e4nde und<\/p>\n","protected":false},"author":8,"featured_media":0,"comment_status":"closed","ping_status":"closed","sticky":false,"template":"","format":"standard","meta":{"ngg_post_thumbnail":0,"footnotes":""},"categories":[4],"tags":[],"class_list":["post-10318","post","type-post","status-publish","format-standard","hentry","category-aktuelles"],"_links":{"self":[{"href":"http:\/\/www.maria-koenigin.de\/index.php?rest_route=\/wp\/v2\/posts\/10318","targetHints":{"allow":["GET"]}}],"collection":[{"href":"http:\/\/www.maria-koenigin.de\/index.php?rest_route=\/wp\/v2\/posts"}],"about":[{"href":"http:\/\/www.maria-koenigin.de\/index.php?rest_route=\/wp\/v2\/types\/post"}],"author":[{"embeddable":true,"href":"http:\/\/www.maria-koenigin.de\/index.php?rest_route=\/wp\/v2\/users\/8"}],"replies":[{"embeddable":true,"href":"http:\/\/www.maria-koenigin.de\/index.php?rest_route=%2Fwp%2Fv2%2Fcomments&post=10318"}],"version-history":[{"count":10,"href":"http:\/\/www.maria-koenigin.de\/index.php?rest_route=\/wp\/v2\/posts\/10318\/revisions"}],"predecessor-version":[{"id":10333,"href":"http:\/\/www.maria-koenigin.de\/index.php?rest_route=\/wp\/v2\/posts\/10318\/revisions\/10333"}],"wp:attachment":[{"href":"http:\/\/www.maria-koenigin.de\/index.php?rest_route=%2Fwp%2Fv2%2Fmedia&parent=10318"}],"wp:term":[{"taxonomy":"category","embeddable":true,"href":"http:\/\/www.maria-koenigin.de\/index.php?rest_route=%2Fwp%2Fv2%2Fcategories&post=10318"},{"taxonomy":"post_tag","embeddable":true,"href":"http:\/\/www.maria-koenigin.de\/index.php?rest_route=%2Fwp%2Fv2%2Ftags&post=10318"}],"curies":[{"name":"wp","href":"https:\/\/api.w.org\/{rel}","templated":true}]}}