{"id":10337,"date":"2022-01-06T12:35:06","date_gmt":"2022-01-06T11:35:06","guid":{"rendered":"https:\/\/www.maria-koenigin.de\/?p=10337"},"modified":"2022-01-06T12:35:06","modified_gmt":"2022-01-06T11:35:06","slug":"zufriedene-halbzeitbilanz-der-klassenpatinnen-und-klassenpaten","status":"publish","type":"post","link":"http:\/\/www.maria-koenigin.de\/?p=10337","title":{"rendered":"Zufriedene Halbzeitbilanz der Klassenpatinnen und Klassenpaten"},"content":{"rendered":"<p style=\"text-align: justify;\"><img loading=\"lazy\" decoding=\"async\" class=\"alignright wp-image-10338 size-large\" src=\"http:\/\/www.maria-koenigin.de\/wordpress\/wp-content\/uploads\/2022\/01\/Klassenpatinnen-3-1024x768.jpg\" alt=\"\" width=\"625\" height=\"469\" srcset=\"http:\/\/www.maria-koenigin.de\/wordpress\/wp-content\/uploads\/2022\/01\/Klassenpatinnen-3-1024x768.jpg 1024w, http:\/\/www.maria-koenigin.de\/wordpress\/wp-content\/uploads\/2022\/01\/Klassenpatinnen-3-300x225.jpg 300w, http:\/\/www.maria-koenigin.de\/wordpress\/wp-content\/uploads\/2022\/01\/Klassenpatinnen-3-768x576.jpg 768w, http:\/\/www.maria-koenigin.de\/wordpress\/wp-content\/uploads\/2022\/01\/Klassenpatinnen-3-1536x1152.jpg 1536w, http:\/\/www.maria-koenigin.de\/wordpress\/wp-content\/uploads\/2022\/01\/Klassenpatinnen-3-2048x1536.jpg 2048w, http:\/\/www.maria-koenigin.de\/wordpress\/wp-content\/uploads\/2022\/01\/Klassenpatinnen-3-624x468.jpg 624w\" sizes=\"auto, (max-width: 625px) 100vw, 625px\" \/><\/p>\n<p style=\"text-align: justify;\">Auch in diesem Schuljahr stehen f\u00fcr die 5. Klassen Teams von Klassenpatinnen und Klassenpaten aus der Jahrgangsstufe EF bereit, die die neuen Sch\u00fclerinnen und Sch\u00fcler begleiten und unterst\u00fctzen. <!--more--><\/p>\n<p style=\"text-align: justify;\"><img loading=\"lazy\" decoding=\"async\" class=\"alignright wp-image-10339 size-full\" src=\"http:\/\/www.maria-koenigin.de\/wordpress\/wp-content\/uploads\/2022\/01\/Klassenpatinnen-2-klein.jpg\" alt=\"\" width=\"640\" height=\"480\" srcset=\"http:\/\/www.maria-koenigin.de\/wordpress\/wp-content\/uploads\/2022\/01\/Klassenpatinnen-2-klein.jpg 640w, http:\/\/www.maria-koenigin.de\/wordpress\/wp-content\/uploads\/2022\/01\/Klassenpatinnen-2-klein-300x225.jpg 300w, http:\/\/www.maria-koenigin.de\/wordpress\/wp-content\/uploads\/2022\/01\/Klassenpatinnen-2-klein-624x468.jpg 624w\" sizes=\"auto, (max-width: 640px) 100vw, 640px\" \/><\/p>\n<p style=\"text-align: justify;\">Sie haben mit den Klassen an Unternehmungen teilgenommen und bei den Kennenlerntagen und weiteren Veranstaltungen mitgewirkt. Regelm\u00e4\u00dfig besuchen sie \u201eihre\u201c Klassen und stehen diesen mit Rat und Tat zur Seite. Auch Weihnachtsfeiern haben sie zum Teil mitgestaltet.\u00a0<img loading=\"lazy\" decoding=\"async\" class=\"alignright wp-image-10341 size-full\" src=\"http:\/\/www.maria-koenigin.de\/wordpress\/wp-content\/uploads\/2022\/01\/Klassenpatinnen-1-klein.jpg\" alt=\"\" width=\"640\" height=\"480\" srcset=\"http:\/\/www.maria-koenigin.de\/wordpress\/wp-content\/uploads\/2022\/01\/Klassenpatinnen-1-klein.jpg 640w, http:\/\/www.maria-koenigin.de\/wordpress\/wp-content\/uploads\/2022\/01\/Klassenpatinnen-1-klein-300x225.jpg 300w, http:\/\/www.maria-koenigin.de\/wordpress\/wp-content\/uploads\/2022\/01\/Klassenpatinnen-1-klein-624x468.jpg 624w\" sizes=\"auto, (max-width: 640px) 100vw, 640px\" \/><\/p>\n","protected":false},"excerpt":{"rendered":"<p>Auch in diesem Schuljahr stehen f\u00fcr die 5. Klassen Teams von Klassenpatinnen und Klassenpaten aus der Jahrgangsstufe EF bereit, die die neuen Sch\u00fclerinnen und Sch\u00fcler begleiten und unterst\u00fctzen.<\/p>\n","protected":false},"author":7,"featured_media":0,"comment_status":"closed","ping_status":"closed","sticky":false,"template":"","format":"standard","meta":{"ngg_post_thumbnail":0,"footnotes":""},"categories":[4],"tags":[],"class_list":["post-10337","post","type-post","status-publish","format-standard","hentry","category-aktuelles"],"_links":{"self":[{"href":"http:\/\/www.maria-koenigin.de\/index.php?rest_route=\/wp\/v2\/posts\/10337","targetHints":{"allow":["GET"]}}],"collection":[{"href":"http:\/\/www.maria-koenigin.de\/index.php?rest_route=\/wp\/v2\/posts"}],"about":[{"href":"http:\/\/www.maria-koenigin.de\/index.php?rest_route=\/wp\/v2\/types\/post"}],"author":[{"embeddable":true,"href":"http:\/\/www.maria-koenigin.de\/index.php?rest_route=\/wp\/v2\/users\/7"}],"replies":[{"embeddable":true,"href":"http:\/\/www.maria-koenigin.de\/index.php?rest_route=%2Fwp%2Fv2%2Fcomments&post=10337"}],"version-history":[{"count":1,"href":"http:\/\/www.maria-koenigin.de\/index.php?rest_route=\/wp\/v2\/posts\/10337\/revisions"}],"predecessor-version":[{"id":10342,"href":"http:\/\/www.maria-koenigin.de\/index.php?rest_route=\/wp\/v2\/posts\/10337\/revisions\/10342"}],"wp:attachment":[{"href":"http:\/\/www.maria-koenigin.de\/index.php?rest_route=%2Fwp%2Fv2%2Fmedia&parent=10337"}],"wp:term":[{"taxonomy":"category","embeddable":true,"href":"http:\/\/www.maria-koenigin.de\/index.php?rest_route=%2Fwp%2Fv2%2Fcategories&post=10337"},{"taxonomy":"post_tag","embeddable":true,"href":"http:\/\/www.maria-koenigin.de\/index.php?rest_route=%2Fwp%2Fv2%2Ftags&post=10337"}],"curies":[{"name":"wp","href":"https:\/\/api.w.org\/{rel}","templated":true}]}}