{"id":10343,"date":"2022-01-09T19:41:47","date_gmt":"2022-01-09T18:41:47","guid":{"rendered":"https:\/\/www.maria-koenigin.de\/?p=10343"},"modified":"2022-01-09T19:41:47","modified_gmt":"2022-01-09T18:41:47","slug":"lesen-bundesweiter-vorlesetag-an-maria-koenigin","status":"publish","type":"post","link":"http:\/\/www.maria-koenigin.de\/?p=10343","title":{"rendered":"Lesen! Bundesweiter Vorlesetag an Maria K\u00f6nigin"},"content":{"rendered":"<p style=\"text-align: justify;\"><img loading=\"lazy\" decoding=\"async\" class=\"alignright wp-image-10344 size-full\" src=\"http:\/\/www.maria-koenigin.de\/wordpress\/wp-content\/uploads\/2022\/01\/Vorflesetag-Jarosz-klein.jpg\" alt=\"\" width=\"640\" height=\"427\" srcset=\"http:\/\/www.maria-koenigin.de\/wordpress\/wp-content\/uploads\/2022\/01\/Vorflesetag-Jarosz-klein.jpg 640w, http:\/\/www.maria-koenigin.de\/wordpress\/wp-content\/uploads\/2022\/01\/Vorflesetag-Jarosz-klein-300x200.jpg 300w, http:\/\/www.maria-koenigin.de\/wordpress\/wp-content\/uploads\/2022\/01\/Vorflesetag-Jarosz-klein-624x416.jpg 624w\" sizes=\"auto, (max-width: 640px) 100vw, 640px\" \/><\/p>\n<p style=\"text-align: justify;\">Die Lesef\u00f6rderung spielt am Gymnasium Maria K\u00f6nigin schon immer eine wichtige Rolle. Dazu z\u00e4hlt auch die Teilnahme am bundesweiten Vorlesetag. Diesmal wurde an MK von den\u00a0 beiden\u00a0 B\u00fcrgermeistern Bj\u00f6rn Jarosz und Tobias Puspas und den ehemaligen Lehrern Gerd-Peter Zapp und Wilhelm Tenhaef in den Klassen 5a-c sowie 6a-d vorgelesen. <!--more--><\/p>\n<p style=\"text-align: justify;\">Die Freude war gro\u00df, da die pandemiebedingte Lage es zulie\u00df, externe Vorleser einzuladen und ihren vorgetragenen Geschichten zu lauschen. So hielten sich die insgesamt vier Vorleser an das Jahresmotto \u201eFreundschaft und Zusammenhalt\u201c, was sicher in Zeiten von Corona den ein oder anderen sehr bewegt und ihm Kraft schenkt.<\/p>\n<p style=\"text-align: justify;\">Das \u201eVorlesen\u201c wurde im ausgew\u00e4hlten Buch von Herrn Jarosz, B\u00fcrgermeister von Kirchhundem, thematisiert: In \u201eLeo und Lucy- Die Sache mit dem dritten L\u201c von Rebecca Elbs und Juliane Christians geht es um eine Freundschaft zwischen einem M\u00e4dchen und einem Jungen. Leo m\u00f6chte, trotz dass er nicht der beste Leser ist, beim Vorlesewettbewerb gewinnen, um seiner Freundin Lucy, die im Rollstuhl sitzt, ihren gr\u00f6\u00dften Wunsch erf\u00fcllen zu k\u00f6nnen \u2013 einen Sportrollstuhl zu kaufen! W\u00e4hrend der Vorbereitung sto\u00dfen sie auf zahlreiche spannende und witzige Abenteuer und Hindernisse. Ein sch\u00f6nes Buch \u00fcber Integration, Freundschaft, Zusammenhalt und Motivation.<\/p>\n<p style=\"text-align: justify;\">Herr Zapp, pensionierter Lehrer des MK, nahm die Klasse 5a mit in \u201eDas stumme Haus\u201c von Uticha Marmon. Die Zwillinge Nikosch und Nini erleben das, was wir auch erlebten: Keine Schule, keine Freunde treffen, nicht raus gehen d\u00fcrfen. Dadurch sch\u00e4rft sich allerdings die Aufmerksamkeit der Kinder und sie beobachten, wie nachts im Nachbarhaus SOS gemorst wird. Hier m\u00fcssen sie t\u00e4tig werden! Ein spannender Krimi rund um die Themen Freundschaft, Zusammenhalt und aktueller gesellschaftlicher Geschichte.<\/p>\n<p style=\"text-align: justify;\">Auch Herr Tenhaef, pensionierter Lehrer der St. Franziskus Schule Olpe und Kinderbuchautor, nahm die Kinder der 5b und 5c mit auf eine Reise in die Welt der Literatur. So stellte er ihnen das von ihm selbst verfasste Buch \u201eWerwolf im Moor\u201c gleich in drei Ausgaben vor: Die deutsche, chinesische und russische \u00dcbersetzung. Das Buch beinhaltet mehrere Gruselgeschichten. Zu einer dieser Geschichten textete und komponierte Herr Tenhaef das Vampirlied \u201eIch brauch\u2018 Blut\u201c, welches er den Kindern pr\u00e4sentierte. Anschlie\u00dfend nahm er die Kinder mit in die Berge und las ihnen die Geschichte \u201eDie Flugechse- Geheimnis in den Bergen\u201c vor. Hier geht es um eine pr\u00e4historische Echse in einem Museum, die zum Leben erwacht und zu ihren Artgenossen in den Bergen aufbricht. Der Neffe des Museumsdirektors erlebt ein spannendes Abenteuer und kehrt anschlie\u00dfend wohlbehalten zu den Eltern nach London zur\u00fcck. Wer sich \u00fcber den Autor Wilhelm Tenhaef aus Kirchhundem informieren m\u00f6chte, darf gerne seine Homepage <a href=\"http:\/\/www.wilhelm-ten-haaf.de\/\">www.wilhelm-ten-haaf.de<\/a>\u00a0besuchen.<\/p>\n<p style=\"text-align: justify;\">Herr Puspas, B\u00fcrgermeister von Lennestadt, nahm die Klassen 6d und 6a mit auf eine Fahrradtour um das IJselmeer: Er las aus dem Buch \u201eHaifischz\u00e4hne\u201c von Anna Woltz. Die Protagonistin Atlanta begibt sich auf eine Radtour von 360km, weil sie sich von den ausstehenden Untersuchungsergebnissen ihrer Mutter f\u00fcrchtet. Auf ihrer Tour lernt sie Finley kennen und freundet sich mit ihm an, der ebenfalls vor etwas fl\u00fcchtet. Es entwickelt sich eine faszinierende Freundschaft, die Trauriges anspricht aber Mut, Zuversicht und Spannung nicht vergessen l\u00e4sst.<\/p>\n<p style=\"text-align: justify;\">Wir bedanken uns herzlich bei den Vorlesern f\u00fcr den sch\u00f6nen Schulvormittag, der die Freude am Lesen aller Beteiligten f\u00f6rderte. In einer kurzen Reflexionsrunde fasste eine Sch\u00fclerin den Vorlesetag so zusammen: \u201eEs war sch\u00f6n! Man konnte sich in der Schule mal zur\u00fccklehnen und einfach einer Geschichte zuh\u00f6ren, die jemand anders ausgesucht hat und vorliest. Mir hat die Geschichte sehr gut gefallen!\u201c So erf\u00fcllte der Schulvormittag genau den Zweck, den der Bundesweite Vorlesetag verfolgt: Die Verbreitung von Lesefreude!<\/p>\n<p style=\"text-align: justify;\">Hanna Reuber<\/p>\n","protected":false},"excerpt":{"rendered":"<p>Die Lesef\u00f6rderung spielt am Gymnasium Maria K\u00f6nigin schon immer eine wichtige Rolle. Dazu z\u00e4hlt auch die Teilnahme am bundesweiten Vorlesetag. Diesmal wurde an MK von den\u00a0 beiden\u00a0 B\u00fcrgermeistern Bj\u00f6rn Jarosz und Tobias Puspas und den ehemaligen Lehrern Gerd-Peter Zapp und Wilhelm Tenhaef in den Klassen 5a-c sowie 6a-d vorgelesen.<\/p>\n","protected":false},"author":7,"featured_media":0,"comment_status":"closed","ping_status":"closed","sticky":false,"template":"","format":"standard","meta":{"ngg_post_thumbnail":0,"footnotes":""},"categories":[4],"tags":[],"class_list":["post-10343","post","type-post","status-publish","format-standard","hentry","category-aktuelles"],"_links":{"self":[{"href":"http:\/\/www.maria-koenigin.de\/index.php?rest_route=\/wp\/v2\/posts\/10343","targetHints":{"allow":["GET"]}}],"collection":[{"href":"http:\/\/www.maria-koenigin.de\/index.php?rest_route=\/wp\/v2\/posts"}],"about":[{"href":"http:\/\/www.maria-koenigin.de\/index.php?rest_route=\/wp\/v2\/types\/post"}],"author":[{"embeddable":true,"href":"http:\/\/www.maria-koenigin.de\/index.php?rest_route=\/wp\/v2\/users\/7"}],"replies":[{"embeddable":true,"href":"http:\/\/www.maria-koenigin.de\/index.php?rest_route=%2Fwp%2Fv2%2Fcomments&post=10343"}],"version-history":[{"count":1,"href":"http:\/\/www.maria-koenigin.de\/index.php?rest_route=\/wp\/v2\/posts\/10343\/revisions"}],"predecessor-version":[{"id":10345,"href":"http:\/\/www.maria-koenigin.de\/index.php?rest_route=\/wp\/v2\/posts\/10343\/revisions\/10345"}],"wp:attachment":[{"href":"http:\/\/www.maria-koenigin.de\/index.php?rest_route=%2Fwp%2Fv2%2Fmedia&parent=10343"}],"wp:term":[{"taxonomy":"category","embeddable":true,"href":"http:\/\/www.maria-koenigin.de\/index.php?rest_route=%2Fwp%2Fv2%2Fcategories&post=10343"},{"taxonomy":"post_tag","embeddable":true,"href":"http:\/\/www.maria-koenigin.de\/index.php?rest_route=%2Fwp%2Fv2%2Ftags&post=10343"}],"curies":[{"name":"wp","href":"https:\/\/api.w.org\/{rel}","templated":true}]}}