{"id":10348,"date":"2022-01-12T17:35:20","date_gmt":"2022-01-12T16:35:20","guid":{"rendered":"http:\/\/www.maria-koenigin.de\/?p=10348"},"modified":"2022-12-13T09:42:06","modified_gmt":"2022-12-13T08:42:06","slug":"informationen-zum-tag-der-offenen-tuer","status":"publish","type":"post","link":"http:\/\/www.maria-koenigin.de\/?p=10348","title":{"rendered":"Informationen zum Tag der offenen T\u00fcr 21\/22"},"content":{"rendered":"<p>Liebe Viertkl\u00e4sslerinnen und Viertkl\u00e4ssler, liebe Eltern,<\/p>\n<p>nachdem nun verl\u00e4ssliche Rahmenbedingungen seitens der Politik f\u00fcr den Tag der offenen T\u00fcr ver\u00f6ffentlicht wurden, m\u00f6chten wir Euch und Ihnen endlich unsere Pl\u00e4ne zur Schulvorstellung\u00a0 mitteilen:<\/p>\n<p><img loading=\"lazy\" decoding=\"async\" class=\"alignnone size-full wp-image-8963\" src=\"http:\/\/www.maria-koenigin.de\/wordpress\/wp-content\/uploads\/2019\/12\/tdot_19_2.jpg\" alt=\"\" width=\"650\" height=\"433\" srcset=\"http:\/\/www.maria-koenigin.de\/wordpress\/wp-content\/uploads\/2019\/12\/tdot_19_2.jpg 650w, http:\/\/www.maria-koenigin.de\/wordpress\/wp-content\/uploads\/2019\/12\/tdot_19_2-300x200.jpg 300w, http:\/\/www.maria-koenigin.de\/wordpress\/wp-content\/uploads\/2019\/12\/tdot_19_2-624x416.jpg 624w\" sizes=\"auto, (max-width: 650px) 100vw, 650px\" \/><\/p>\n<p style=\"text-align: justify;\">Aufgrund der aktuellen Rahmenbedingungen haben wir uns entschieden, den <!--more-->Elternvortrag der Schulleitung vom eigentlichen Tag der offenen T\u00fcr zu l\u00f6sen und als eigenen Informationsabend durchzuf\u00fchren. F\u00fcr beide Veranstaltungen bitten wir Sie, sich <strong>zwischen Donnerstag, 13.01.2022 ab 09.00 Uhr bis sp\u00e4testens Mittwoch, 19.01.2022 bis 12.00 Uhr<\/strong> telefonisch im Sekretariat unter 02723-68780 anzumelden.<\/p>\n<p style=\"text-align: justify;\"><strong>Elterninformationsabend in der Turnhalle am Donnerstag, 20.01.2022 um 18.00 Uhr:<\/strong><\/p>\n<p style=\"text-align: justify;\">Um den eigentlichen Tag der offenen T\u00fcr zu entlasten, m\u00f6chten wir den Informationsvortrag der Schulleitung f\u00fcr die Eltern der Viertkl\u00e4ssler auf Donnerstag, 20.01.2022 um 18.00 Uhr vorziehen. Daher laden wir alle Eltern herzlich in die Turnhalle unserer Schule ein, um Ihnen in Ruhe alle wichtigen Informationen zu unserer Schule, dem Schulalltag sowie zu unserer p\u00e4dagogischen Arbeit zu geben. Liebe Viertkl\u00e4ssler, Ihr m\u00fcsst Euch noch bis zum Samstag etwas gedulden, denn dieser Abend ist nur f\u00fcr Eure Eltern gedacht. Sollten sich zu viele Eltern anmelden, behalten wir uns vor, nur ein Elternteil pro Sch\u00fcler zuzulassen, um die Gesamtanzahl der Anwesenden zu reduzieren. Wir w\u00fcrden uns in diesem Falle kurzfristig bei Ihnen melden. Bitte beachten Sie die unten angegebenen Corona-Bestimmungen.<\/p>\n<p style=\"text-align: justify;\"><strong>Tag der offenen T\u00fcr am Samstag, 22.01.2022<\/strong><\/p>\n<p style=\"text-align: justify;\">Wir freuen uns schon sehr darauf, alle interessierten Grundsch\u00fcler mit ihren Eltern bei uns am Gymnasium Maria K\u00f6nigin begr\u00fc\u00dfen zu d\u00fcrfen. Auf Euch und Sie warten viele spannende Stationen, die einen Eindruck davon liefern, was hinter unserem Schullogo \u201eLernen, Leben, Helfen, Glauben\u201c steckt.<\/p>\n<p style=\"text-align: justify;\">Um die Anzahl der Personen im Schulgeb\u00e4ude zu reduzieren, wird die Schulvorstellung in zwei Bl\u00f6cke aufgeteilt. Der erste Block geht von <strong>8.30 Uhr bis 11.00 Uhr<\/strong> und der zweite Block von <strong>12.00 Uhr bis 14.30 Uhr<\/strong>. Bei Ihrer telefonischen Anmeldung unter 02723-68780 k\u00f6nnen Sie sich den Block aussuchen, solange noch nicht die Personenobergrenze f\u00fcr einen Block erreicht wurde. Die Kinder werden dann in kleinen Gruppen durch die Schule gef\u00fchrt, in denen m\u00f6glichst nur Mitsch\u00fcler aus der eigenen Grundschule sind. F\u00fcr die Eltern haben wir ebenfalls Rundg\u00e4nge in kleinen Gruppen durch die Schule vorgesehen, die etwas andere Schwerpunkte als die der Kinder besitzen. Den Abschluss bildet eine \u00fcberdachte Snackstation, an der verschiedene Lehrerinnen und Lehrer f\u00fcr R\u00fcckfragen und Beratungen zur Verf\u00fcgung stehen.<\/p>\n<p style=\"text-align: justify;\"><strong>Wichtige Corona-Bestimmungen: <\/strong><\/p>\n<p style=\"text-align: justify;\">Um einen gr\u00f6\u00dftm\u00f6glichen Schutz zu gew\u00e4hrleisten, finden beide Veranstaltungen\u00a0<wbr \/>unter der 2G+ Regel statt. Genesene und doppelt geimpfte Eltern ben\u00f6tigen einen negativen B\u00fcrgertest, der nicht \u00e4lter als 24 Stunden ist. Geboosterte Erwachsene\u00a0<wbr \/>sowie die Sch\u00fclerinnen und Sch\u00fcler\u00a0<wbr \/>sind von diesem\u00a0<wbr \/>Testnachweis\u00a0<wbr \/>ausgenommen. Bitte bringen Sie die entsprechenden Dokumente zu den Veranstaltungen\u00a0<wbr \/>mit. Sofern Sie keinen Termin bei einem B\u00fcrgertestzentrum bekommen, kann auch vor Ort getestet werden. Kommen Sie in diesem Fall 30 Minuten vor Beginn der Veranstaltung am Donnerstag\u00a0<wbr \/>zur Turnhalle bzw. am Samstag\u00a0<wbr \/>zum Haupteingang der Schule.<\/p>\n<p style=\"text-align: justify;\">Da sowohl am Donnerstag als auch am Samstag die R\u00e4ume regelm\u00e4\u00dfig gel\u00fcftet werden, ist\u00a0 warme Kleidung sehr zu empfehlen. Zudem m\u00fcssen alle Erwachsenen eine FFP2-Maske, die Kinder mindestens eine medizinische Maske tragen. Dar\u00fcber hinaus werden in der Turnhalle alle St\u00fchle in einem Abstand von mindestens 1,50 m stehen und ein fester Sitzplan erstellt.<\/p>\n<p style=\"text-align: justify;\">All diejenigen, die an den beiden Tagen verhindert sind oder den 2G+ Status nicht erf\u00fcllen, k\u00f6nnen sich ebenfalls im Sekretariat melden, um einen alternativen Weg der Schulvorstellung zu vereinbaren.<\/p>\n<p style=\"text-align: justify;\"><strong>Ein Blick nach vorne<\/strong><\/p>\n<p style=\"text-align: justify;\">Wir sind voller Vorfreude Sie, liebe Eltern und vor allem Euch, liebe Viertkl\u00e4ssler endlich kennenzulernen. Sofern sich im Vorfeld Fragen ergeben oder der Wunsch nach einem individuellen Beratungsgespr\u00e4ch aufkommt, k\u00f6nnen Sie sich einfach im Sekretariat oder unter <a class=\"mailto-link\" href=\"mailto:erprobungsstufe@maria-koenigin.de\" target=\"_blank\" rel=\"noopener\">erprobungsstufe[at]maria-koenigin.de<\/a> melden.<\/p>\n<p style=\"text-align: justify;\">Mit lieben Gr\u00fc\u00dfen<\/p>\n<p style=\"text-align: justify;\">Ihr<br \/>\nFrederik Linn<\/p>\n<p style=\"text-align: justify;\">Erprobungsstufenkoordinator<br \/>\nam Gymnasium Maria K\u00f6nigin<\/p>\n<div style=\"text-align: justify;\"><strong>\u00a0<\/strong><\/div>\n<div style=\"text-align: justify;\"><\/div>\n<div style=\"text-align: justify;\"><\/div>\n<div style=\"text-align: justify;\"><\/div>\n","protected":false},"excerpt":{"rendered":"<p>Liebe Viertkl\u00e4sslerinnen und Viertkl\u00e4ssler, liebe Eltern, nachdem nun verl\u00e4ssliche Rahmenbedingungen seitens der Politik f\u00fcr den Tag der offenen T\u00fcr ver\u00f6ffentlicht wurden, m\u00f6chten wir Euch und Ihnen endlich unsere Pl\u00e4ne zur Schulvorstellung\u00a0 mitteilen: Aufgrund der aktuellen Rahmenbedingungen haben wir uns entschieden, den<\/p>\n","protected":false},"author":8,"featured_media":0,"comment_status":"closed","ping_status":"closed","sticky":false,"template":"","format":"standard","meta":{"ngg_post_thumbnail":0,"footnotes":""},"categories":[4],"tags":[],"class_list":["post-10348","post","type-post","status-publish","format-standard","hentry","category-aktuelles"],"_links":{"self":[{"href":"http:\/\/www.maria-koenigin.de\/index.php?rest_route=\/wp\/v2\/posts\/10348","targetHints":{"allow":["GET"]}}],"collection":[{"href":"http:\/\/www.maria-koenigin.de\/index.php?rest_route=\/wp\/v2\/posts"}],"about":[{"href":"http:\/\/www.maria-koenigin.de\/index.php?rest_route=\/wp\/v2\/types\/post"}],"author":[{"embeddable":true,"href":"http:\/\/www.maria-koenigin.de\/index.php?rest_route=\/wp\/v2\/users\/8"}],"replies":[{"embeddable":true,"href":"http:\/\/www.maria-koenigin.de\/index.php?rest_route=%2Fwp%2Fv2%2Fcomments&post=10348"}],"version-history":[{"count":9,"href":"http:\/\/www.maria-koenigin.de\/index.php?rest_route=\/wp\/v2\/posts\/10348\/revisions"}],"predecessor-version":[{"id":11392,"href":"http:\/\/www.maria-koenigin.de\/index.php?rest_route=\/wp\/v2\/posts\/10348\/revisions\/11392"}],"wp:attachment":[{"href":"http:\/\/www.maria-koenigin.de\/index.php?rest_route=%2Fwp%2Fv2%2Fmedia&parent=10348"}],"wp:term":[{"taxonomy":"category","embeddable":true,"href":"http:\/\/www.maria-koenigin.de\/index.php?rest_route=%2Fwp%2Fv2%2Fcategories&post=10348"},{"taxonomy":"post_tag","embeddable":true,"href":"http:\/\/www.maria-koenigin.de\/index.php?rest_route=%2Fwp%2Fv2%2Ftags&post=10348"}],"curies":[{"name":"wp","href":"https:\/\/api.w.org\/{rel}","templated":true}]}}