{"id":10353,"date":"2022-01-17T17:58:09","date_gmt":"2022-01-17T16:58:09","guid":{"rendered":"https:\/\/www.maria-koenigin.de\/?p=10353"},"modified":"2022-01-17T17:58:29","modified_gmt":"2022-01-17T16:58:29","slug":"planspiel-im-praxissemester-der-wolf-kehrt-zurueck","status":"publish","type":"post","link":"http:\/\/www.maria-koenigin.de\/?p=10353","title":{"rendered":"Planspiel im Praxissemester: Der Wolf kehrt zur\u00fcck"},"content":{"rendered":"<p style=\"text-align: justify;\"><img loading=\"lazy\" decoding=\"async\" class=\"alignleft wp-image-10354\" src=\"http:\/\/www.maria-koenigin.de\/wordpress\/wp-content\/uploads\/2022\/01\/Wolf-2-kleina.jpg\" alt=\"\" width=\"620\" height=\"481\" srcset=\"http:\/\/www.maria-koenigin.de\/wordpress\/wp-content\/uploads\/2022\/01\/Wolf-2-kleina.jpg 428w, http:\/\/www.maria-koenigin.de\/wordpress\/wp-content\/uploads\/2022\/01\/Wolf-2-kleina-300x233.jpg 300w\" sizes=\"auto, (max-width: 620px) 100vw, 620px\" \/>Richard Sannert, Student an der Universit\u00e4t Siegen\u00a0und im Praxissemester am Gymnasium Maria K\u00f6nigin, berichtet von einem spannenden und aktuellen Planspiel im Leistungskurs Biologie der Q2 <!--more--><\/p>\n<p style=\"text-align: justify;\">Vor etwa 150 Jahren war es geschafft. Der letzte Wolf im Sauerland wurde geschossen. In ganz Deutschland war der Wolf zur damaligen Zeit ein ungebetener Bewohner der heimischen Natur. M\u00e4rchen wie \u201eDer Wolf und die sieben jungen Gei\u00dflein\u201c aus der Feder der Gebr\u00fcder Grimm pr\u00e4gen das Bild des \u201eb\u00f6sen Wolfes\u201c bis heute.<\/p>\n<p style=\"text-align: justify;\">F\u00fcr 150 Jahre blieb Deutschland frei von W\u00f6lfen. Doch im Jahr 2000 sichtete man in der Oberlausitz (Sachsen) dann den ersten Nachwuchs eines Wolfspaares. Die Ausbreitung schreitet seitdem rapide voran.<\/p>\n<p style=\"text-align: justify;\">Bei den wenigen bislang im Sauerland gesichteten W\u00f6lfen handelt es sich in der Regel um \u201edurchziehende\u201c W\u00f6lfe, die auf der Suche nach einem geeigneten Territorium und einem Partner bzw. einer Partnerin sind. Was passiert nun, wenn die W\u00f6lfe auch hier wieder heimisch werden? Ziel des Planspiels war es, das herauszufinden.<\/p>\n<p style=\"text-align: justify;\">Im fiktiven Ort \u201eAuerbach\u201c wurde ein Wolf gesichtet. Die Aufgabe der Sch\u00fcler:innen bestand darin, einen Aktionsplan f\u00fcr den Umgang mit dem Wolf aufzustellen. Daf\u00fcr schl\u00fcpften sie in die Rollen verschiedener Interessengruppen. Sie spielten Anwohner:innen, J\u00e4ger:innen, Natursch\u00fctzer:innen oder Sch\u00e4fer:innen. Ein B\u00fcrgermeisterteam \u00fcbernahm die Verantwortung f\u00fcr die Durchf\u00fchrung der regelm\u00e4\u00dfig stattfindenden B\u00fcrgerversammlungen.<img loading=\"lazy\" decoding=\"async\" class=\"alignright wp-image-10355 size-full\" src=\"http:\/\/www.maria-koenigin.de\/wordpress\/wp-content\/uploads\/2022\/01\/Wolf-1-klein.jpg\" alt=\"\" width=\"640\" height=\"480\" srcset=\"http:\/\/www.maria-koenigin.de\/wordpress\/wp-content\/uploads\/2022\/01\/Wolf-1-klein.jpg 640w, http:\/\/www.maria-koenigin.de\/wordpress\/wp-content\/uploads\/2022\/01\/Wolf-1-klein-300x225.jpg 300w, http:\/\/www.maria-koenigin.de\/wordpress\/wp-content\/uploads\/2022\/01\/Wolf-1-klein-624x468.jpg 624w\" sizes=\"auto, (max-width: 640px) 100vw, 640px\" \/><\/p>\n<p style=\"text-align: justify;\">Nach einigen Verhandlungen schaffte man es letztlich, sich trotz der unterschiedlichen Ziele und unterschiedlicher Betroffenheit per Abstimmung auf einen gemeinsamen Aktionsplan zu einigen:<\/p>\n<ul style=\"text-align: justify;\">\n<li>Nutztiere sollen eingez\u00e4unt werden (am besten zweifach).<\/li>\n<li>Im \u00e4u\u00dfersten Notfall d\u00fcrfen bestimmte J\u00e4ger:innen unter Absprache mit den Natursch\u00fctzer:innen den Wolf erschie\u00dfen.<\/li>\n<li>Wildkameras werden zur \u00dcberwachung aufgestellt.<\/li>\n<li>Nachts werden Nutztiere wenn m\u00f6glich in den Stall gebracht.<\/li>\n<li>Anwohner:innen werden durch entsprechende Angebote aufgekl\u00e4rt.<\/li>\n<li>Vor Ort gibt es eine:n Ansprechpartner:in f\u00fcr die Anwohner:innen.<\/li>\n<\/ul>\n<p style=\"text-align: justify;\">Mit diesem Aktionsplan konnten alle Parteien gut leben.<\/p>\n<p style=\"text-align: justify;\">Ich danke den Sch\u00fcler:innen des Leistungskurses Biologie (Q2) und Moritz Th\u00f6ne f\u00fcr die Unterst\u00fctzung bei der Erprobung meiner Masterarbeit.<\/p>\n","protected":false},"excerpt":{"rendered":"<p>Richard Sannert, Student an der Universit\u00e4t Siegen\u00a0und im Praxissemester am Gymnasium Maria K\u00f6nigin, berichtet von einem spannenden und aktuellen Planspiel im Leistungskurs Biologie der Q2<\/p>\n","protected":false},"author":7,"featured_media":0,"comment_status":"closed","ping_status":"closed","sticky":false,"template":"","format":"standard","meta":{"ngg_post_thumbnail":0,"footnotes":""},"categories":[4],"tags":[],"class_list":["post-10353","post","type-post","status-publish","format-standard","hentry","category-aktuelles"],"_links":{"self":[{"href":"http:\/\/www.maria-koenigin.de\/index.php?rest_route=\/wp\/v2\/posts\/10353","targetHints":{"allow":["GET"]}}],"collection":[{"href":"http:\/\/www.maria-koenigin.de\/index.php?rest_route=\/wp\/v2\/posts"}],"about":[{"href":"http:\/\/www.maria-koenigin.de\/index.php?rest_route=\/wp\/v2\/types\/post"}],"author":[{"embeddable":true,"href":"http:\/\/www.maria-koenigin.de\/index.php?rest_route=\/wp\/v2\/users\/7"}],"replies":[{"embeddable":true,"href":"http:\/\/www.maria-koenigin.de\/index.php?rest_route=%2Fwp%2Fv2%2Fcomments&post=10353"}],"version-history":[{"count":1,"href":"http:\/\/www.maria-koenigin.de\/index.php?rest_route=\/wp\/v2\/posts\/10353\/revisions"}],"predecessor-version":[{"id":10356,"href":"http:\/\/www.maria-koenigin.de\/index.php?rest_route=\/wp\/v2\/posts\/10353\/revisions\/10356"}],"wp:attachment":[{"href":"http:\/\/www.maria-koenigin.de\/index.php?rest_route=%2Fwp%2Fv2%2Fmedia&parent=10353"}],"wp:term":[{"taxonomy":"category","embeddable":true,"href":"http:\/\/www.maria-koenigin.de\/index.php?rest_route=%2Fwp%2Fv2%2Fcategories&post=10353"},{"taxonomy":"post_tag","embeddable":true,"href":"http:\/\/www.maria-koenigin.de\/index.php?rest_route=%2Fwp%2Fv2%2Ftags&post=10353"}],"curies":[{"name":"wp","href":"https:\/\/api.w.org\/{rel}","templated":true}]}}