{"id":10379,"date":"2022-01-21T11:03:09","date_gmt":"2022-01-21T10:03:09","guid":{"rendered":"http:\/\/www.maria-koenigin.de\/?p=10379"},"modified":"2022-01-21T12:55:05","modified_gmt":"2022-01-21T11:55:05","slug":"elterninformationsabend-an-mk","status":"publish","type":"post","link":"http:\/\/www.maria-koenigin.de\/?p=10379","title":{"rendered":"Elterninformationsabend an MK"},"content":{"rendered":"<p><img loading=\"lazy\" decoding=\"async\" class=\"alignnone size-full wp-image-10380\" src=\"http:\/\/www.maria-koenigin.de\/wordpress\/wp-content\/uploads\/2022\/01\/IMG_2525.jpg\" alt=\"\" width=\"640\" height=\"427\" srcset=\"http:\/\/www.maria-koenigin.de\/wordpress\/wp-content\/uploads\/2022\/01\/IMG_2525.jpg 640w, http:\/\/www.maria-koenigin.de\/wordpress\/wp-content\/uploads\/2022\/01\/IMG_2525-300x200.jpg 300w, http:\/\/www.maria-koenigin.de\/wordpress\/wp-content\/uploads\/2022\/01\/IMG_2525-624x416.jpg 624w\" sizes=\"auto, (max-width: 640px) 100vw, 640px\" \/><\/p>\n<p style=\"text-align: justify;\">Zum ersten Mal haben wir den Elternvortrag, den die Eltern der Viertkl\u00e4ssler bisher am Tag der offenen T\u00fcr bekommen haben, vorgezogen, um den Hygienevorschriften zu gen\u00fcgen. In\u00a0 kurzweiligen Beitr\u00e4gen stellten Herr Borys, Frau Braune, Herr Bertels, Frau Schell, Herr Reifenrath, Herr Tebr\u00fcgge sowie Herr Dr. Linn die vier S\u00e4ulen unseres Schulalltags Helfen, Lernen, Leben und Glauben vor. Nach etwas mehr als 90 Minuten nutzten anschlie\u00dfend noch ein paar Eltern die Gelegenheit, um mit den Lehrerinnen und Lehrern ins Gespr\u00e4ch zu kommen und Fragen zu kl\u00e4ren.<\/p>\n<p style=\"text-align: justify;\">Am Samstag geht es dann weiter mit dem eigentlichen Tag der offenen T\u00fcr, der sich auf zwei Bl\u00f6cke aufteilt. Und endlich sind dann auf die Viertkl\u00e4ssler mit dabei, auf die wir uns besonders freuen.<\/p>\n<p style=\"text-align: justify;\">Sofern Sie und Ihr Kind noch kurzfristig am Samstag dabei sein wollen, melden Sie sich einfach unter 02723-68780.<\/p>\n","protected":false},"excerpt":{"rendered":"<p>Zum ersten Mal haben wir den Elternvortrag, den die Eltern der Viertkl\u00e4ssler bisher am Tag der offenen T\u00fcr bekommen haben, vorgezogen, um den Hygienevorschriften zu gen\u00fcgen. In\u00a0 kurzweiligen Beitr\u00e4gen stellten Herr Borys, Frau Braune, Herr Bertels, Frau Schell, Herr Reifenrath, Herr Tebr\u00fcgge sowie Herr Dr. Linn die vier S\u00e4ulen unseres Schulalltags Helfen, Lernen, Leben und [&hellip;]<\/p>\n","protected":false},"author":8,"featured_media":0,"comment_status":"closed","ping_status":"closed","sticky":false,"template":"","format":"standard","meta":{"ngg_post_thumbnail":0,"footnotes":""},"categories":[4],"tags":[],"class_list":["post-10379","post","type-post","status-publish","format-standard","hentry","category-aktuelles"],"_links":{"self":[{"href":"http:\/\/www.maria-koenigin.de\/index.php?rest_route=\/wp\/v2\/posts\/10379","targetHints":{"allow":["GET"]}}],"collection":[{"href":"http:\/\/www.maria-koenigin.de\/index.php?rest_route=\/wp\/v2\/posts"}],"about":[{"href":"http:\/\/www.maria-koenigin.de\/index.php?rest_route=\/wp\/v2\/types\/post"}],"author":[{"embeddable":true,"href":"http:\/\/www.maria-koenigin.de\/index.php?rest_route=\/wp\/v2\/users\/8"}],"replies":[{"embeddable":true,"href":"http:\/\/www.maria-koenigin.de\/index.php?rest_route=%2Fwp%2Fv2%2Fcomments&post=10379"}],"version-history":[{"count":4,"href":"http:\/\/www.maria-koenigin.de\/index.php?rest_route=\/wp\/v2\/posts\/10379\/revisions"}],"predecessor-version":[{"id":10385,"href":"http:\/\/www.maria-koenigin.de\/index.php?rest_route=\/wp\/v2\/posts\/10379\/revisions\/10385"}],"wp:attachment":[{"href":"http:\/\/www.maria-koenigin.de\/index.php?rest_route=%2Fwp%2Fv2%2Fmedia&parent=10379"}],"wp:term":[{"taxonomy":"category","embeddable":true,"href":"http:\/\/www.maria-koenigin.de\/index.php?rest_route=%2Fwp%2Fv2%2Fcategories&post=10379"},{"taxonomy":"post_tag","embeddable":true,"href":"http:\/\/www.maria-koenigin.de\/index.php?rest_route=%2Fwp%2Fv2%2Ftags&post=10379"}],"curies":[{"name":"wp","href":"https:\/\/api.w.org\/{rel}","templated":true}]}}