{"id":10682,"date":"2022-03-21T17:54:31","date_gmt":"2022-03-21T16:54:31","guid":{"rendered":"https:\/\/www.maria-koenigin.de\/?p=10682"},"modified":"2022-03-21T17:54:31","modified_gmt":"2022-03-21T16:54:31","slug":"gilbert-jung-und-dominik-uryszek-erhalten-stipendien","status":"publish","type":"post","link":"http:\/\/www.maria-koenigin.de\/?p=10682","title":{"rendered":"Gilbert Jung und Dominik Uryszek erhalten Stipendien"},"content":{"rendered":"<p style=\"text-align: justify;\"><img loading=\"lazy\" decoding=\"async\" class=\"alignright wp-image-10683 size-full\" src=\"http:\/\/www.maria-koenigin.de\/wordpress\/wp-content\/uploads\/2022\/03\/HPPreistraeger-mit-Schulleitern-und-Erhard-Reichling.jpg\" alt=\"\" width=\"640\" height=\"404\" srcset=\"http:\/\/www.maria-koenigin.de\/wordpress\/wp-content\/uploads\/2022\/03\/HPPreistraeger-mit-Schulleitern-und-Erhard-Reichling.jpg 640w, http:\/\/www.maria-koenigin.de\/wordpress\/wp-content\/uploads\/2022\/03\/HPPreistraeger-mit-Schulleitern-und-Erhard-Reichling-300x189.jpg 300w, http:\/\/www.maria-koenigin.de\/wordpress\/wp-content\/uploads\/2022\/03\/HPPreistraeger-mit-Schulleitern-und-Erhard-Reichling-624x394.jpg 624w\" sizes=\"auto, (max-width: 640px) 100vw, 640px\" \/><\/p>\n<p><strong>Preisverleihung der Dieter Mennekes-Umweltstiftung <\/strong><\/p>\n<p style=\"text-align: justify;\">Mit einem Festakt im kleinen Rahmen wurden jetzt die Stipendien der Dieter-Mennekes-Umweltstiftung an die Abiturienten 2021 der beiden Lennest\u00e4dter Gymnasien vergeben.\u00a0Schulleiter Fabian Borys begr\u00fc\u00dfte die Stipendiaten und ihre Familien, Erhard Reichling als Vertreter der Stiftung, die Schulleitung des St\u00e4dtischen Gymnasiums und einige Kolleginnen und Kollegen der beiden Schulen.\u00a0 Er nahm Bezug auf den Krieg in der Ukraine, der einmal mehr zeige, wie abh\u00e4ngig wir von Rohstoffen seien und wie sehr diese Abh\u00e4ngigkeit zum politischen Spielball werden k\u00f6nne.\u00a0 <!--more--><img loading=\"lazy\" decoding=\"async\" class=\"alignright wp-image-10687 size-large\" src=\"http:\/\/www.maria-koenigin.de\/wordpress\/wp-content\/uploads\/2022\/03\/Max-Rademacher-sorgte-fuer-die-musikalische-Gestaltung-der-Feier-1024x768.jpeg\" alt=\"\" width=\"625\" height=\"469\" srcset=\"http:\/\/www.maria-koenigin.de\/wordpress\/wp-content\/uploads\/2022\/03\/Max-Rademacher-sorgte-fuer-die-musikalische-Gestaltung-der-Feier-1024x768.jpeg 1024w, http:\/\/www.maria-koenigin.de\/wordpress\/wp-content\/uploads\/2022\/03\/Max-Rademacher-sorgte-fuer-die-musikalische-Gestaltung-der-Feier-300x225.jpeg 300w, http:\/\/www.maria-koenigin.de\/wordpress\/wp-content\/uploads\/2022\/03\/Max-Rademacher-sorgte-fuer-die-musikalische-Gestaltung-der-Feier-768x576.jpeg 768w, http:\/\/www.maria-koenigin.de\/wordpress\/wp-content\/uploads\/2022\/03\/Max-Rademacher-sorgte-fuer-die-musikalische-Gestaltung-der-Feier-1536x1152.jpeg 1536w, http:\/\/www.maria-koenigin.de\/wordpress\/wp-content\/uploads\/2022\/03\/Max-Rademacher-sorgte-fuer-die-musikalische-Gestaltung-der-Feier-624x468.jpeg 624w, http:\/\/www.maria-koenigin.de\/wordpress\/wp-content\/uploads\/2022\/03\/Max-Rademacher-sorgte-fuer-die-musikalische-Gestaltung-der-Feier.jpeg 1600w\" sizes=\"auto, (max-width: 625px) 100vw, 625px\" \/>\u201eN\u00f6tig sind nachhaltige, intelligente Konzepte, die umweltschonende Prozesse und Kreisl\u00e4ufe ber\u00fccksichtigen und auf nachfolgende Generationen ausgerichtet sind. Zur Entwicklung solcher Konzepte ben\u00f6tigt man die kl\u00fcgsten K\u00f6pfe\u201c, erkl\u00e4rte der Schulleiter mit Blick auf die Stipendiaten.<\/p>\n<p style=\"text-align: justify;\"><img loading=\"lazy\" decoding=\"async\" class=\"alignright wp-image-10684\" src=\"http:\/\/www.maria-koenigin.de\/wordpress\/wp-content\/uploads\/2022\/03\/Erhard-Reichling-von-der-Dieter-Mennekes-Stiftung-HP.jpg\" alt=\"\" width=\"283\" height=\"377\" srcset=\"http:\/\/www.maria-koenigin.de\/wordpress\/wp-content\/uploads\/2022\/03\/Erhard-Reichling-von-der-Dieter-Mennekes-Stiftung-HP.jpg 640w, http:\/\/www.maria-koenigin.de\/wordpress\/wp-content\/uploads\/2022\/03\/Erhard-Reichling-von-der-Dieter-Mennekes-Stiftung-HP-225x300.jpg 225w, http:\/\/www.maria-koenigin.de\/wordpress\/wp-content\/uploads\/2022\/03\/Erhard-Reichling-von-der-Dieter-Mennekes-Stiftung-HP-624x832.jpg 624w\" sizes=\"auto, (max-width: 283px) 100vw, 283px\" \/>Erhard Reichling erinnerte noch einmal an den im Jahr 2020 verstorbenen Gr\u00fcnder der Stiftung, Dieter Mennekes, nach dessen Lebensmotto \u201eDa m\u00fcssen wir helfen!\u201c die Stiftung auch weiter handeln wolle. So setze sich die Stiftung weiter f\u00fcr \u00d6kologie und Nachhaltigkeit, f\u00fcr die Region und auch f\u00fcr die F\u00f6rderung besonders engagierter und leistungsstarker Sch\u00fcler ein. \u201eEs ist eine neue Dynamik entstanden, die weltweit Millionen von jungen Menschen erfasst, weil die Umweltfrage neuerdings zurecht auch als eine Frage der Generationengerechtigkeit verstanden wird\u201c, erkl\u00e4rte Reichling im Blick auf die Preistr\u00e4ger. Diesen gratulierte er f\u00fcr ihr beeindruckendes schulisches Engagement. Er hoffe darauf, dass der Preis auch als Aufforderung wirke, sich f\u00fcr die Natur und f\u00fcr die n\u00e4chsten Generationen zu engagieren.<\/p>\n<p style=\"text-align: justify;\">Im Mittelpunkt der Veranstaltung stand dann die Ehrung der vier Stipendiaten. Lara Maria Kaiser und Linus Oertel sind die Preistr\u00e4ger des St\u00e4dtischen Gymnasiums.<\/p>\n<p style=\"text-align: justify;\"><img loading=\"lazy\" decoding=\"async\" class=\"alignleft wp-image-10685\" src=\"http:\/\/www.maria-koenigin.de\/wordpress\/wp-content\/uploads\/2022\/03\/Ute-Froehlich-DMUS-619x1024.jpg\" alt=\"\" width=\"624\" height=\"1032\" srcset=\"http:\/\/www.maria-koenigin.de\/wordpress\/wp-content\/uploads\/2022\/03\/Ute-Froehlich-DMUS-619x1024.jpg 619w, http:\/\/www.maria-koenigin.de\/wordpress\/wp-content\/uploads\/2022\/03\/Ute-Froehlich-DMUS-181x300.jpg 181w, http:\/\/www.maria-koenigin.de\/wordpress\/wp-content\/uploads\/2022\/03\/Ute-Froehlich-DMUS-624x1032.jpg 624w, http:\/\/www.maria-koenigin.de\/wordpress\/wp-content\/uploads\/2022\/03\/Ute-Froehlich-DMUS.jpg 758w\" sizes=\"auto, (max-width: 624px) 100vw, 624px\" \/>Ute Fr\u00f6hlich berichtete mit Bezug auf einen preisgekr\u00f6nten Essay des Stipendiaten von ihren Erfahrungen mit Gilbert Jung (Maria K\u00f6nigin): \u201eSeine unglaubliche Allgemeinbildung , sein Wortschatz, seine Begeisterung f\u00fcr die Philosophie bereicherten den Unterricht sehr.\u201c So sei er stets bereit gewesen, &#8222;mal eben&#8220; den Empirismus und den Rationalismus zu erkl\u00e4ren. Aber auch seine \u00e4u\u00dferst schnelle Auffassungsgabe und seine F\u00e4higkeit zum Abstrahieren und interdisziplin\u00e4ren Vernetzen mache ihn zu einem w\u00fcrdigen Preistr\u00e4ger der Stiftung.<\/p>\n<p style=\"text-align: justify;\"><img loading=\"lazy\" decoding=\"async\" class=\"alignright wp-image-10686\" src=\"http:\/\/www.maria-koenigin.de\/wordpress\/wp-content\/uploads\/2022\/03\/Lisa-Braune-DMUS.jpg\" alt=\"\" width=\"376\" height=\"501\" srcset=\"http:\/\/www.maria-koenigin.de\/wordpress\/wp-content\/uploads\/2022\/03\/Lisa-Braune-DMUS.jpg 640w, http:\/\/www.maria-koenigin.de\/wordpress\/wp-content\/uploads\/2022\/03\/Lisa-Braune-DMUS-225x300.jpg 225w, http:\/\/www.maria-koenigin.de\/wordpress\/wp-content\/uploads\/2022\/03\/Lisa-Braune-DMUS-624x832.jpg 624w\" sizes=\"auto, (max-width: 376px) 100vw, 376px\" \/>Lisa Braune stellte den Preistr\u00e4ger Dominik Uryszek als Kosmopoliten vor. Sie lobte die tolerante und weltoffene Haltung Dominiks ebenso wie dessen pr\u00e4zises Denken und seinen sorgf\u00e4ltigen Umgang mit Sprache. F\u00fcr die kosmopolitische Ausrichtung spreche auch, dass er neben Englisch, Spanisch und Franz\u00f6sisch\u00a0 im muttersprachlichen Unterricht auch Polnisch gelernt habe. F\u00fcr besondere Akzente sorgten Max Rademacher aus der Q2 von Maria K\u00f6nigin mit Gitarre und Gesang und einige Berichte fr\u00fcherer Stipendiaten \u00fcber ihre Studien und beruflichen Entwicklungen, die eindrucksvoll belegten, dass\u00a0 die Stipendien der Stiftung sehr gut angelegt sind.<\/p>\n","protected":false},"excerpt":{"rendered":"<p>Preisverleihung der Dieter Mennekes-Umweltstiftung Mit einem Festakt im kleinen Rahmen wurden jetzt die Stipendien der Dieter-Mennekes-Umweltstiftung an die Abiturienten 2021 der beiden Lennest\u00e4dter Gymnasien vergeben.\u00a0Schulleiter Fabian Borys begr\u00fc\u00dfte die Stipendiaten und ihre Familien, Erhard Reichling als Vertreter der Stiftung, die Schulleitung des St\u00e4dtischen Gymnasiums und einige Kolleginnen und Kollegen der beiden Schulen.\u00a0 Er nahm Bezug [&hellip;]<\/p>\n","protected":false},"author":7,"featured_media":0,"comment_status":"closed","ping_status":"closed","sticky":false,"template":"","format":"standard","meta":{"ngg_post_thumbnail":0,"footnotes":""},"categories":[4],"tags":[],"class_list":["post-10682","post","type-post","status-publish","format-standard","hentry","category-aktuelles"],"_links":{"self":[{"href":"http:\/\/www.maria-koenigin.de\/index.php?rest_route=\/wp\/v2\/posts\/10682","targetHints":{"allow":["GET"]}}],"collection":[{"href":"http:\/\/www.maria-koenigin.de\/index.php?rest_route=\/wp\/v2\/posts"}],"about":[{"href":"http:\/\/www.maria-koenigin.de\/index.php?rest_route=\/wp\/v2\/types\/post"}],"author":[{"embeddable":true,"href":"http:\/\/www.maria-koenigin.de\/index.php?rest_route=\/wp\/v2\/users\/7"}],"replies":[{"embeddable":true,"href":"http:\/\/www.maria-koenigin.de\/index.php?rest_route=%2Fwp%2Fv2%2Fcomments&post=10682"}],"version-history":[{"count":2,"href":"http:\/\/www.maria-koenigin.de\/index.php?rest_route=\/wp\/v2\/posts\/10682\/revisions"}],"predecessor-version":[{"id":10689,"href":"http:\/\/www.maria-koenigin.de\/index.php?rest_route=\/wp\/v2\/posts\/10682\/revisions\/10689"}],"wp:attachment":[{"href":"http:\/\/www.maria-koenigin.de\/index.php?rest_route=%2Fwp%2Fv2%2Fmedia&parent=10682"}],"wp:term":[{"taxonomy":"category","embeddable":true,"href":"http:\/\/www.maria-koenigin.de\/index.php?rest_route=%2Fwp%2Fv2%2Fcategories&post=10682"},{"taxonomy":"post_tag","embeddable":true,"href":"http:\/\/www.maria-koenigin.de\/index.php?rest_route=%2Fwp%2Fv2%2Ftags&post=10682"}],"curies":[{"name":"wp","href":"https:\/\/api.w.org\/{rel}","templated":true}]}}