{"id":10702,"date":"2022-03-27T21:56:14","date_gmt":"2022-03-27T19:56:14","guid":{"rendered":"https:\/\/www.maria-koenigin.de\/?p=10702"},"modified":"2022-03-27T21:56:14","modified_gmt":"2022-03-27T19:56:14","slug":"schuelerinnen-und-schueler-der-ef-werden-zu-waldrettern","status":"publish","type":"post","link":"http:\/\/www.maria-koenigin.de\/?p=10702","title":{"rendered":"Sch\u00fclerinnen und Sch\u00fcler der EF werden zu \u201eWaldrettern\u201c"},"content":{"rendered":"<p style=\"text-align: justify;\"><img loading=\"lazy\" decoding=\"async\" class=\"alignright wp-image-10703 size-full\" src=\"http:\/\/www.maria-koenigin.de\/wordpress\/wp-content\/uploads\/2022\/03\/Waldretter-1-klein.jpg\" alt=\"\" width=\"640\" height=\"427\" srcset=\"http:\/\/www.maria-koenigin.de\/wordpress\/wp-content\/uploads\/2022\/03\/Waldretter-1-klein.jpg 640w, http:\/\/www.maria-koenigin.de\/wordpress\/wp-content\/uploads\/2022\/03\/Waldretter-1-klein-300x200.jpg 300w, http:\/\/www.maria-koenigin.de\/wordpress\/wp-content\/uploads\/2022\/03\/Waldretter-1-klein-624x416.jpg 624w\" sizes=\"auto, (max-width: 640px) 100vw, 640px\" \/>Mit Pflanzhacke, Spaten und Sch\u00fcppe zogen ca. 20 Sch\u00fclerinnen und Sch\u00fcler der Jahrgangsstufe EF und Q1 auf die Hohe Bracht, um dort die Pflanzaktion der Westfalenpost zu unterst\u00fctzen.\u00a0\u00a0Nachdem im Erdkundeunterricht die Thematik \u201eKlimawandel\u201c eher vor dem theoretischen Hintergrund betrachtet wurde, nahmen es die Sch\u00fclerinnen und Sch\u00fcler mit den Erdkundelehrern Peter Peil und Manuel Vormweg nun selbst in die Hand und engagierten sich im Kampf gegen den Klimawandel. <!--more--><\/p>\n<p style=\"text-align: justify;\"><img loading=\"lazy\" decoding=\"async\" class=\"alignright wp-image-10705 size-full\" src=\"http:\/\/www.maria-koenigin.de\/wordpress\/wp-content\/uploads\/2022\/03\/Waldretter-3-klein.jpg\" alt=\"\" width=\"640\" height=\"480\" srcset=\"http:\/\/www.maria-koenigin.de\/wordpress\/wp-content\/uploads\/2022\/03\/Waldretter-3-klein.jpg 640w, http:\/\/www.maria-koenigin.de\/wordpress\/wp-content\/uploads\/2022\/03\/Waldretter-3-klein-300x225.jpg 300w, http:\/\/www.maria-koenigin.de\/wordpress\/wp-content\/uploads\/2022\/03\/Waldretter-3-klein-624x468.jpg 624w\" sizes=\"auto, (max-width: 640px) 100vw, 640px\" \/>Auf einem ehemaligen Fichtenbestand, der in Monokultur angelegt war, pflanzten die Jugendlichen unterschiedliche Laub- und Nadelgeh\u00f6lze. Nach einer kurzen Einf\u00fchrung wurden die Pflanzen in den Boden gesetzt und anschlie\u00dfend mit einem Gitter vor dem Wildverbiss gesch\u00fctzt.\u00a0Insgesamt war die Aktion ein voller Erfolg und hat allen Beteiligten erneut vor Augen gef\u00fchrt, dass sich jeder auch mit einfachen Mitteln f\u00fcr den Umwelt- und Naturschutz einsetzen kann.<\/p>\n<p style=\"text-align: justify;\"><img loading=\"lazy\" decoding=\"async\" class=\"alignright wp-image-10704 size-full\" src=\"http:\/\/www.maria-koenigin.de\/wordpress\/wp-content\/uploads\/2022\/03\/Waldretter-2-klein.jpg\" alt=\"\" width=\"640\" height=\"480\" srcset=\"http:\/\/www.maria-koenigin.de\/wordpress\/wp-content\/uploads\/2022\/03\/Waldretter-2-klein.jpg 640w, http:\/\/www.maria-koenigin.de\/wordpress\/wp-content\/uploads\/2022\/03\/Waldretter-2-klein-300x225.jpg 300w, http:\/\/www.maria-koenigin.de\/wordpress\/wp-content\/uploads\/2022\/03\/Waldretter-2-klein-624x468.jpg 624w\" sizes=\"auto, (max-width: 640px) 100vw, 640px\" \/>Das Thema \u201eWald\u201c wird auch bei der Projektwoche im Juni eine gro\u00dfe Rolle spielen. Dann wird sich die gesamte Schule eine Woche lang mit Themen rund um Klimawandel, Umweltschutz und Bewahrung der Sch\u00f6pfung befassen.<\/p>\n<p style=\"text-align: justify;\">\n","protected":false},"excerpt":{"rendered":"<p>Mit Pflanzhacke, Spaten und Sch\u00fcppe zogen ca. 20 Sch\u00fclerinnen und Sch\u00fcler der Jahrgangsstufe EF und Q1 auf die Hohe Bracht, um dort die Pflanzaktion der Westfalenpost zu unterst\u00fctzen.\u00a0\u00a0Nachdem im Erdkundeunterricht die Thematik \u201eKlimawandel\u201c eher vor dem theoretischen Hintergrund betrachtet wurde, nahmen es die Sch\u00fclerinnen und Sch\u00fcler mit den Erdkundelehrern Peter Peil und Manuel Vormweg nun [&hellip;]<\/p>\n","protected":false},"author":7,"featured_media":0,"comment_status":"closed","ping_status":"closed","sticky":false,"template":"","format":"standard","meta":{"ngg_post_thumbnail":0,"footnotes":""},"categories":[4],"tags":[],"class_list":["post-10702","post","type-post","status-publish","format-standard","hentry","category-aktuelles"],"_links":{"self":[{"href":"http:\/\/www.maria-koenigin.de\/index.php?rest_route=\/wp\/v2\/posts\/10702","targetHints":{"allow":["GET"]}}],"collection":[{"href":"http:\/\/www.maria-koenigin.de\/index.php?rest_route=\/wp\/v2\/posts"}],"about":[{"href":"http:\/\/www.maria-koenigin.de\/index.php?rest_route=\/wp\/v2\/types\/post"}],"author":[{"embeddable":true,"href":"http:\/\/www.maria-koenigin.de\/index.php?rest_route=\/wp\/v2\/users\/7"}],"replies":[{"embeddable":true,"href":"http:\/\/www.maria-koenigin.de\/index.php?rest_route=%2Fwp%2Fv2%2Fcomments&post=10702"}],"version-history":[{"count":2,"href":"http:\/\/www.maria-koenigin.de\/index.php?rest_route=\/wp\/v2\/posts\/10702\/revisions"}],"predecessor-version":[{"id":10707,"href":"http:\/\/www.maria-koenigin.de\/index.php?rest_route=\/wp\/v2\/posts\/10702\/revisions\/10707"}],"wp:attachment":[{"href":"http:\/\/www.maria-koenigin.de\/index.php?rest_route=%2Fwp%2Fv2%2Fmedia&parent=10702"}],"wp:term":[{"taxonomy":"category","embeddable":true,"href":"http:\/\/www.maria-koenigin.de\/index.php?rest_route=%2Fwp%2Fv2%2Fcategories&post=10702"},{"taxonomy":"post_tag","embeddable":true,"href":"http:\/\/www.maria-koenigin.de\/index.php?rest_route=%2Fwp%2Fv2%2Ftags&post=10702"}],"curies":[{"name":"wp","href":"https:\/\/api.w.org\/{rel}","templated":true}]}}