{"id":10741,"date":"2022-03-30T15:52:36","date_gmt":"2022-03-30T13:52:36","guid":{"rendered":"https:\/\/www.maria-koenigin.de\/?p=10741"},"modified":"2022-03-30T15:52:36","modified_gmt":"2022-03-30T13:52:36","slug":"7-milliarden-traeume-aber-nur-ein-planet","status":"publish","type":"post","link":"http:\/\/www.maria-koenigin.de\/?p=10741","title":{"rendered":"7 Milliarden Tr\u00e4ume &#8211; aber nur ein Planet!"},"content":{"rendered":"<p style=\"text-align: justify;\"><img loading=\"lazy\" decoding=\"async\" class=\"alignright wp-image-10742 size-large\" src=\"http:\/\/www.maria-koenigin.de\/wordpress\/wp-content\/uploads\/2022\/03\/7-Milliarden-1024x683.jpg\" alt=\"\" width=\"625\" height=\"417\" srcset=\"http:\/\/www.maria-koenigin.de\/wordpress\/wp-content\/uploads\/2022\/03\/7-Milliarden-1024x683.jpg 1024w, http:\/\/www.maria-koenigin.de\/wordpress\/wp-content\/uploads\/2022\/03\/7-Milliarden-300x200.jpg 300w, http:\/\/www.maria-koenigin.de\/wordpress\/wp-content\/uploads\/2022\/03\/7-Milliarden-768x512.jpg 768w, http:\/\/www.maria-koenigin.de\/wordpress\/wp-content\/uploads\/2022\/03\/7-Milliarden-1536x1024.jpg 1536w, http:\/\/www.maria-koenigin.de\/wordpress\/wp-content\/uploads\/2022\/03\/7-Milliarden-2048x1365.jpg 2048w, http:\/\/www.maria-koenigin.de\/wordpress\/wp-content\/uploads\/2022\/03\/7-Milliarden-624x416.jpg 624w\" sizes=\"auto, (max-width: 625px) 100vw, 625px\" \/>Zu einem Jugendgottesdienst laden der Projektkurs Religion und die Junge Kirche Maria K\u00f6nigin f\u00fcr Sonntag, den 3. April um 18 Uhr ein. <span style=\"font-size: 1rem;\">Unter dem Thema \u201e7 Milliarden Tr\u00e4ume \u2013 aber nur ein Planet!\u201c soll es um die Klimakrise gehen. <\/span><!--more--><\/p>\n<p style=\"text-align: justify;\"><span style=\"font-size: 1rem;\">Alle Menschen auf der Welt haben Tr\u00e4ume, aber heute stellt sich die Frage: Wie kann es gelingen, unsere Tr\u00e4ume von einem guten Leben mit den begrenzten Ressourcen unseres Planeten in Einklang zu bringen? Welche Schritte kann jeder einzelne gehen, um das Klima zu sch\u00fctzen und was bedeutet der Auftrag Gottes an uns, die Sch\u00f6pfung zu bewahren?\u00a0<\/span><\/p>\n<p style=\"text-align: justify;\">Diese Fragen sollen in dem Gottesdienst aufgeworfen werden und Antworten versucht werden. Dabei wird auch Pastor Klaus Danne aus dem Schmallenberger Land helfen. Pastor Danne engagiert sich schon seit langem intensiv f\u00fcr die Bewahrung der Sch\u00f6pfung und den Klimaschutz.<\/p>\n<p style=\"text-align: justify;\">Der Gottesdienst setzt auch das langj\u00e4hrige Engagement und die Partnerschaft der\u00a0 Jungen Kirche mit dem Hilfswerk Misereor fort. Misereor thematisiert auch die Fragen des Klimaschutzes und der weltweiten Klima-Gerechtigkeit und fordert die Einhaltung des 1,5 Grad-Zieles bei der Erderw\u00e4rmung. Die musikalische Gestaltung \u00fcbernimmt eine Sch\u00fclerband unter Leitung von Hendrik Sch\u00f6rmann.<\/p>\n<p>&nbsp;<\/p>\n<p>&nbsp;<\/p>\n","protected":false},"excerpt":{"rendered":"<p>Zu einem Jugendgottesdienst laden der Projektkurs Religion und die Junge Kirche Maria K\u00f6nigin f\u00fcr Sonntag, den 3. April um 18 Uhr ein. Unter dem Thema \u201e7 Milliarden Tr\u00e4ume \u2013 aber nur ein Planet!\u201c soll es um die Klimakrise gehen.<\/p>\n","protected":false},"author":7,"featured_media":0,"comment_status":"closed","ping_status":"closed","sticky":false,"template":"","format":"standard","meta":{"ngg_post_thumbnail":0,"footnotes":""},"categories":[4],"tags":[],"class_list":["post-10741","post","type-post","status-publish","format-standard","hentry","category-aktuelles"],"_links":{"self":[{"href":"http:\/\/www.maria-koenigin.de\/index.php?rest_route=\/wp\/v2\/posts\/10741","targetHints":{"allow":["GET"]}}],"collection":[{"href":"http:\/\/www.maria-koenigin.de\/index.php?rest_route=\/wp\/v2\/posts"}],"about":[{"href":"http:\/\/www.maria-koenigin.de\/index.php?rest_route=\/wp\/v2\/types\/post"}],"author":[{"embeddable":true,"href":"http:\/\/www.maria-koenigin.de\/index.php?rest_route=\/wp\/v2\/users\/7"}],"replies":[{"embeddable":true,"href":"http:\/\/www.maria-koenigin.de\/index.php?rest_route=%2Fwp%2Fv2%2Fcomments&post=10741"}],"version-history":[{"count":1,"href":"http:\/\/www.maria-koenigin.de\/index.php?rest_route=\/wp\/v2\/posts\/10741\/revisions"}],"predecessor-version":[{"id":10744,"href":"http:\/\/www.maria-koenigin.de\/index.php?rest_route=\/wp\/v2\/posts\/10741\/revisions\/10744"}],"wp:attachment":[{"href":"http:\/\/www.maria-koenigin.de\/index.php?rest_route=%2Fwp%2Fv2%2Fmedia&parent=10741"}],"wp:term":[{"taxonomy":"category","embeddable":true,"href":"http:\/\/www.maria-koenigin.de\/index.php?rest_route=%2Fwp%2Fv2%2Fcategories&post=10741"},{"taxonomy":"post_tag","embeddable":true,"href":"http:\/\/www.maria-koenigin.de\/index.php?rest_route=%2Fwp%2Fv2%2Ftags&post=10741"}],"curies":[{"name":"wp","href":"https:\/\/api.w.org\/{rel}","templated":true}]}}