{"id":10756,"date":"2022-04-09T10:08:51","date_gmt":"2022-04-09T08:08:51","guid":{"rendered":"https:\/\/www.maria-koenigin.de\/?p=10756"},"modified":"2022-04-09T10:08:51","modified_gmt":"2022-04-09T08:08:51","slug":"erfolgreicher-tag-der-sauberkeit","status":"publish","type":"post","link":"http:\/\/www.maria-koenigin.de\/?p=10756","title":{"rendered":"Erfolgreicher Tag der Sauberkeit"},"content":{"rendered":"<p style=\"text-align: justify;\"><img loading=\"lazy\" decoding=\"async\" class=\"alignright wp-image-10760 size-full\" src=\"http:\/\/www.maria-koenigin.de\/wordpress\/wp-content\/uploads\/2022\/04\/Gruppe-klein.jpg\" alt=\"\" width=\"640\" height=\"440\" srcset=\"http:\/\/www.maria-koenigin.de\/wordpress\/wp-content\/uploads\/2022\/04\/Gruppe-klein.jpg 640w, http:\/\/www.maria-koenigin.de\/wordpress\/wp-content\/uploads\/2022\/04\/Gruppe-klein-300x206.jpg 300w, http:\/\/www.maria-koenigin.de\/wordpress\/wp-content\/uploads\/2022\/04\/Gruppe-klein-624x429.jpg 624w\" sizes=\"auto, (max-width: 640px) 100vw, 640px\" \/>Zum 30. \u201eTag der Sauberkeit\u201c hatte die Stadt Lennestadt am Samstag den 02.04. aufgerufen. Auch dieses Jahr war die Teilnahme am Tag der Sauberkeit ein voller \u201eErfolg\u201c. Man sagt: \u201eViele H\u00e4nde ein schnelles Ende.\u201c Aber \u201eAm Tag der Sauberkeit\u201c sorgten die vielen H\u00e4nde f\u00fcr volle M\u00fclls\u00e4cke.<!--more--><\/p>\n<p style=\"text-align: justify;\"><img loading=\"lazy\" decoding=\"async\" class=\"alignright wp-image-10758 size-large\" src=\"http:\/\/www.maria-koenigin.de\/wordpress\/wp-content\/uploads\/2022\/04\/P1020310-1024x768.jpg\" alt=\"\" width=\"625\" height=\"469\" srcset=\"http:\/\/www.maria-koenigin.de\/wordpress\/wp-content\/uploads\/2022\/04\/P1020310-1024x768.jpg 1024w, http:\/\/www.maria-koenigin.de\/wordpress\/wp-content\/uploads\/2022\/04\/P1020310-300x225.jpg 300w, http:\/\/www.maria-koenigin.de\/wordpress\/wp-content\/uploads\/2022\/04\/P1020310-768x576.jpg 768w, http:\/\/www.maria-koenigin.de\/wordpress\/wp-content\/uploads\/2022\/04\/P1020310-1536x1152.jpg 1536w, http:\/\/www.maria-koenigin.de\/wordpress\/wp-content\/uploads\/2022\/04\/P1020310-2048x1536.jpg 2048w, http:\/\/www.maria-koenigin.de\/wordpress\/wp-content\/uploads\/2022\/04\/P1020310-624x468.jpg 624w\" sizes=\"auto, (max-width: 625px) 100vw, 625px\" \/>Die 62 Sch\u00fclerinnen und Sch\u00fcler mit Lehrer Moritz Th\u00f6ne waren mit gro\u00dfer Begeisterung dabei und s\u00e4uberten den Klosterweg von achtlos entsorgtem M\u00fcll (Autoreifen, Bierflaschen, Plastikt\u00fcten, Mund \u2013 Nasenbedeckungen etc.).<\/p>\n<p style=\"text-align: justify;\">Als Dankesch\u00f6n bekamen die Sch\u00fclerinnen und Sch\u00fcler eine Tafel Schokolade sowie einen Gutschein f\u00fcr verschiedene Freizeitaktivit\u00e4ten in der Stadt Lennestadt.<\/p>\n<p><img loading=\"lazy\" decoding=\"async\" class=\"alignright wp-image-10759 size-full\" src=\"http:\/\/www.maria-koenigin.de\/wordpress\/wp-content\/uploads\/2022\/04\/Suberkeit-klein.jpg\" alt=\"\" width=\"640\" height=\"480\" srcset=\"http:\/\/www.maria-koenigin.de\/wordpress\/wp-content\/uploads\/2022\/04\/Suberkeit-klein.jpg 640w, http:\/\/www.maria-koenigin.de\/wordpress\/wp-content\/uploads\/2022\/04\/Suberkeit-klein-300x225.jpg 300w, http:\/\/www.maria-koenigin.de\/wordpress\/wp-content\/uploads\/2022\/04\/Suberkeit-klein-624x468.jpg 624w\" sizes=\"auto, (max-width: 640px) 100vw, 640px\" \/><\/p>\n","protected":false},"excerpt":{"rendered":"<p>Zum 30. \u201eTag der Sauberkeit\u201c hatte die Stadt Lennestadt am Samstag den 02.04. aufgerufen. Auch dieses Jahr war die Teilnahme am Tag der Sauberkeit ein voller \u201eErfolg\u201c. Man sagt: \u201eViele H\u00e4nde ein schnelles Ende.\u201c Aber \u201eAm Tag der Sauberkeit\u201c sorgten die vielen H\u00e4nde f\u00fcr volle M\u00fclls\u00e4cke.<\/p>\n","protected":false},"author":7,"featured_media":0,"comment_status":"closed","ping_status":"closed","sticky":false,"template":"","format":"standard","meta":{"ngg_post_thumbnail":0,"footnotes":""},"categories":[4],"tags":[],"class_list":["post-10756","post","type-post","status-publish","format-standard","hentry","category-aktuelles"],"_links":{"self":[{"href":"http:\/\/www.maria-koenigin.de\/index.php?rest_route=\/wp\/v2\/posts\/10756","targetHints":{"allow":["GET"]}}],"collection":[{"href":"http:\/\/www.maria-koenigin.de\/index.php?rest_route=\/wp\/v2\/posts"}],"about":[{"href":"http:\/\/www.maria-koenigin.de\/index.php?rest_route=\/wp\/v2\/types\/post"}],"author":[{"embeddable":true,"href":"http:\/\/www.maria-koenigin.de\/index.php?rest_route=\/wp\/v2\/users\/7"}],"replies":[{"embeddable":true,"href":"http:\/\/www.maria-koenigin.de\/index.php?rest_route=%2Fwp%2Fv2%2Fcomments&post=10756"}],"version-history":[{"count":2,"href":"http:\/\/www.maria-koenigin.de\/index.php?rest_route=\/wp\/v2\/posts\/10756\/revisions"}],"predecessor-version":[{"id":10762,"href":"http:\/\/www.maria-koenigin.de\/index.php?rest_route=\/wp\/v2\/posts\/10756\/revisions\/10762"}],"wp:attachment":[{"href":"http:\/\/www.maria-koenigin.de\/index.php?rest_route=%2Fwp%2Fv2%2Fmedia&parent=10756"}],"wp:term":[{"taxonomy":"category","embeddable":true,"href":"http:\/\/www.maria-koenigin.de\/index.php?rest_route=%2Fwp%2Fv2%2Fcategories&post=10756"},{"taxonomy":"post_tag","embeddable":true,"href":"http:\/\/www.maria-koenigin.de\/index.php?rest_route=%2Fwp%2Fv2%2Ftags&post=10756"}],"curies":[{"name":"wp","href":"https:\/\/api.w.org\/{rel}","templated":true}]}}