{"id":10882,"date":"2022-07-04T07:26:33","date_gmt":"2022-07-04T05:26:33","guid":{"rendered":"http:\/\/www.maria-koenigin.de\/?p=10882"},"modified":"2022-06-20T20:46:01","modified_gmt":"2022-06-20T18:46:01","slug":"gemeinsam-fuer-europa-austauschbegegnung-in-strassburg","status":"publish","type":"post","link":"http:\/\/www.maria-koenigin.de\/?p=10882","title":{"rendered":"Gemeinsam f\u00fcr Europa: Austauschbegegnung in Stra\u00dfburg"},"content":{"rendered":"<p><img loading=\"lazy\" decoding=\"async\" class=\"alignnone size-full wp-image-10883\" src=\"http:\/\/www.maria-koenigin.de\/wordpress\/wp-content\/uploads\/2022\/06\/Frankreich-1.jpg\" alt=\"\" width=\"640\" height=\"288\" srcset=\"http:\/\/www.maria-koenigin.de\/wordpress\/wp-content\/uploads\/2022\/06\/Frankreich-1.jpg 640w, http:\/\/www.maria-koenigin.de\/wordpress\/wp-content\/uploads\/2022\/06\/Frankreich-1-300x135.jpg 300w, http:\/\/www.maria-koenigin.de\/wordpress\/wp-content\/uploads\/2022\/06\/Frankreich-1-624x281.jpg 624w\" sizes=\"auto, (max-width: 640px) 100vw, 640px\" \/><\/p>\n<p style=\"text-align: justify;\">Mit unserer neuen Partnerschule in Frankreich, dem Coll\u00e8ge Ren\u00e9 Bernier in St.-S\u00e9bastien-sur-Loire (bei Nantes), fand vom 13. bis 17. Juni 2022 eine spannende Begegnung in Stra\u00dfburg statt, an der 32 Sch\u00fcler:innen unserer Jahrgangsstufe 8 und 24 franz\u00f6sische Partner:innen teilnahmen. Gef\u00f6rdert wurde das Projekt vom Deutsch-Franz\u00f6sischen Jugendwerk. Das gemeinsame Kennenlernen erfolgte <!--more-->bei Spiel und Sport, einer Bootsfahrt auf der Ill mit anschlie\u00dfender Stadtrallye sowie interessanten Workshops zum Thema Europa, die durch einen Besuch des Europ\u00e4ischen Viertels abgerundet wurden.<\/p>\n<p><img loading=\"lazy\" decoding=\"async\" class=\"alignnone size-full wp-image-10884\" src=\"http:\/\/www.maria-koenigin.de\/wordpress\/wp-content\/uploads\/2022\/06\/Frankreich-2.jpg\" alt=\"\" width=\"640\" height=\"480\" srcset=\"http:\/\/www.maria-koenigin.de\/wordpress\/wp-content\/uploads\/2022\/06\/Frankreich-2.jpg 640w, http:\/\/www.maria-koenigin.de\/wordpress\/wp-content\/uploads\/2022\/06\/Frankreich-2-300x225.jpg 300w, http:\/\/www.maria-koenigin.de\/wordpress\/wp-content\/uploads\/2022\/06\/Frankreich-2-624x468.jpg 624w\" sizes=\"auto, (max-width: 640px) 100vw, 640px\" \/> <img loading=\"lazy\" decoding=\"async\" class=\"alignnone size-full wp-image-10885\" src=\"http:\/\/www.maria-koenigin.de\/wordpress\/wp-content\/uploads\/2022\/06\/Frankreich-3.jpg\" alt=\"\" width=\"640\" height=\"480\" srcset=\"http:\/\/www.maria-koenigin.de\/wordpress\/wp-content\/uploads\/2022\/06\/Frankreich-3.jpg 640w, http:\/\/www.maria-koenigin.de\/wordpress\/wp-content\/uploads\/2022\/06\/Frankreich-3-300x225.jpg 300w, http:\/\/www.maria-koenigin.de\/wordpress\/wp-content\/uploads\/2022\/06\/Frankreich-3-624x468.jpg 624w\" sizes=\"auto, (max-width: 640px) 100vw, 640px\" \/><\/p>\n<p><img loading=\"lazy\" decoding=\"async\" class=\"alignnone size-full wp-image-10887\" src=\"http:\/\/www.maria-koenigin.de\/wordpress\/wp-content\/uploads\/2022\/06\/Frankreich-4.jpg\" alt=\"\" width=\"640\" height=\"853\" srcset=\"http:\/\/www.maria-koenigin.de\/wordpress\/wp-content\/uploads\/2022\/06\/Frankreich-4.jpg 640w, http:\/\/www.maria-koenigin.de\/wordpress\/wp-content\/uploads\/2022\/06\/Frankreich-4-225x300.jpg 225w, http:\/\/www.maria-koenigin.de\/wordpress\/wp-content\/uploads\/2022\/06\/Frankreich-4-624x832.jpg 624w\" sizes=\"auto, (max-width: 640px) 100vw, 640px\" \/><\/p>\n","protected":false},"excerpt":{"rendered":"<p>Mit unserer neuen Partnerschule in Frankreich, dem Coll\u00e8ge Ren\u00e9 Bernier in St.-S\u00e9bastien-sur-Loire (bei Nantes), fand vom 13. bis 17. Juni 2022 eine spannende Begegnung in Stra\u00dfburg statt, an der 32 Sch\u00fcler:innen unserer Jahrgangsstufe 8 und 24 franz\u00f6sische Partner:innen teilnahmen. Gef\u00f6rdert wurde das Projekt vom Deutsch-Franz\u00f6sischen Jugendwerk. Das gemeinsame Kennenlernen erfolgte<\/p>\n","protected":false},"author":8,"featured_media":0,"comment_status":"closed","ping_status":"closed","sticky":false,"template":"","format":"standard","meta":{"ngg_post_thumbnail":0,"footnotes":""},"categories":[4],"tags":[],"class_list":["post-10882","post","type-post","status-publish","format-standard","hentry","category-aktuelles"],"_links":{"self":[{"href":"http:\/\/www.maria-koenigin.de\/index.php?rest_route=\/wp\/v2\/posts\/10882","targetHints":{"allow":["GET"]}}],"collection":[{"href":"http:\/\/www.maria-koenigin.de\/index.php?rest_route=\/wp\/v2\/posts"}],"about":[{"href":"http:\/\/www.maria-koenigin.de\/index.php?rest_route=\/wp\/v2\/types\/post"}],"author":[{"embeddable":true,"href":"http:\/\/www.maria-koenigin.de\/index.php?rest_route=\/wp\/v2\/users\/8"}],"replies":[{"embeddable":true,"href":"http:\/\/www.maria-koenigin.de\/index.php?rest_route=%2Fwp%2Fv2%2Fcomments&post=10882"}],"version-history":[{"count":3,"href":"http:\/\/www.maria-koenigin.de\/index.php?rest_route=\/wp\/v2\/posts\/10882\/revisions"}],"predecessor-version":[{"id":10889,"href":"http:\/\/www.maria-koenigin.de\/index.php?rest_route=\/wp\/v2\/posts\/10882\/revisions\/10889"}],"wp:attachment":[{"href":"http:\/\/www.maria-koenigin.de\/index.php?rest_route=%2Fwp%2Fv2%2Fmedia&parent=10882"}],"wp:term":[{"taxonomy":"category","embeddable":true,"href":"http:\/\/www.maria-koenigin.de\/index.php?rest_route=%2Fwp%2Fv2%2Fcategories&post=10882"},{"taxonomy":"post_tag","embeddable":true,"href":"http:\/\/www.maria-koenigin.de\/index.php?rest_route=%2Fwp%2Fv2%2Ftags&post=10882"}],"curies":[{"name":"wp","href":"https:\/\/api.w.org\/{rel}","templated":true}]}}