{"id":10995,"date":"2022-08-07T10:23:44","date_gmt":"2022-08-07T08:23:44","guid":{"rendered":"http:\/\/www.maria-koenigin.de\/?p=10995"},"modified":"2022-08-08T17:32:17","modified_gmt":"2022-08-08T15:32:17","slug":"infos-zum-ersten-schultag","status":"publish","type":"post","link":"http:\/\/www.maria-koenigin.de\/?p=10995","title":{"rendered":"Infos zum ersten Schultag"},"content":{"rendered":"<p style=\"text-align: justify;\"><img loading=\"lazy\" decoding=\"async\" class=\"alignnone size-full wp-image-10891\" src=\"http:\/\/www.maria-koenigin.de\/wordpress\/wp-content\/uploads\/2022\/06\/1.jpg\" alt=\"\" width=\"640\" height=\"480\" srcset=\"http:\/\/www.maria-koenigin.de\/wordpress\/wp-content\/uploads\/2022\/06\/1.jpg 640w, http:\/\/www.maria-koenigin.de\/wordpress\/wp-content\/uploads\/2022\/06\/1-300x225.jpg 300w, http:\/\/www.maria-koenigin.de\/wordpress\/wp-content\/uploads\/2022\/06\/1-624x468.jpg 624w\" sizes=\"auto, (max-width: 640px) 100vw, 640px\" \/><br \/>\nAm Mittwoch startet das neue Schuljahr f\u00fcr \u00fcber 700 Sch\u00fclerinnen und Sch\u00fcler sowie Lehrende an unserem Gymnasium. Mit dem Blick zur\u00fcck auf sch\u00f6ne und sonnige Ferien freuen wir uns auf den Wiederbeginn, auf die Freundinnen und Freunde sowie auf neue F\u00e4cher im neuen Schuljahr. Wir Lehrer freuen uns auf jeden Fall schon riesig auf unsere Sch\u00fclerinnen und Sch\u00fcler \ud83d\ude09<\/p>\n<p style=\"text-align: justify;\">Damit jeder seinen neuen Klassenraum am Mittwoch findet, gibt es hier die Auflistung: <!--more--><\/p>\n<ul>\n<li>6a von Herrn Sch\u00f6rmann: A3.1<\/li>\n<li>6b von Frau Lingemann: A3.2<\/li>\n<li>6c von Herrn Kresin: A2.1<\/li>\n<li>7a von Frau Schriek: C2.2<\/li>\n<li>7b von Frau Beul: C3.3<\/li>\n<li>7c von Herr Rettler: C3.5<\/li>\n<li>7d von Frau Wirtz: C3.1<\/li>\n<li>8a von Frau Pinner: C2.3<\/li>\n<li>8b von Frau Fr\u00f6hlich: C2.1<\/li>\n<li>8c von Frau Clemens: C2.5<\/li>\n<li>9a von Frau Skala: C2.6<\/li>\n<li>9b von Herrn Tr\u00f6ster: C3.6<\/li>\n<li>9c von Herrn Scherer: C3.7<\/li>\n<li>die EF trifft sich in der unteren Pausenhalle<\/li>\n<li>die Q1 trifft sich im Konferenzsaal und<\/li>\n<li>die Q2 trifft sich im Bio-H\u00f6rsaal<\/li>\n<\/ul>\n<p>F\u00fcr die Jahrgangsstufe 5 beginnt der Einschulungsgottesdienst um 9.30 Uhr in der Turnhalle.<\/p>\n","protected":false},"excerpt":{"rendered":"<p>Am Mittwoch startet das neue Schuljahr f\u00fcr \u00fcber 700 Sch\u00fclerinnen und Sch\u00fcler sowie Lehrende an unserem Gymnasium. Mit dem Blick zur\u00fcck auf sch\u00f6ne und sonnige Ferien freuen wir uns auf den Wiederbeginn, auf die Freundinnen und Freunde sowie auf neue F\u00e4cher im neuen Schuljahr. Wir Lehrer freuen uns auf jeden Fall schon riesig auf unsere [&hellip;]<\/p>\n","protected":false},"author":8,"featured_media":0,"comment_status":"closed","ping_status":"closed","sticky":false,"template":"","format":"standard","meta":{"ngg_post_thumbnail":0,"footnotes":""},"categories":[4],"tags":[],"class_list":["post-10995","post","type-post","status-publish","format-standard","hentry","category-aktuelles"],"_links":{"self":[{"href":"http:\/\/www.maria-koenigin.de\/index.php?rest_route=\/wp\/v2\/posts\/10995","targetHints":{"allow":["GET"]}}],"collection":[{"href":"http:\/\/www.maria-koenigin.de\/index.php?rest_route=\/wp\/v2\/posts"}],"about":[{"href":"http:\/\/www.maria-koenigin.de\/index.php?rest_route=\/wp\/v2\/types\/post"}],"author":[{"embeddable":true,"href":"http:\/\/www.maria-koenigin.de\/index.php?rest_route=\/wp\/v2\/users\/8"}],"replies":[{"embeddable":true,"href":"http:\/\/www.maria-koenigin.de\/index.php?rest_route=%2Fwp%2Fv2%2Fcomments&post=10995"}],"version-history":[{"count":6,"href":"http:\/\/www.maria-koenigin.de\/index.php?rest_route=\/wp\/v2\/posts\/10995\/revisions"}],"predecessor-version":[{"id":11001,"href":"http:\/\/www.maria-koenigin.de\/index.php?rest_route=\/wp\/v2\/posts\/10995\/revisions\/11001"}],"wp:attachment":[{"href":"http:\/\/www.maria-koenigin.de\/index.php?rest_route=%2Fwp%2Fv2%2Fmedia&parent=10995"}],"wp:term":[{"taxonomy":"category","embeddable":true,"href":"http:\/\/www.maria-koenigin.de\/index.php?rest_route=%2Fwp%2Fv2%2Fcategories&post=10995"},{"taxonomy":"post_tag","embeddable":true,"href":"http:\/\/www.maria-koenigin.de\/index.php?rest_route=%2Fwp%2Fv2%2Ftags&post=10995"}],"curies":[{"name":"wp","href":"https:\/\/api.w.org\/{rel}","templated":true}]}}