{"id":11017,"date":"2022-08-25T23:59:33","date_gmt":"2022-08-25T21:59:33","guid":{"rendered":"https:\/\/www.maria-koenigin.de\/?p=11017"},"modified":"2022-08-25T23:59:33","modified_gmt":"2022-08-25T21:59:33","slug":"unabhaengigkeitstag-der-ukraine-auch-bei-uns","status":"publish","type":"post","link":"http:\/\/www.maria-koenigin.de\/?p=11017","title":{"rendered":"Unabh\u00e4ngigkeitstag der Ukraine auch bei uns"},"content":{"rendered":"<p style=\"text-align: justify;\"><img loading=\"lazy\" decoding=\"async\" class=\"alignright wp-image-11018 size-full\" src=\"http:\/\/www.maria-koenigin.de\/wordpress\/wp-content\/uploads\/2022\/08\/Ukraine-klein.jpg\" alt=\"\" width=\"640\" height=\"480\" srcset=\"http:\/\/www.maria-koenigin.de\/wordpress\/wp-content\/uploads\/2022\/08\/Ukraine-klein.jpg 640w, http:\/\/www.maria-koenigin.de\/wordpress\/wp-content\/uploads\/2022\/08\/Ukraine-klein-300x225.jpg 300w, http:\/\/www.maria-koenigin.de\/wordpress\/wp-content\/uploads\/2022\/08\/Ukraine-klein-624x468.jpg 624w\" sizes=\"auto, (max-width: 640px) 100vw, 640px\" \/>Am Mittwoch war ein besonderer Tag f\u00fcr unsere ukrainischen Sch\u00fclerinnen und Sch\u00fcler. Im DaZ-Unterricht berichteten sie von dem Unabh\u00e4ngigkeitstag. Am 24. August erinnert das Land an die Unabh\u00e4ngigkeitserkl\u00e4rung von der Sowjetunion im Jahr 1991. In diesem Jahr wurden Gro\u00dfveranstaltungen aus Angst vor russischen Angriffen abgesagt.<\/p>\n<p style=\"text-align: justify;\">Insbesondere zu diesem Tag w\u00fcnschen wir unseren ukrainischen Sch\u00fclerinnen und Sch\u00fclern und ihren Familien alles Gute!<\/p>\n","protected":false},"excerpt":{"rendered":"<p>Am Mittwoch war ein besonderer Tag f\u00fcr unsere ukrainischen Sch\u00fclerinnen und Sch\u00fcler. Im DaZ-Unterricht berichteten sie von dem Unabh\u00e4ngigkeitstag. Am 24. August erinnert das Land an die Unabh\u00e4ngigkeitserkl\u00e4rung von der Sowjetunion im Jahr 1991. In diesem Jahr wurden Gro\u00dfveranstaltungen aus Angst vor russischen Angriffen abgesagt. Insbesondere zu diesem Tag w\u00fcnschen wir unseren ukrainischen Sch\u00fclerinnen und [&hellip;]<\/p>\n","protected":false},"author":7,"featured_media":0,"comment_status":"closed","ping_status":"closed","sticky":false,"template":"","format":"standard","meta":{"ngg_post_thumbnail":0,"footnotes":""},"categories":[4],"tags":[],"class_list":["post-11017","post","type-post","status-publish","format-standard","hentry","category-aktuelles"],"_links":{"self":[{"href":"http:\/\/www.maria-koenigin.de\/index.php?rest_route=\/wp\/v2\/posts\/11017","targetHints":{"allow":["GET"]}}],"collection":[{"href":"http:\/\/www.maria-koenigin.de\/index.php?rest_route=\/wp\/v2\/posts"}],"about":[{"href":"http:\/\/www.maria-koenigin.de\/index.php?rest_route=\/wp\/v2\/types\/post"}],"author":[{"embeddable":true,"href":"http:\/\/www.maria-koenigin.de\/index.php?rest_route=\/wp\/v2\/users\/7"}],"replies":[{"embeddable":true,"href":"http:\/\/www.maria-koenigin.de\/index.php?rest_route=%2Fwp%2Fv2%2Fcomments&post=11017"}],"version-history":[{"count":1,"href":"http:\/\/www.maria-koenigin.de\/index.php?rest_route=\/wp\/v2\/posts\/11017\/revisions"}],"predecessor-version":[{"id":11019,"href":"http:\/\/www.maria-koenigin.de\/index.php?rest_route=\/wp\/v2\/posts\/11017\/revisions\/11019"}],"wp:attachment":[{"href":"http:\/\/www.maria-koenigin.de\/index.php?rest_route=%2Fwp%2Fv2%2Fmedia&parent=11017"}],"wp:term":[{"taxonomy":"category","embeddable":true,"href":"http:\/\/www.maria-koenigin.de\/index.php?rest_route=%2Fwp%2Fv2%2Fcategories&post=11017"},{"taxonomy":"post_tag","embeddable":true,"href":"http:\/\/www.maria-koenigin.de\/index.php?rest_route=%2Fwp%2Fv2%2Ftags&post=11017"}],"curies":[{"name":"wp","href":"https:\/\/api.w.org\/{rel}","templated":true}]}}