{"id":11021,"date":"2022-08-28T22:51:59","date_gmt":"2022-08-28T20:51:59","guid":{"rendered":"https:\/\/www.maria-koenigin.de\/?p=11021"},"modified":"2022-08-28T22:51:59","modified_gmt":"2022-08-28T20:51:59","slug":"einen-schritt-naeher-kommen","status":"publish","type":"post","link":"http:\/\/www.maria-koenigin.de\/?p=11021","title":{"rendered":"\u201eEinen Schritt n\u00e4her kommen\u201c"},"content":{"rendered":"<p><img loading=\"lazy\" decoding=\"async\" class=\"alignright wp-image-11022 size-full\" src=\"http:\/\/www.maria-koenigin.de\/wordpress\/wp-content\/uploads\/2022\/08\/Wallfahrt-Gesang.jpg\" alt=\"\" width=\"640\" height=\"427\" srcset=\"http:\/\/www.maria-koenigin.de\/wordpress\/wp-content\/uploads\/2022\/08\/Wallfahrt-Gesang.jpg 640w, http:\/\/www.maria-koenigin.de\/wordpress\/wp-content\/uploads\/2022\/08\/Wallfahrt-Gesang-300x200.jpg 300w, http:\/\/www.maria-koenigin.de\/wordpress\/wp-content\/uploads\/2022\/08\/Wallfahrt-Gesang-624x416.jpg 624w\" sizes=\"auto, (max-width: 640px) 100vw, 640px\" \/><\/p>\n<p style=\"text-align: justify;\">Bei der diesj\u00e4hrigen Wallfahrt zum Kohlhagen gab es einen eindrucksvollen Moment. 700 Sch\u00fclerinnen und Sch\u00fcler waren f\u00fcr eine Minute absolut still. Dazu eingeladen hatte sie der Klang einer Glocke, in Anlehnung an die Peace Bell des Pops\u00e4nger Michael Patrick Kelly. <!--more--><\/p>\n<p style=\"text-align: justify;\"><img loading=\"lazy\" decoding=\"async\" class=\"alignright wp-image-11024 size-full\" src=\"http:\/\/www.maria-koenigin.de\/wordpress\/wp-content\/uploads\/2022\/08\/Wallfahrt-Gesamtblick-klein.jpg\" alt=\"\" width=\"640\" height=\"427\" srcset=\"http:\/\/www.maria-koenigin.de\/wordpress\/wp-content\/uploads\/2022\/08\/Wallfahrt-Gesamtblick-klein.jpg 640w, http:\/\/www.maria-koenigin.de\/wordpress\/wp-content\/uploads\/2022\/08\/Wallfahrt-Gesamtblick-klein-300x200.jpg 300w, http:\/\/www.maria-koenigin.de\/wordpress\/wp-content\/uploads\/2022\/08\/Wallfahrt-Gesamtblick-klein-624x416.jpg 624w\" sizes=\"auto, (max-width: 640px) 100vw, 640px\" \/><\/p>\n<p style=\"text-align: justify;\">Das Thema der diesj\u00e4hrigen Wallfahrt war die Abkehr vom Egoismus und das Aufeinanderzugehen. \u201eJeder soll von da, wo er ist, einen Schritt n\u00e4herkommen.\u201c \u2013 Mit diesem Zitat des Schriftstellers Navid Kermani wurde deutlich, wie einfach es ist, sich anzun\u00e4hern. \u00a0\u00a0<img loading=\"lazy\" decoding=\"async\" class=\"alignright wp-image-11023 size-full\" src=\"http:\/\/www.maria-koenigin.de\/wordpress\/wp-content\/uploads\/2022\/08\/Wallfahrt-Altar-klein.jpg\" alt=\"\" width=\"640\" height=\"427\" srcset=\"http:\/\/www.maria-koenigin.de\/wordpress\/wp-content\/uploads\/2022\/08\/Wallfahrt-Altar-klein.jpg 640w, http:\/\/www.maria-koenigin.de\/wordpress\/wp-content\/uploads\/2022\/08\/Wallfahrt-Altar-klein-300x200.jpg 300w, http:\/\/www.maria-koenigin.de\/wordpress\/wp-content\/uploads\/2022\/08\/Wallfahrt-Altar-klein-624x416.jpg 624w\" sizes=\"auto, (max-width: 640px) 100vw, 640px\" \/><\/p>\n<p style=\"text-align: justify;\">Aus unterschiedlichen Richtungen hatten sich die Klassen und Stufen auf den Weg zum Kohlhagen gemacht. Dort feierten sie mit den beiden Pallottiner-Patres Siegfried Modenbach und J\u00fcrgen Heite einen Gottesdienst, der von einer Sch\u00fclerband musikalisch gestaltet wurde.<img loading=\"lazy\" decoding=\"async\" class=\"alignright wp-image-11025 size-full\" src=\"http:\/\/www.maria-koenigin.de\/wordpress\/wp-content\/uploads\/2022\/08\/Wallfahrt-Spass.jpg\" alt=\"\" width=\"640\" height=\"427\" srcset=\"http:\/\/www.maria-koenigin.de\/wordpress\/wp-content\/uploads\/2022\/08\/Wallfahrt-Spass.jpg 640w, http:\/\/www.maria-koenigin.de\/wordpress\/wp-content\/uploads\/2022\/08\/Wallfahrt-Spass-300x200.jpg 300w, http:\/\/www.maria-koenigin.de\/wordpress\/wp-content\/uploads\/2022\/08\/Wallfahrt-Spass-624x416.jpg 624w\" sizes=\"auto, (max-width: 640px) 100vw, 640px\" \/><\/p>\n","protected":false},"excerpt":{"rendered":"<p>Bei der diesj\u00e4hrigen Wallfahrt zum Kohlhagen gab es einen eindrucksvollen Moment. 700 Sch\u00fclerinnen und Sch\u00fcler waren f\u00fcr eine Minute absolut still. Dazu eingeladen hatte sie der Klang einer Glocke, in Anlehnung an die Peace Bell des Pops\u00e4nger Michael Patrick Kelly.<\/p>\n","protected":false},"author":7,"featured_media":0,"comment_status":"closed","ping_status":"closed","sticky":false,"template":"","format":"standard","meta":{"ngg_post_thumbnail":0,"footnotes":""},"categories":[4],"tags":[],"class_list":["post-11021","post","type-post","status-publish","format-standard","hentry","category-aktuelles"],"_links":{"self":[{"href":"http:\/\/www.maria-koenigin.de\/index.php?rest_route=\/wp\/v2\/posts\/11021","targetHints":{"allow":["GET"]}}],"collection":[{"href":"http:\/\/www.maria-koenigin.de\/index.php?rest_route=\/wp\/v2\/posts"}],"about":[{"href":"http:\/\/www.maria-koenigin.de\/index.php?rest_route=\/wp\/v2\/types\/post"}],"author":[{"embeddable":true,"href":"http:\/\/www.maria-koenigin.de\/index.php?rest_route=\/wp\/v2\/users\/7"}],"replies":[{"embeddable":true,"href":"http:\/\/www.maria-koenigin.de\/index.php?rest_route=%2Fwp%2Fv2%2Fcomments&post=11021"}],"version-history":[{"count":1,"href":"http:\/\/www.maria-koenigin.de\/index.php?rest_route=\/wp\/v2\/posts\/11021\/revisions"}],"predecessor-version":[{"id":11026,"href":"http:\/\/www.maria-koenigin.de\/index.php?rest_route=\/wp\/v2\/posts\/11021\/revisions\/11026"}],"wp:attachment":[{"href":"http:\/\/www.maria-koenigin.de\/index.php?rest_route=%2Fwp%2Fv2%2Fmedia&parent=11021"}],"wp:term":[{"taxonomy":"category","embeddable":true,"href":"http:\/\/www.maria-koenigin.de\/index.php?rest_route=%2Fwp%2Fv2%2Fcategories&post=11021"},{"taxonomy":"post_tag","embeddable":true,"href":"http:\/\/www.maria-koenigin.de\/index.php?rest_route=%2Fwp%2Fv2%2Ftags&post=11021"}],"curies":[{"name":"wp","href":"https:\/\/api.w.org\/{rel}","templated":true}]}}