{"id":11027,"date":"2022-08-29T21:41:19","date_gmt":"2022-08-29T19:41:19","guid":{"rendered":"https:\/\/www.maria-koenigin.de\/?p=11027"},"modified":"2022-08-29T22:08:24","modified_gmt":"2022-08-29T20:08:24","slug":"erfolgreiches-team-mk-beim-firmenlauf","status":"publish","type":"post","link":"http:\/\/www.maria-koenigin.de\/?p=11027","title":{"rendered":"Erfolgreiches Team MK beim Firmenlauf"},"content":{"rendered":"<p style=\"text-align: justify;\"><img loading=\"lazy\" decoding=\"async\" class=\"alignright wp-image-11028 size-full\" src=\"http:\/\/www.maria-koenigin.de\/wordpress\/wp-content\/uploads\/2022\/08\/Team-MK-Kollegen-klein.jpg\" alt=\"\" width=\"640\" height=\"853\" srcset=\"http:\/\/www.maria-koenigin.de\/wordpress\/wp-content\/uploads\/2022\/08\/Team-MK-Kollegen-klein.jpg 640w, http:\/\/www.maria-koenigin.de\/wordpress\/wp-content\/uploads\/2022\/08\/Team-MK-Kollegen-klein-225x300.jpg 225w, http:\/\/www.maria-koenigin.de\/wordpress\/wp-content\/uploads\/2022\/08\/Team-MK-Kollegen-klein-624x832.jpg 624w\" sizes=\"auto, (max-width: 640px) 100vw, 640px\" \/>Mit zwei Teams und acht Teilnehmern war unsere Schule beim Lennest\u00e4dter Firmenlauf beteiligt \u2013 und das mit gro\u00dfem Erfolg. Das Team der Lehrer Steffen Hebbeker, Peter Peil, Tobias Riesel und Nico Rettler \u00a0errang mit tollen Zeiten den 2. Platz in der Gesamtwertung und Steffen Hebbeker lief in der Einzelwertung ebenfalls als 2. durchs Ziel. <!--more--><\/p>\n<p style=\"text-align: justify;\"><a href=\"http:\/\/www.maria-koenigin.de\/wordpress\/wp-content\/uploads\/2022\/08\/Teams-MK-mit-SuS.jpg\"><img loading=\"lazy\" decoding=\"async\" class=\"alignright size-full wp-image-11029\" src=\"http:\/\/www.maria-koenigin.de\/wordpress\/wp-content\/uploads\/2022\/08\/Teams-MK-mit-SuS.jpg\" alt=\"\" width=\"640\" height=\"480\" srcset=\"http:\/\/www.maria-koenigin.de\/wordpress\/wp-content\/uploads\/2022\/08\/Teams-MK-mit-SuS.jpg 640w, http:\/\/www.maria-koenigin.de\/wordpress\/wp-content\/uploads\/2022\/08\/Teams-MK-mit-SuS-300x225.jpg 300w, http:\/\/www.maria-koenigin.de\/wordpress\/wp-content\/uploads\/2022\/08\/Teams-MK-mit-SuS-624x468.jpg 624w\" sizes=\"auto, (max-width: 640px) 100vw, 640px\" \/><\/a>Die Rundstrecke durch Altenhundem wurde drei Mal absolviert und hatte eine Gesamtl\u00e4nge von 5,7 Kilometern. Im zweiten Team waren neben dem stellvertretenden Schulleiter Christoph Tebr\u00fcgge auch die beiden Sch\u00fcler Lars Frankebach und Justus Alff vertreten. Neben dem sportlichen Erfolg hatten die Teilnehmer auch viel Spa\u00df und genossen die gut organisierte Veranstaltung des Stadtsportverbandes. Die Verabredung f\u00fcr die erneute Teilnahme das n\u00e4chste Jahr steht schon und dann wird m\u00f6glicherweise auch eine Frauenmannschaft am Start sein. <a href=\"http:\/\/www.maria-koenigin.de\/wordpress\/wp-content\/uploads\/2022\/08\/steffen-Hebbecker.jpg\"><img loading=\"lazy\" decoding=\"async\" class=\"alignright size-full wp-image-11030\" src=\"http:\/\/www.maria-koenigin.de\/wordpress\/wp-content\/uploads\/2022\/08\/steffen-Hebbecker.jpg\" alt=\"\" width=\"640\" height=\"853\" srcset=\"http:\/\/www.maria-koenigin.de\/wordpress\/wp-content\/uploads\/2022\/08\/steffen-Hebbecker.jpg 640w, http:\/\/www.maria-koenigin.de\/wordpress\/wp-content\/uploads\/2022\/08\/steffen-Hebbecker-225x300.jpg 225w, http:\/\/www.maria-koenigin.de\/wordpress\/wp-content\/uploads\/2022\/08\/steffen-Hebbecker-624x832.jpg 624w\" sizes=\"auto, (max-width: 640px) 100vw, 640px\" \/><\/a><\/p>\n","protected":false},"excerpt":{"rendered":"<p>Mit zwei Teams und acht Teilnehmern war unsere Schule beim Lennest\u00e4dter Firmenlauf beteiligt \u2013 und das mit gro\u00dfem Erfolg. Das Team der Lehrer Steffen Hebbeker, Peter Peil, Tobias Riesel und Nico Rettler \u00a0errang mit tollen Zeiten den 2. Platz in der Gesamtwertung und Steffen Hebbeker lief in der Einzelwertung ebenfalls als 2. durchs Ziel.<\/p>\n","protected":false},"author":7,"featured_media":0,"comment_status":"closed","ping_status":"closed","sticky":false,"template":"","format":"standard","meta":{"ngg_post_thumbnail":0,"footnotes":""},"categories":[4],"tags":[],"class_list":["post-11027","post","type-post","status-publish","format-standard","hentry","category-aktuelles"],"_links":{"self":[{"href":"http:\/\/www.maria-koenigin.de\/index.php?rest_route=\/wp\/v2\/posts\/11027","targetHints":{"allow":["GET"]}}],"collection":[{"href":"http:\/\/www.maria-koenigin.de\/index.php?rest_route=\/wp\/v2\/posts"}],"about":[{"href":"http:\/\/www.maria-koenigin.de\/index.php?rest_route=\/wp\/v2\/types\/post"}],"author":[{"embeddable":true,"href":"http:\/\/www.maria-koenigin.de\/index.php?rest_route=\/wp\/v2\/users\/7"}],"replies":[{"embeddable":true,"href":"http:\/\/www.maria-koenigin.de\/index.php?rest_route=%2Fwp%2Fv2%2Fcomments&post=11027"}],"version-history":[{"count":3,"href":"http:\/\/www.maria-koenigin.de\/index.php?rest_route=\/wp\/v2\/posts\/11027\/revisions"}],"predecessor-version":[{"id":11033,"href":"http:\/\/www.maria-koenigin.de\/index.php?rest_route=\/wp\/v2\/posts\/11027\/revisions\/11033"}],"wp:attachment":[{"href":"http:\/\/www.maria-koenigin.de\/index.php?rest_route=%2Fwp%2Fv2%2Fmedia&parent=11027"}],"wp:term":[{"taxonomy":"category","embeddable":true,"href":"http:\/\/www.maria-koenigin.de\/index.php?rest_route=%2Fwp%2Fv2%2Fcategories&post=11027"},{"taxonomy":"post_tag","embeddable":true,"href":"http:\/\/www.maria-koenigin.de\/index.php?rest_route=%2Fwp%2Fv2%2Ftags&post=11027"}],"curies":[{"name":"wp","href":"https:\/\/api.w.org\/{rel}","templated":true}]}}