{"id":11685,"date":"2023-01-19T19:25:40","date_gmt":"2023-01-19T18:25:40","guid":{"rendered":"http:\/\/www.maria-koenigin.de\/?p=11685"},"modified":"2023-01-19T19:25:40","modified_gmt":"2023-01-19T18:25:40","slug":"winterparty-und-elterninfo-machen-spass","status":"publish","type":"post","link":"http:\/\/www.maria-koenigin.de\/?p=11685","title":{"rendered":"Winterparty und Elterninfo machen Spa\u00df"},"content":{"rendered":"<p><img loading=\"lazy\" decoding=\"async\" class=\"alignnone size-full wp-image-11686\" src=\"http:\/\/www.maria-koenigin.de\/wordpress\/wp-content\/uploads\/2023\/01\/winterparty1.jpg\" alt=\"\" width=\"800\" height=\"533\" srcset=\"http:\/\/www.maria-koenigin.de\/wordpress\/wp-content\/uploads\/2023\/01\/winterparty1.jpg 800w, http:\/\/www.maria-koenigin.de\/wordpress\/wp-content\/uploads\/2023\/01\/winterparty1-300x200.jpg 300w, http:\/\/www.maria-koenigin.de\/wordpress\/wp-content\/uploads\/2023\/01\/winterparty1-768x512.jpg 768w, http:\/\/www.maria-koenigin.de\/wordpress\/wp-content\/uploads\/2023\/01\/winterparty1-624x416.jpg 624w\" sizes=\"auto, (max-width: 800px) 100vw, 800px\" \/><\/p>\n<p style=\"text-align: justify;\">Erg\u00e4nzend zum Tag der offenen T\u00fcr gab es in diesem Jahr einen Abend mit einer Informationsveranstaltung f\u00fcr die Eltern und einer \u201eWinterparty\u201c f\u00fcr die Kinder. Der Elternvortrag war bereits im letzten Jahr auf einem Abend&nbsp; ausgelagert worden. So konnten die Schulleitung und einige Lehrer die Eltern ausf\u00fchrlich \u00fcber die verschiedenen Aspekte des Schulwechsels und die Besonderheiten an Maria K\u00f6nigin informieren. F\u00fcr die Kinder gab es gleichzeitig ein Betreuungsangebot mit dem Schneemann<!--more--> \u201eOlaf\u201c aus der \u201eEisk\u00f6nigin\u201c, dem sie begeistert \u00fcber verschiedene Stationen folgten. Sie konnten unter anderem Musik machen, mit Hilfe des 3D-Drucks kleine Olafs gestalten, an einem Quiz teilnehmen und an einem Wettbewerb mit Lego-Robotern teilnehmen. Die gro\u00dfe Beteiligung von Eltern und Kindern und die Begeisterung vor allem der kleinen G\u00e4ste war deutlich sp\u00fcrbar. Am eigentlichen Tag der offenen T\u00fcr hatten die Eltern dann auch ausreichend Zeit, sich die Schule anzusehen. An der Vorbereitung des Abends war neben einigen Lehrern besonders die SV beteiligt. Einen sch\u00f6nen Eindruck des Abends bieten die tollen Fotos von Carolin Geisler.<\/p>\nngg_shortcode_0_placeholder\n","protected":false},"excerpt":{"rendered":"<p>Erg\u00e4nzend zum Tag der offenen T\u00fcr gab es in diesem Jahr einen Abend mit einer Informationsveranstaltung f\u00fcr die Eltern und einer \u201eWinterparty\u201c f\u00fcr die Kinder. Der Elternvortrag war bereits im letzten Jahr auf einem Abend&nbsp; ausgelagert worden. So konnten die Schulleitung und einige Lehrer die Eltern ausf\u00fchrlich \u00fcber die verschiedenen Aspekte des Schulwechsels und die [&hellip;]<\/p>\n","protected":false},"author":1,"featured_media":0,"comment_status":"closed","ping_status":"closed","sticky":false,"template":"","format":"standard","meta":{"ngg_post_thumbnail":0,"footnotes":""},"categories":[4],"tags":[],"class_list":["post-11685","post","type-post","status-publish","format-standard","hentry","category-aktuelles"],"_links":{"self":[{"href":"http:\/\/www.maria-koenigin.de\/index.php?rest_route=\/wp\/v2\/posts\/11685","targetHints":{"allow":["GET"]}}],"collection":[{"href":"http:\/\/www.maria-koenigin.de\/index.php?rest_route=\/wp\/v2\/posts"}],"about":[{"href":"http:\/\/www.maria-koenigin.de\/index.php?rest_route=\/wp\/v2\/types\/post"}],"author":[{"embeddable":true,"href":"http:\/\/www.maria-koenigin.de\/index.php?rest_route=\/wp\/v2\/users\/1"}],"replies":[{"embeddable":true,"href":"http:\/\/www.maria-koenigin.de\/index.php?rest_route=%2Fwp%2Fv2%2Fcomments&post=11685"}],"version-history":[{"count":1,"href":"http:\/\/www.maria-koenigin.de\/index.php?rest_route=\/wp\/v2\/posts\/11685\/revisions"}],"predecessor-version":[{"id":11687,"href":"http:\/\/www.maria-koenigin.de\/index.php?rest_route=\/wp\/v2\/posts\/11685\/revisions\/11687"}],"wp:attachment":[{"href":"http:\/\/www.maria-koenigin.de\/index.php?rest_route=%2Fwp%2Fv2%2Fmedia&parent=11685"}],"wp:term":[{"taxonomy":"category","embeddable":true,"href":"http:\/\/www.maria-koenigin.de\/index.php?rest_route=%2Fwp%2Fv2%2Fcategories&post=11685"},{"taxonomy":"post_tag","embeddable":true,"href":"http:\/\/www.maria-koenigin.de\/index.php?rest_route=%2Fwp%2Fv2%2Ftags&post=11685"}],"curies":[{"name":"wp","href":"https:\/\/api.w.org\/{rel}","templated":true}]}}