{"id":12090,"date":"2023-03-19T11:16:33","date_gmt":"2023-03-19T10:16:33","guid":{"rendered":"https:\/\/www.maria-koenigin.de\/?p=12090"},"modified":"2023-12-21T08:37:55","modified_gmt":"2023-12-21T07:37:55","slug":"team-mk-bei-der-first-lego-league-in-siegen","status":"publish","type":"post","link":"http:\/\/www.maria-koenigin.de\/?p=12090","title":{"rendered":"Team MK bei der First Lego League in Siegen"},"content":{"rendered":"<p style=\"text-align: justify;\"><img loading=\"lazy\" decoding=\"async\" class=\"alignright wp-image-12091 size-full\" src=\"http:\/\/www.maria-koenigin.de\/wordpress\/wp-content\/uploads\/2023\/03\/Lego-League-2.jpg\" alt=\"\" width=\"640\" height=\"487\" srcset=\"http:\/\/www.maria-koenigin.de\/wordpress\/wp-content\/uploads\/2023\/03\/Lego-League-2.jpg 640w, http:\/\/www.maria-koenigin.de\/wordpress\/wp-content\/uploads\/2023\/03\/Lego-League-2-300x228.jpg 300w, http:\/\/www.maria-koenigin.de\/wordpress\/wp-content\/uploads\/2023\/03\/Lego-League-2-624x475.jpg 624w\" sizes=\"auto, (max-width: 640px) 100vw, 640px\" \/><\/p>\n<p style=\"text-align: justify;\">Die Regionalrunde der FIRST LEGO League fand jetzt in Siegen statt. Unter den elf teilnehmenden Wettkampfgruppen des weltweit bekannten Roboterwettbewerbs nahmen zum ersten Mal auch vier Sch\u00fclerinnen und zwei Sch\u00fcler der Klasse 7b als Vertreter unserer Schule im \u201eTeam MK\u201c teil.<!--more--><\/p>\n<p style=\"text-align: justify;\">Morgens um 9 Uhr ging es nach einer kurzen Begr\u00fc\u00dfung auch gleich los: Der Roboter musste startklar f\u00fcr die ersten Testl\u00e4ufe gemacht werden. Zum Thema SUPERPOWERED musste der von den Sch\u00fclerinnen und Sch\u00fclern selbstgebaute und programmierte Roboter verschiedene Aufgaben zum Thema Energie, Umwelt und Nachhaltigkeit absolvieren. Die Vorbereitung des Wettkampftages wurde im Rahmen einer neuen AG realisiert, die vom Studenten Julian Bender der Universit\u00e4t Siegen mit viel Einsatz und Eigeninitiative betreut wurde.<\/p>\n<p style=\"text-align: justify;\"><img loading=\"lazy\" decoding=\"async\" class=\"aligncenter wp-image-12092 size-full\" src=\"http:\/\/www.maria-koenigin.de\/wordpress\/wp-content\/uploads\/2023\/03\/Lego-League-1.jpg\" alt=\"\" width=\"640\" height=\"480\" srcset=\"http:\/\/www.maria-koenigin.de\/wordpress\/wp-content\/uploads\/2023\/03\/Lego-League-1.jpg 640w, http:\/\/www.maria-koenigin.de\/wordpress\/wp-content\/uploads\/2023\/03\/Lego-League-1-300x225.jpg 300w, http:\/\/www.maria-koenigin.de\/wordpress\/wp-content\/uploads\/2023\/03\/Lego-League-1-624x468.jpg 624w\" sizes=\"auto, (max-width: 640px) 100vw, 640px\" \/><\/p>\n<p style=\"text-align: justify;\">Zudem musste das Team MK w\u00e4hrend der Vorbereitungszeit ein Forschungsprojekt zum obigen Thema entwickeln und am Wettkampfort einer dreik\u00f6pfigen Jury vorstellen. Das Team entschied sich daf\u00fcr, eine Handy-App zu designen, die Sch\u00fclerinnen und Sch\u00fcler dabei unterst\u00fctzen soll, im Alltag Energie einzusparen. Diese App soll neben informativen Energiespartipps auch eine Verkn\u00fcpfung zum Hausz\u00e4hler und eine Belohnungssystem enthalten.<\/p>\n<p style=\"text-align: justify;\">Auch wenn es f\u00fcr unser Team nur knapp nicht f\u00fcr die n\u00e4chste Runde gereicht hat, war das Verhalten, der Ehrgeiz und das Engagement w\u00e4hrend des 10-st\u00fcndigen Wettkampftages beeindruckend. An dieser Stelle bedanken wir uns noch einmal recht herzlich bei der Universit\u00e4t Siegen f\u00fcr die fachliche und finanzielle Unterst\u00fctzung, die uns erst die Teilnahme erm\u00f6glicht hat und freuen uns auf einen weiteren spannenden Wettbewerb im n\u00e4chsten Jahr.<\/p>\n","protected":false},"excerpt":{"rendered":"<p>Die Regionalrunde der FIRST LEGO League fand jetzt in Siegen statt. Unter den elf teilnehmenden Wettkampfgruppen des weltweit bekannten Roboterwettbewerbs nahmen zum ersten Mal auch vier Sch\u00fclerinnen und zwei Sch\u00fcler der Klasse 7b als Vertreter unserer Schule im \u201eTeam MK\u201c teil.<\/p>\n","protected":false},"author":7,"featured_media":0,"comment_status":"closed","ping_status":"closed","sticky":false,"template":"","format":"standard","meta":{"ngg_post_thumbnail":0,"footnotes":""},"categories":[4,19],"tags":[],"class_list":["post-12090","post","type-post","status-publish","format-standard","hentry","category-aktuelles","category-mint"],"_links":{"self":[{"href":"http:\/\/www.maria-koenigin.de\/index.php?rest_route=\/wp\/v2\/posts\/12090","targetHints":{"allow":["GET"]}}],"collection":[{"href":"http:\/\/www.maria-koenigin.de\/index.php?rest_route=\/wp\/v2\/posts"}],"about":[{"href":"http:\/\/www.maria-koenigin.de\/index.php?rest_route=\/wp\/v2\/types\/post"}],"author":[{"embeddable":true,"href":"http:\/\/www.maria-koenigin.de\/index.php?rest_route=\/wp\/v2\/users\/7"}],"replies":[{"embeddable":true,"href":"http:\/\/www.maria-koenigin.de\/index.php?rest_route=%2Fwp%2Fv2%2Fcomments&post=12090"}],"version-history":[{"count":1,"href":"http:\/\/www.maria-koenigin.de\/index.php?rest_route=\/wp\/v2\/posts\/12090\/revisions"}],"predecessor-version":[{"id":12094,"href":"http:\/\/www.maria-koenigin.de\/index.php?rest_route=\/wp\/v2\/posts\/12090\/revisions\/12094"}],"wp:attachment":[{"href":"http:\/\/www.maria-koenigin.de\/index.php?rest_route=%2Fwp%2Fv2%2Fmedia&parent=12090"}],"wp:term":[{"taxonomy":"category","embeddable":true,"href":"http:\/\/www.maria-koenigin.de\/index.php?rest_route=%2Fwp%2Fv2%2Fcategories&post=12090"},{"taxonomy":"post_tag","embeddable":true,"href":"http:\/\/www.maria-koenigin.de\/index.php?rest_route=%2Fwp%2Fv2%2Ftags&post=12090"}],"curies":[{"name":"wp","href":"https:\/\/api.w.org\/{rel}","templated":true}]}}