{"id":13470,"date":"2024-01-13T11:44:37","date_gmt":"2024-01-13T10:44:37","guid":{"rendered":"https:\/\/www.maria-koenigin.de\/?p=13470"},"modified":"2024-01-13T15:51:15","modified_gmt":"2024-01-13T14:51:15","slug":"musicalmedley-begeistert-beim-thomas-morus-empfang","status":"publish","type":"post","link":"http:\/\/www.maria-koenigin.de\/?p=13470","title":{"rendered":"Musicalmedley begeistert beim Thomas Morus-Empfang"},"content":{"rendered":"<p style=\"text-align: justify;\"><img loading=\"lazy\" decoding=\"async\" class=\"alignright wp-image-13471 size-full\" src=\"http:\/\/www.maria-koenigin.de\/wordpress\/wp-content\/uploads\/2024\/01\/Showman-Morus2.jpg\" alt=\"\" width=\"640\" height=\"427\" srcset=\"http:\/\/www.maria-koenigin.de\/wordpress\/wp-content\/uploads\/2024\/01\/Showman-Morus2.jpg 640w, http:\/\/www.maria-koenigin.de\/wordpress\/wp-content\/uploads\/2024\/01\/Showman-Morus2-300x200.jpg 300w, http:\/\/www.maria-koenigin.de\/wordpress\/wp-content\/uploads\/2024\/01\/Showman-Morus2-624x416.jpg 624w\" sizes=\"auto, (max-width: 640px) 100vw, 640px\" \/>Ein H\u00f6hepunkt in der Lennestadt ist gleich zum Jahresanfang der allj\u00e4hrliche Thomas Morus-Empfang im Rathaus. Im Rahmen der Veranstaltung erneuern die Stadtverordneten feierlich ihr Gel\u00f6bnis und ein prominenter Gast h\u00e4lt eine Festrede. (alle Fotos: Lokalplus)<!--more--><\/p>\n<p style=\"text-align: justify;\"><img loading=\"lazy\" decoding=\"async\" class=\"alignright wp-image-13472 size-full\" src=\"http:\/\/www.maria-koenigin.de\/wordpress\/wp-content\/uploads\/2024\/01\/Showman-Morus1.jpg\" alt=\"\" width=\"640\" height=\"427\" srcset=\"http:\/\/www.maria-koenigin.de\/wordpress\/wp-content\/uploads\/2024\/01\/Showman-Morus1.jpg 640w, http:\/\/www.maria-koenigin.de\/wordpress\/wp-content\/uploads\/2024\/01\/Showman-Morus1-300x200.jpg 300w, http:\/\/www.maria-koenigin.de\/wordpress\/wp-content\/uploads\/2024\/01\/Showman-Morus1-624x416.jpg 624w\" sizes=\"auto, (max-width: 640px) 100vw, 640px\" \/>Zur musikalischen Gestaltung konnte in diesem Jahr unsere Musical Company mit Solisten, Chor und Orchester mit einem Medley aus \u201eThe Greatest Showman\u201c beitragen. Schwungvoll und abwechslungsreich pr\u00e4sentierten die Solisten Fabian Maag, Julia Jochheim, Philipp Kr\u00e4mer, Carolin Gei\u00dfler, Louisa Nentwig und Katharina Rinscheid Ausschnitte aus der \u201eShow\u201c. Damit l\u00f6sten sie bei den Zuschauern im voll besetzten Ratssaal Begeisterung aus, die sich in lang anhaltendem begeisterten Applaus zeigte.<\/p>\n<p style=\"text-align: justify;\"><img loading=\"lazy\" decoding=\"async\" class=\"alignright wp-image-13473 size-full\" src=\"http:\/\/www.maria-koenigin.de\/wordpress\/wp-content\/uploads\/2024\/01\/Showman-Morus4.jpg\" alt=\"\" width=\"640\" height=\"427\" srcset=\"http:\/\/www.maria-koenigin.de\/wordpress\/wp-content\/uploads\/2024\/01\/Showman-Morus4.jpg 640w, http:\/\/www.maria-koenigin.de\/wordpress\/wp-content\/uploads\/2024\/01\/Showman-Morus4-300x200.jpg 300w, http:\/\/www.maria-koenigin.de\/wordpress\/wp-content\/uploads\/2024\/01\/Showman-Morus4-624x416.jpg 624w\" sizes=\"auto, (max-width: 640px) 100vw, 640px\" \/>B\u00fcrgermeister Tobias Puspas bedankte sich und warb f\u00fcr den Besuch der Auff\u00fchrungen, die vom 15. bis 17. M\u00e4rz in der Sporthalle stattfinden werden. Festrednerin Mona Neubaur, die stellvertretende Ministerpr\u00e4sidentin Nordrhein-Westfalens, zeigte sich beeindruckt vom Auftritt der Musical Company: \u201eMir ist ganz wohlig ums Herz. \u00a0Diese jungen Leute sind die Zukunft Lennestadts.\u201c<\/p>\n<p style=\"text-align: justify;\"><img loading=\"lazy\" decoding=\"async\" class=\"alignright wp-image-13474 size-full\" src=\"http:\/\/www.maria-koenigin.de\/wordpress\/wp-content\/uploads\/2024\/01\/Showman-Morus3.jpg\" alt=\"\" width=\"640\" height=\"427\" srcset=\"http:\/\/www.maria-koenigin.de\/wordpress\/wp-content\/uploads\/2024\/01\/Showman-Morus3.jpg 640w, http:\/\/www.maria-koenigin.de\/wordpress\/wp-content\/uploads\/2024\/01\/Showman-Morus3-300x200.jpg 300w, http:\/\/www.maria-koenigin.de\/wordpress\/wp-content\/uploads\/2024\/01\/Showman-Morus3-624x416.jpg 624w\" sizes=\"auto, (max-width: 640px) 100vw, 640px\" \/>Mona Neubaur betonte in ihrer anschlie\u00dfenden Rede die Bedeutung der Demokratie und des fairen Streits in unserer Gesellschaft. In Bezug auf Thomas Morus betonte sie die Rolle des Gewissens und der Solidarit\u00e4t. Der Einsatz f\u00fcr diese Werte sei gerade heute angesichts vielf\u00e4ltiger Krisen und einer auseinanderdriftenden Gesellschaft wichtig. Mit ihrer vollst\u00e4ndig frei vorgetragene und nachdenklichen Rede traf sie die Stimmungslage der Zuh\u00f6rer genauso wie mit ihrer Laudatio f\u00fcr den Verein \u201eViele H\u00e4nde f\u00fcr die Hoffnung\u201c, der f\u00fcr sein Engagement f\u00fcr die Ukraine \u00a0mit dem Thomas Morus-Preis ausgezeichnet wurde. Bei den unterschiedlichen Sammelaktionen des Vereins hatte sich auch unsere SV und viele Sch\u00fcler engagiert.<\/p>\n<p style=\"text-align: justify;\"><img loading=\"lazy\" decoding=\"async\" class=\"alignright wp-image-13475 size-full\" src=\"http:\/\/www.maria-koenigin.de\/wordpress\/wp-content\/uploads\/2024\/01\/Showman-Morus5.jpg\" alt=\"\" width=\"640\" height=\"427\" srcset=\"http:\/\/www.maria-koenigin.de\/wordpress\/wp-content\/uploads\/2024\/01\/Showman-Morus5.jpg 640w, http:\/\/www.maria-koenigin.de\/wordpress\/wp-content\/uploads\/2024\/01\/Showman-Morus5-300x200.jpg 300w, http:\/\/www.maria-koenigin.de\/wordpress\/wp-content\/uploads\/2024\/01\/Showman-Morus5-624x416.jpg 624w\" sizes=\"auto, (max-width: 640px) 100vw, 640px\" \/>Begonnen hatte der Empfang mit einem \u00d6kumenischen Gottesdienst, dem Pfarrer Ludger Wollweber und Pastor J\u00f6rg Ettemeyer vorstanden. Zur musikalischen Gestaltung trugen auch noch Leon Lorey an der Harfe und Michael Nathen am Klavier sowie das Gesangsensemble \u201eThe Potteries\u201c unter der Leitung von Christa Maria J\u00fcrgens bei.<\/p>\n<p style=\"text-align: justify;\"><img loading=\"lazy\" decoding=\"async\" class=\"alignright wp-image-13476 size-full\" src=\"http:\/\/www.maria-koenigin.de\/wordpress\/wp-content\/uploads\/2024\/01\/Showman-Morus7.jpg\" alt=\"\" width=\"640\" height=\"480\" srcset=\"http:\/\/www.maria-koenigin.de\/wordpress\/wp-content\/uploads\/2024\/01\/Showman-Morus7.jpg 640w, http:\/\/www.maria-koenigin.de\/wordpress\/wp-content\/uploads\/2024\/01\/Showman-Morus7-300x225.jpg 300w, http:\/\/www.maria-koenigin.de\/wordpress\/wp-content\/uploads\/2024\/01\/Showman-Morus7-624x468.jpg 624w\" sizes=\"auto, (max-width: 640px) 100vw, 640px\" \/>Karten f\u00fcr das Musical \u201eThe Greatest Showman\u201c sind weiterhin erh\u00e4ltlich unter <a href=\"mailto:karten@maria-koenigin.de\">karten@maria-koenigin.de<\/a> oder im Sekretariat der Schule unter Tel. 02723-68780. Im Vorverkauf kosten die Karten 10 Euro f\u00fcr Erwachsene und 5 Euro f\u00fcr Sch\u00fcler.\u00a0Die Auff\u00fchrungen werden am Freitag, dem 15. M\u00e4rz um 19.00 Uhr, am Samstag, dem 16. M\u00e4rz um 16.00 Uhr und am Sonntag, dem 17. M\u00e4rz um 14 Uhr und um 18.30 Uhr stattfinden.<\/p>\n","protected":false},"excerpt":{"rendered":"<p>Ein H\u00f6hepunkt in der Lennestadt ist gleich zum Jahresanfang der allj\u00e4hrliche Thomas Morus-Empfang im Rathaus. Im Rahmen der Veranstaltung erneuern die Stadtverordneten feierlich ihr Gel\u00f6bnis und ein prominenter Gast h\u00e4lt eine Festrede. (alle Fotos: Lokalplus)<\/p>\n","protected":false},"author":7,"featured_media":0,"comment_status":"closed","ping_status":"closed","sticky":false,"template":"","format":"standard","meta":{"ngg_post_thumbnail":0,"footnotes":""},"categories":[4],"tags":[],"class_list":["post-13470","post","type-post","status-publish","format-standard","hentry","category-aktuelles"],"_links":{"self":[{"href":"http:\/\/www.maria-koenigin.de\/index.php?rest_route=\/wp\/v2\/posts\/13470","targetHints":{"allow":["GET"]}}],"collection":[{"href":"http:\/\/www.maria-koenigin.de\/index.php?rest_route=\/wp\/v2\/posts"}],"about":[{"href":"http:\/\/www.maria-koenigin.de\/index.php?rest_route=\/wp\/v2\/types\/post"}],"author":[{"embeddable":true,"href":"http:\/\/www.maria-koenigin.de\/index.php?rest_route=\/wp\/v2\/users\/7"}],"replies":[{"embeddable":true,"href":"http:\/\/www.maria-koenigin.de\/index.php?rest_route=%2Fwp%2Fv2%2Fcomments&post=13470"}],"version-history":[{"count":4,"href":"http:\/\/www.maria-koenigin.de\/index.php?rest_route=\/wp\/v2\/posts\/13470\/revisions"}],"predecessor-version":[{"id":13480,"href":"http:\/\/www.maria-koenigin.de\/index.php?rest_route=\/wp\/v2\/posts\/13470\/revisions\/13480"}],"wp:attachment":[{"href":"http:\/\/www.maria-koenigin.de\/index.php?rest_route=%2Fwp%2Fv2%2Fmedia&parent=13470"}],"wp:term":[{"taxonomy":"category","embeddable":true,"href":"http:\/\/www.maria-koenigin.de\/index.php?rest_route=%2Fwp%2Fv2%2Fcategories&post=13470"},{"taxonomy":"post_tag","embeddable":true,"href":"http:\/\/www.maria-koenigin.de\/index.php?rest_route=%2Fwp%2Fv2%2Ftags&post=13470"}],"curies":[{"name":"wp","href":"https:\/\/api.w.org\/{rel}","templated":true}]}}