{"id":13485,"date":"2024-01-14T17:35:47","date_gmt":"2024-01-14T16:35:47","guid":{"rendered":"https:\/\/www.maria-koenigin.de\/?p=13485"},"modified":"2024-01-14T17:35:47","modified_gmt":"2024-01-14T16:35:47","slug":"mathematik-mal-ganz-praktisch-bei-der-firma-mennekes","status":"publish","type":"post","link":"http:\/\/www.maria-koenigin.de\/?p=13485","title":{"rendered":"Mathematik mal ganz praktisch \u2026 bei der Firma Mennekes"},"content":{"rendered":"<p style=\"text-align: justify;\"><img loading=\"lazy\" decoding=\"async\" class=\"alignright wp-image-13486 size-full\" src=\"http:\/\/www.maria-koenigin.de\/wordpress\/wp-content\/uploads\/2024\/01\/MK_Echo_Workshop-Mennekes_kl.jpg\" alt=\"\" width=\"640\" height=\"480\" srcset=\"http:\/\/www.maria-koenigin.de\/wordpress\/wp-content\/uploads\/2024\/01\/MK_Echo_Workshop-Mennekes_kl.jpg 640w, http:\/\/www.maria-koenigin.de\/wordpress\/wp-content\/uploads\/2024\/01\/MK_Echo_Workshop-Mennekes_kl-300x225.jpg 300w, http:\/\/www.maria-koenigin.de\/wordpress\/wp-content\/uploads\/2024\/01\/MK_Echo_Workshop-Mennekes_kl-624x468.jpg 624w\" sizes=\"auto, (max-width: 640px) 100vw, 640px\" \/><\/p>\n<p style=\"text-align: justify;\">Sch\u00fclerinnen und Sch\u00fcler aus den beiden Mathematik-LKs der Q2 nahmen k\u00fcrzlich an einem Workshop der Uni Siegen und der Firma Mennekes teil. Dabei konnte ganz praktisch erlebt werden, dass Mathematik im Alltag der Firma Mennekes eine ganz zentrale Rolle spielt: ohne Mathematik w\u00fcrde beim heimischen Weltmarktf\u00fchrer f\u00fcr Stecker und Steckdose n\u00e4mlich kein einziges Produkt vom Flie\u00dfband gehen!<!--more--><\/p>\n<p style=\"text-align: justify;\"><img loading=\"lazy\" decoding=\"async\" class=\"alignright wp-image-13487 size-full\" src=\"http:\/\/www.maria-koenigin.de\/wordpress\/wp-content\/uploads\/2024\/01\/MK_Echo_Workshop-Mennekeskl.jpg\" alt=\"\" width=\"640\" height=\"663\" srcset=\"http:\/\/www.maria-koenigin.de\/wordpress\/wp-content\/uploads\/2024\/01\/MK_Echo_Workshop-Mennekeskl.jpg 640w, http:\/\/www.maria-koenigin.de\/wordpress\/wp-content\/uploads\/2024\/01\/MK_Echo_Workshop-Mennekeskl-290x300.jpg 290w, http:\/\/www.maria-koenigin.de\/wordpress\/wp-content\/uploads\/2024\/01\/MK_Echo_Workshop-Mennekeskl-624x646.jpg 624w\" sizes=\"auto, (max-width: 640px) 100vw, 640px\" \/><\/p>\n<p style=\"text-align: justify;\">Den 1. Teil des Workshops hatte das DigiMath4 Edu Team der Uni Siegen um Herrn H\u00f6rnberger mit den Experten der Firma Mennekes zusammen konzipiert. Ganz konkret ging es um die Planung eines Steckers nach vorgegebenen DIN-Normen. Dabei waren unter anderem auch Aspekte wie Korrosionsbest\u00e4ndigkeit, Relaxationsneigung, elektrische Leitf\u00e4higkeit und einfache Bedienbarkeit zu ber\u00fccksichtigen. Nicht zuletzt muss die Produktion nat\u00fcrlich auch wirtschaftlich sein. Bei der Entwicklung eines Steckers all die genannten Aspekte optimal zu ber\u00fccksichtigen ist nicht m\u00f6glich. Mit Hilfe von mathematischem und auch physikalischem Wissen kann man aber sehr nah an eine optimale L\u00f6sung herankommen.<\/p>\n<p style=\"text-align: justify;\"><img loading=\"lazy\" decoding=\"async\" class=\"alignright wp-image-13489\" src=\"http:\/\/www.maria-koenigin.de\/wordpress\/wp-content\/uploads\/2024\/01\/Mennekes.jpg\" alt=\"\" width=\"293\" height=\"78\" \/>Und genau das wurde versucht \u2013 es ging exemplarisch um die mathematische Modellierung der optimalen Biege-Gleichung f\u00fcr einen Stecker in Abh\u00e4ngigkeit von verschiedenen Parametern. Dazu waren aus dem Unterricht bekannte Methoden aus der Differential- und Integralrechnung erforderlich. Am Ende konnte die Deformation mit Hilfe von geeigneten Funktionsgraphen modelliert werden und die passende Abziehkraft und mechanische Spannung erfolgreich bestimmt werden. Gar nicht so einfach, aber mit etwas Know-how und vor allem Ausdauer f\u00fcr unsere Mathe-LKs gut machbar.<\/p>\n<p style=\"text-align: justify;\"><img loading=\"lazy\" decoding=\"async\" class=\"alignleft wp-image-13488 size-full\" src=\"http:\/\/www.maria-koenigin.de\/wordpress\/wp-content\/uploads\/2024\/01\/Digi.jpg\" alt=\"\" width=\"654\" height=\"131\" srcset=\"http:\/\/www.maria-koenigin.de\/wordpress\/wp-content\/uploads\/2024\/01\/Digi.jpg 654w, http:\/\/www.maria-koenigin.de\/wordpress\/wp-content\/uploads\/2024\/01\/Digi-300x60.jpg 300w, http:\/\/www.maria-koenigin.de\/wordpress\/wp-content\/uploads\/2024\/01\/Digi-624x125.jpg 624w\" sizes=\"auto, (max-width: 654px) 100vw, 654px\" \/>Die Ergebnisse wurden von zwei der \u201eStecker-Modellier-Teams\u201c bei der Firma Mennekes vorgestellt und mussten dem fachm\u00e4nnischen Urteil von Herrn Pickhan und Herrn Didam standhalten. Letzterer gab als einer der verantwortlichen Ingenieure noch interessante, weiterf\u00fchrende Einblicke in die zugrundeliegenden mathematischen Modellierungsprozesse. Abgerundet wurde der Besuch vor Ort mit einer Betriebsbesichtigung. Wir bedanken uns f\u00fcr die gewinnbringenden Einblicke in den Firmenalltag und vor allem auch f\u00fcr die sehr leckere und gro\u00dfz\u00fcgige Bewirtung! Es war sehr motivierend, \u00fcber den Tellerrand der Schulmathematik hinauszuschauen und bewusst zu erfahren, welchen Stellenwert und Nutzen Mathematik nicht nur bei der Firma Mennekes, sondern generell im Alltag von uns allen hat!<\/p>\n","protected":false},"excerpt":{"rendered":"<p>Sch\u00fclerinnen und Sch\u00fcler aus den beiden Mathematik-LKs der Q2 nahmen k\u00fcrzlich an einem Workshop der Uni Siegen und der Firma Mennekes teil. Dabei konnte ganz praktisch erlebt werden, dass Mathematik im Alltag der Firma Mennekes eine ganz zentrale Rolle spielt: ohne Mathematik w\u00fcrde beim heimischen Weltmarktf\u00fchrer f\u00fcr Stecker und Steckdose n\u00e4mlich kein einziges Produkt vom [&hellip;]<\/p>\n","protected":false},"author":7,"featured_media":0,"comment_status":"closed","ping_status":"closed","sticky":false,"template":"","format":"standard","meta":{"ngg_post_thumbnail":0,"footnotes":""},"categories":[4],"tags":[],"class_list":["post-13485","post","type-post","status-publish","format-standard","hentry","category-aktuelles"],"_links":{"self":[{"href":"http:\/\/www.maria-koenigin.de\/index.php?rest_route=\/wp\/v2\/posts\/13485","targetHints":{"allow":["GET"]}}],"collection":[{"href":"http:\/\/www.maria-koenigin.de\/index.php?rest_route=\/wp\/v2\/posts"}],"about":[{"href":"http:\/\/www.maria-koenigin.de\/index.php?rest_route=\/wp\/v2\/types\/post"}],"author":[{"embeddable":true,"href":"http:\/\/www.maria-koenigin.de\/index.php?rest_route=\/wp\/v2\/users\/7"}],"replies":[{"embeddable":true,"href":"http:\/\/www.maria-koenigin.de\/index.php?rest_route=%2Fwp%2Fv2%2Fcomments&post=13485"}],"version-history":[{"count":1,"href":"http:\/\/www.maria-koenigin.de\/index.php?rest_route=\/wp\/v2\/posts\/13485\/revisions"}],"predecessor-version":[{"id":13490,"href":"http:\/\/www.maria-koenigin.de\/index.php?rest_route=\/wp\/v2\/posts\/13485\/revisions\/13490"}],"wp:attachment":[{"href":"http:\/\/www.maria-koenigin.de\/index.php?rest_route=%2Fwp%2Fv2%2Fmedia&parent=13485"}],"wp:term":[{"taxonomy":"category","embeddable":true,"href":"http:\/\/www.maria-koenigin.de\/index.php?rest_route=%2Fwp%2Fv2%2Fcategories&post=13485"},{"taxonomy":"post_tag","embeddable":true,"href":"http:\/\/www.maria-koenigin.de\/index.php?rest_route=%2Fwp%2Fv2%2Ftags&post=13485"}],"curies":[{"name":"wp","href":"https:\/\/api.w.org\/{rel}","templated":true}]}}