{"id":13499,"date":"2024-01-17T10:17:46","date_gmt":"2024-01-17T09:17:46","guid":{"rendered":"http:\/\/www.maria-koenigin.de\/?p=13499"},"modified":"2024-01-19T00:12:19","modified_gmt":"2024-01-18T23:12:19","slug":"aktuelle-informationen-zum-schulbetrieb-am-donnerstag-18-01-2024","status":"publish","type":"post","link":"http:\/\/www.maria-koenigin.de\/?p=13499","title":{"rendered":"Winterparty und Elternvortrag: kreativ und informativ"},"content":{"rendered":"<p style=\"text-align: justify;\"><img loading=\"lazy\" decoding=\"async\" class=\"alignright wp-image-13507 size-full\" src=\"http:\/\/www.maria-koenigin.de\/wordpress\/wp-content\/uploads\/2024\/01\/klMK_Winterparty_01162024CG-73.jpg\" alt=\"\" width=\"640\" height=\"427\" srcset=\"http:\/\/www.maria-koenigin.de\/wordpress\/wp-content\/uploads\/2024\/01\/klMK_Winterparty_01162024CG-73.jpg 640w, http:\/\/www.maria-koenigin.de\/wordpress\/wp-content\/uploads\/2024\/01\/klMK_Winterparty_01162024CG-73-300x200.jpg 300w, http:\/\/www.maria-koenigin.de\/wordpress\/wp-content\/uploads\/2024\/01\/klMK_Winterparty_01162024CG-73-624x416.jpg 624w\" sizes=\"auto, (max-width: 640px) 100vw, 640px\" \/>Viele Eltern und Kinder konnten wir am Dienstagabend zum ersten Teil unserer Schulvorstellung begr\u00fc\u00dfen. W\u00e4hrend die Eltern in einem abwechslungsreichen und ausf\u00fchrlichen Vortrag \u00fcber die Schule informiert wurden, konnten die Viertkl\u00e4ssler und ihre Geschwisterkinder die Schule spielerisch auf den Spuren von Schneemann Olaf erkunden. Die SV und einzelne Lehrer hatten unterschiedliche kreative Stationen vorbereitet.<!--more--><\/p>\n<p style=\"text-align: justify;\"><img loading=\"lazy\" decoding=\"async\" class=\"alignright wp-image-13508 size-full\" src=\"http:\/\/www.maria-koenigin.de\/wordpress\/wp-content\/uploads\/2024\/01\/MK_Winterparty_01162024CG-04kl.jpg\" alt=\"\" width=\"640\" height=\"427\" srcset=\"http:\/\/www.maria-koenigin.de\/wordpress\/wp-content\/uploads\/2024\/01\/MK_Winterparty_01162024CG-04kl.jpg 640w, http:\/\/www.maria-koenigin.de\/wordpress\/wp-content\/uploads\/2024\/01\/MK_Winterparty_01162024CG-04kl-300x200.jpg 300w, http:\/\/www.maria-koenigin.de\/wordpress\/wp-content\/uploads\/2024\/01\/MK_Winterparty_01162024CG-04kl-624x416.jpg 624w\" sizes=\"auto, (max-width: 640px) 100vw, 640px\" \/>Weiter geht es nun am Samstag ab 9 Uhr mit dem Tag der offenen T\u00fcr, bei dem auch wieder Stationen vorbereitet sein werden, um die Vielfalt des Bildungsangebots an unserem Gymnasium zu zeigen. <a href=\"http:\/\/www.maria-koenigin.de\/wordpress\/wp-content\/uploads\/2024\/01\/klMK_Winterparty_01162024CG-17.jpg\"><img loading=\"lazy\" decoding=\"async\" class=\"alignright size-full wp-image-13509\" src=\"http:\/\/www.maria-koenigin.de\/wordpress\/wp-content\/uploads\/2024\/01\/klMK_Winterparty_01162024CG-17.jpg\" alt=\"\" width=\"640\" height=\"427\" srcset=\"http:\/\/www.maria-koenigin.de\/wordpress\/wp-content\/uploads\/2024\/01\/klMK_Winterparty_01162024CG-17.jpg 640w, http:\/\/www.maria-koenigin.de\/wordpress\/wp-content\/uploads\/2024\/01\/klMK_Winterparty_01162024CG-17-300x200.jpg 300w, http:\/\/www.maria-koenigin.de\/wordpress\/wp-content\/uploads\/2024\/01\/klMK_Winterparty_01162024CG-17-624x416.jpg 624w\" sizes=\"auto, (max-width: 640px) 100vw, 640px\" \/><\/a><a href=\"http:\/\/www.maria-koenigin.de\/wordpress\/wp-content\/uploads\/2024\/01\/klMK_Winterparty_01162024CG-53.jpg\"><img loading=\"lazy\" decoding=\"async\" class=\"alignright size-full wp-image-13512\" src=\"http:\/\/www.maria-koenigin.de\/wordpress\/wp-content\/uploads\/2024\/01\/klMK_Winterparty_01162024CG-53.jpg\" alt=\"\" width=\"640\" height=\"427\" srcset=\"http:\/\/www.maria-koenigin.de\/wordpress\/wp-content\/uploads\/2024\/01\/klMK_Winterparty_01162024CG-53.jpg 640w, http:\/\/www.maria-koenigin.de\/wordpress\/wp-content\/uploads\/2024\/01\/klMK_Winterparty_01162024CG-53-300x200.jpg 300w, http:\/\/www.maria-koenigin.de\/wordpress\/wp-content\/uploads\/2024\/01\/klMK_Winterparty_01162024CG-53-624x416.jpg 624w\" sizes=\"auto, (max-width: 640px) 100vw, 640px\" \/><\/a><a href=\"http:\/\/www.maria-koenigin.de\/wordpress\/wp-content\/uploads\/2024\/01\/klMK_Winterparty_01162024CG-37.jpg\"><img loading=\"lazy\" decoding=\"async\" class=\"alignright size-full wp-image-13513\" src=\"http:\/\/www.maria-koenigin.de\/wordpress\/wp-content\/uploads\/2024\/01\/klMK_Winterparty_01162024CG-37.jpg\" alt=\"\" width=\"640\" height=\"427\" srcset=\"http:\/\/www.maria-koenigin.de\/wordpress\/wp-content\/uploads\/2024\/01\/klMK_Winterparty_01162024CG-37.jpg 640w, http:\/\/www.maria-koenigin.de\/wordpress\/wp-content\/uploads\/2024\/01\/klMK_Winterparty_01162024CG-37-300x200.jpg 300w, http:\/\/www.maria-koenigin.de\/wordpress\/wp-content\/uploads\/2024\/01\/klMK_Winterparty_01162024CG-37-624x416.jpg 624w\" sizes=\"auto, (max-width: 640px) 100vw, 640px\" \/><\/a><\/p>\n<p><img loading=\"lazy\" decoding=\"async\" class=\"alignright wp-image-13511 size-full\" src=\"http:\/\/www.maria-koenigin.de\/wordpress\/wp-content\/uploads\/2024\/01\/klMK_Winterparty_01162024CG-76.jpg\" alt=\"\" width=\"640\" height=\"427\" srcset=\"http:\/\/www.maria-koenigin.de\/wordpress\/wp-content\/uploads\/2024\/01\/klMK_Winterparty_01162024CG-76.jpg 640w, http:\/\/www.maria-koenigin.de\/wordpress\/wp-content\/uploads\/2024\/01\/klMK_Winterparty_01162024CG-76-300x200.jpg 300w, http:\/\/www.maria-koenigin.de\/wordpress\/wp-content\/uploads\/2024\/01\/klMK_Winterparty_01162024CG-76-624x416.jpg 624w\" sizes=\"auto, (max-width: 640px) 100vw, 640px\" \/><\/p>\n<p><img loading=\"lazy\" decoding=\"async\" class=\"alignright wp-image-13510 size-full\" src=\"http:\/\/www.maria-koenigin.de\/wordpress\/wp-content\/uploads\/2024\/01\/klMK_Winterparty_01162024CG-65.jpg\" alt=\"\" width=\"640\" height=\"427\" srcset=\"http:\/\/www.maria-koenigin.de\/wordpress\/wp-content\/uploads\/2024\/01\/klMK_Winterparty_01162024CG-65.jpg 640w, http:\/\/www.maria-koenigin.de\/wordpress\/wp-content\/uploads\/2024\/01\/klMK_Winterparty_01162024CG-65-300x200.jpg 300w, http:\/\/www.maria-koenigin.de\/wordpress\/wp-content\/uploads\/2024\/01\/klMK_Winterparty_01162024CG-65-624x416.jpg 624w\" sizes=\"auto, (max-width: 640px) 100vw, 640px\" \/><\/p>\n","protected":false},"excerpt":{"rendered":"<p>Viele Eltern und Kinder konnten wir am Dienstagabend zum ersten Teil unserer Schulvorstellung begr\u00fc\u00dfen. W\u00e4hrend die Eltern in einem abwechslungsreichen und ausf\u00fchrlichen Vortrag \u00fcber die Schule informiert wurden, konnten die Viertkl\u00e4ssler und ihre Geschwisterkinder die Schule spielerisch auf den Spuren von Schneemann Olaf erkunden. Die SV und einzelne Lehrer hatten unterschiedliche kreative Stationen vorbereitet.<\/p>\n","protected":false},"author":1,"featured_media":0,"comment_status":"closed","ping_status":"closed","sticky":false,"template":"","format":"standard","meta":{"ngg_post_thumbnail":0,"footnotes":""},"categories":[4],"tags":[],"class_list":["post-13499","post","type-post","status-publish","format-standard","hentry","category-aktuelles"],"_links":{"self":[{"href":"http:\/\/www.maria-koenigin.de\/index.php?rest_route=\/wp\/v2\/posts\/13499","targetHints":{"allow":["GET"]}}],"collection":[{"href":"http:\/\/www.maria-koenigin.de\/index.php?rest_route=\/wp\/v2\/posts"}],"about":[{"href":"http:\/\/www.maria-koenigin.de\/index.php?rest_route=\/wp\/v2\/types\/post"}],"author":[{"embeddable":true,"href":"http:\/\/www.maria-koenigin.de\/index.php?rest_route=\/wp\/v2\/users\/1"}],"replies":[{"embeddable":true,"href":"http:\/\/www.maria-koenigin.de\/index.php?rest_route=%2Fwp%2Fv2%2Fcomments&post=13499"}],"version-history":[{"count":8,"href":"http:\/\/www.maria-koenigin.de\/index.php?rest_route=\/wp\/v2\/posts\/13499\/revisions"}],"predecessor-version":[{"id":13514,"href":"http:\/\/www.maria-koenigin.de\/index.php?rest_route=\/wp\/v2\/posts\/13499\/revisions\/13514"}],"wp:attachment":[{"href":"http:\/\/www.maria-koenigin.de\/index.php?rest_route=%2Fwp%2Fv2%2Fmedia&parent=13499"}],"wp:term":[{"taxonomy":"category","embeddable":true,"href":"http:\/\/www.maria-koenigin.de\/index.php?rest_route=%2Fwp%2Fv2%2Fcategories&post=13499"},{"taxonomy":"post_tag","embeddable":true,"href":"http:\/\/www.maria-koenigin.de\/index.php?rest_route=%2Fwp%2Fv2%2Ftags&post=13499"}],"curies":[{"name":"wp","href":"https:\/\/api.w.org\/{rel}","templated":true}]}}