{"id":13519,"date":"2024-01-20T15:39:49","date_gmt":"2024-01-20T14:39:49","guid":{"rendered":"https:\/\/www.maria-koenigin.de\/?p=13519"},"modified":"2024-01-25T17:56:09","modified_gmt":"2024-01-25T16:56:09","slug":"sonne-und-gute-laune-beim-tag-der-offenen-tuer","status":"publish","type":"post","link":"http:\/\/www.maria-koenigin.de\/?p=13519","title":{"rendered":"Sonne und gute Laune beim Tag der offenen T\u00fcr"},"content":{"rendered":"<p><img loading=\"lazy\" decoding=\"async\" class=\"alignright wp-image-13521 size-large\" src=\"http:\/\/www.maria-koenigin.de\/wordpress\/wp-content\/uploads\/2024\/01\/5d66dcab-1f90-4154-acc7-d728c88e1ac3-768x1024.jpeg\" alt=\"\" width=\"625\" height=\"833\" srcset=\"http:\/\/www.maria-koenigin.de\/wordpress\/wp-content\/uploads\/2024\/01\/5d66dcab-1f90-4154-acc7-d728c88e1ac3-768x1024.jpeg 768w, http:\/\/www.maria-koenigin.de\/wordpress\/wp-content\/uploads\/2024\/01\/5d66dcab-1f90-4154-acc7-d728c88e1ac3-225x300.jpeg 225w, http:\/\/www.maria-koenigin.de\/wordpress\/wp-content\/uploads\/2024\/01\/5d66dcab-1f90-4154-acc7-d728c88e1ac3-1152x1536.jpeg 1152w, http:\/\/www.maria-koenigin.de\/wordpress\/wp-content\/uploads\/2024\/01\/5d66dcab-1f90-4154-acc7-d728c88e1ac3-624x832.jpeg 624w, http:\/\/www.maria-koenigin.de\/wordpress\/wp-content\/uploads\/2024\/01\/5d66dcab-1f90-4154-acc7-d728c88e1ac3.jpeg 1200w\" sizes=\"auto, (max-width: 625px) 100vw, 625px\" \/>Ein sonniger Tag war der Tag der offenen T\u00fcr in diesem Jahr in jeder Hinsicht. Bei strahlendem Sonnenschein besuchten \u00fcber 150 Kinder aus den vierten Klassen der umliegenden Schulen unser Gymnasium.<!--more--><\/p>\n<p><img loading=\"lazy\" decoding=\"async\" class=\"alignright wp-image-13522 size-large\" src=\"http:\/\/www.maria-koenigin.de\/wordpress\/wp-content\/uploads\/2024\/01\/2b626257-8299-4845-8b40-9ed9b61ba9ff-768x1024.jpeg\" alt=\"\" width=\"625\" height=\"833\" srcset=\"http:\/\/www.maria-koenigin.de\/wordpress\/wp-content\/uploads\/2024\/01\/2b626257-8299-4845-8b40-9ed9b61ba9ff-768x1024.jpeg 768w, http:\/\/www.maria-koenigin.de\/wordpress\/wp-content\/uploads\/2024\/01\/2b626257-8299-4845-8b40-9ed9b61ba9ff-225x300.jpeg 225w, http:\/\/www.maria-koenigin.de\/wordpress\/wp-content\/uploads\/2024\/01\/2b626257-8299-4845-8b40-9ed9b61ba9ff-1152x1536.jpeg 1152w, http:\/\/www.maria-koenigin.de\/wordpress\/wp-content\/uploads\/2024\/01\/2b626257-8299-4845-8b40-9ed9b61ba9ff-624x832.jpeg 624w, http:\/\/www.maria-koenigin.de\/wordpress\/wp-content\/uploads\/2024\/01\/2b626257-8299-4845-8b40-9ed9b61ba9ff.jpeg 1536w\" sizes=\"auto, (max-width: 625px) 100vw, 625px\" \/>An den Fachbereichen und Stationen des Rundgangs wurden die G\u00e4ste von gut gelaunten Lehrern und Sch\u00fclern empfangen. Sie erhielten viele Informationen \u00fcber die unterschiedlichen Angebote, von den Klassenpaten \u00fcber den gro\u00dfen Technikbereich bis zur Kunst und die Sprachen, wobei sich Latein mit VR-Brillen vorstellte und so das Alte Rom ganz neu erfahrbar machte.<\/p>\n<p><img loading=\"lazy\" decoding=\"async\" class=\"alignright wp-image-13523 size-large\" src=\"http:\/\/www.maria-koenigin.de\/wordpress\/wp-content\/uploads\/2024\/01\/4fb04e8e-d06f-4c49-9335-495a52a688cd-768x1024.jpeg\" alt=\"\" width=\"625\" height=\"833\" srcset=\"http:\/\/www.maria-koenigin.de\/wordpress\/wp-content\/uploads\/2024\/01\/4fb04e8e-d06f-4c49-9335-495a52a688cd-768x1024.jpeg 768w, http:\/\/www.maria-koenigin.de\/wordpress\/wp-content\/uploads\/2024\/01\/4fb04e8e-d06f-4c49-9335-495a52a688cd-225x300.jpeg 225w, http:\/\/www.maria-koenigin.de\/wordpress\/wp-content\/uploads\/2024\/01\/4fb04e8e-d06f-4c49-9335-495a52a688cd-1152x1536.jpeg 1152w, http:\/\/www.maria-koenigin.de\/wordpress\/wp-content\/uploads\/2024\/01\/4fb04e8e-d06f-4c49-9335-495a52a688cd-624x832.jpeg 624w, http:\/\/www.maria-koenigin.de\/wordpress\/wp-content\/uploads\/2024\/01\/4fb04e8e-d06f-4c49-9335-495a52a688cd.jpeg 1200w\" sizes=\"auto, (max-width: 625px) 100vw, 625px\" \/>Ein H\u00f6hepunkt bei jedem Tag der offenen T\u00fcr ist die Sporthalle, die durch ihre Gr\u00f6\u00dfe und die vielf\u00e4ltigen Angebote begeistert. In diesem Jahr kamen noch die Musicalproben f\u00fcr &#8222;The Greatest Showman&#8220; hinzu, das vom 15. bis 17. M\u00e4rz in drei Auff\u00fchrungen in der Sporthalle mit \u00fcber hundert Mitwirkenden pr\u00e4sentiert wird, hinzu.<\/p>\n<p><img loading=\"lazy\" decoding=\"async\" class=\"alignright wp-image-13524 size-large\" src=\"http:\/\/www.maria-koenigin.de\/wordpress\/wp-content\/uploads\/2024\/01\/afac29a3-82c8-4a5e-b3a3-56d98cf487c3-768x1024.jpeg\" alt=\"\" width=\"625\" height=\"833\" srcset=\"http:\/\/www.maria-koenigin.de\/wordpress\/wp-content\/uploads\/2024\/01\/afac29a3-82c8-4a5e-b3a3-56d98cf487c3-768x1024.jpeg 768w, http:\/\/www.maria-koenigin.de\/wordpress\/wp-content\/uploads\/2024\/01\/afac29a3-82c8-4a5e-b3a3-56d98cf487c3-225x300.jpeg 225w, http:\/\/www.maria-koenigin.de\/wordpress\/wp-content\/uploads\/2024\/01\/afac29a3-82c8-4a5e-b3a3-56d98cf487c3-1152x1536.jpeg 1152w, http:\/\/www.maria-koenigin.de\/wordpress\/wp-content\/uploads\/2024\/01\/afac29a3-82c8-4a5e-b3a3-56d98cf487c3-624x832.jpeg 624w, http:\/\/www.maria-koenigin.de\/wordpress\/wp-content\/uploads\/2024\/01\/afac29a3-82c8-4a5e-b3a3-56d98cf487c3.jpeg 1200w\" sizes=\"auto, (max-width: 625px) 100vw, 625px\" \/>Im Rahmen einer offenen Probe gab die Musical-Company einen Vorgeschmack auf das schwungvolle St\u00fcck.<\/p>\n<p>Den passenden Rahmen zu den Rundg\u00e4ngen lieferten Sonne und Schnee, die den Klosterberg in ein &#8222;Winterwonderland&#8220; verwandelten.<\/p>\n<p>Weitere Fotos folgen in den n\u00e4chsten Tagen.<\/p>\n<p>&nbsp;<\/p>\n","protected":false},"excerpt":{"rendered":"<p>Ein sonniger Tag war der Tag der offenen T\u00fcr in diesem Jahr in jeder Hinsicht. Bei strahlendem Sonnenschein besuchten \u00fcber 150 Kinder aus den vierten Klassen der umliegenden Schulen unser Gymnasium.<\/p>\n","protected":false},"author":7,"featured_media":0,"comment_status":"closed","ping_status":"closed","sticky":false,"template":"","format":"standard","meta":{"ngg_post_thumbnail":0,"footnotes":""},"categories":[4],"tags":[],"class_list":["post-13519","post","type-post","status-publish","format-standard","hentry","category-aktuelles"],"_links":{"self":[{"href":"http:\/\/www.maria-koenigin.de\/index.php?rest_route=\/wp\/v2\/posts\/13519","targetHints":{"allow":["GET"]}}],"collection":[{"href":"http:\/\/www.maria-koenigin.de\/index.php?rest_route=\/wp\/v2\/posts"}],"about":[{"href":"http:\/\/www.maria-koenigin.de\/index.php?rest_route=\/wp\/v2\/types\/post"}],"author":[{"embeddable":true,"href":"http:\/\/www.maria-koenigin.de\/index.php?rest_route=\/wp\/v2\/users\/7"}],"replies":[{"embeddable":true,"href":"http:\/\/www.maria-koenigin.de\/index.php?rest_route=%2Fwp%2Fv2%2Fcomments&post=13519"}],"version-history":[{"count":7,"href":"http:\/\/www.maria-koenigin.de\/index.php?rest_route=\/wp\/v2\/posts\/13519\/revisions"}],"predecessor-version":[{"id":13556,"href":"http:\/\/www.maria-koenigin.de\/index.php?rest_route=\/wp\/v2\/posts\/13519\/revisions\/13556"}],"wp:attachment":[{"href":"http:\/\/www.maria-koenigin.de\/index.php?rest_route=%2Fwp%2Fv2%2Fmedia&parent=13519"}],"wp:term":[{"taxonomy":"category","embeddable":true,"href":"http:\/\/www.maria-koenigin.de\/index.php?rest_route=%2Fwp%2Fv2%2Fcategories&post=13519"},{"taxonomy":"post_tag","embeddable":true,"href":"http:\/\/www.maria-koenigin.de\/index.php?rest_route=%2Fwp%2Fv2%2Ftags&post=13519"}],"curies":[{"name":"wp","href":"https:\/\/api.w.org\/{rel}","templated":true}]}}