{"id":13537,"date":"2024-01-23T19:21:36","date_gmt":"2024-01-23T18:21:36","guid":{"rendered":"https:\/\/www.maria-koenigin.de\/?p=13537"},"modified":"2024-01-23T19:21:36","modified_gmt":"2024-01-23T18:21:36","slug":"kundgebung-fuer-vielfalt-und-demokratie-wir-sind-dabei","status":"publish","type":"post","link":"http:\/\/www.maria-koenigin.de\/?p=13537","title":{"rendered":"Kundgebung f\u00fcr Vielfalt und Demokratie &#8211; wir sind dabei!"},"content":{"rendered":"<p style=\"text-align: justify;\"><img loading=\"lazy\" decoding=\"async\" class=\"alignright wp-image-13538 size-full\" src=\"http:\/\/www.maria-koenigin.de\/wordpress\/wp-content\/uploads\/2024\/01\/WhatsApp-Image-2024-01-23-at-17.24.04.jpeg\" alt=\"\" width=\"675\" height=\"675\" srcset=\"http:\/\/www.maria-koenigin.de\/wordpress\/wp-content\/uploads\/2024\/01\/WhatsApp-Image-2024-01-23-at-17.24.04.jpeg 675w, http:\/\/www.maria-koenigin.de\/wordpress\/wp-content\/uploads\/2024\/01\/WhatsApp-Image-2024-01-23-at-17.24.04-300x300.jpeg 300w, http:\/\/www.maria-koenigin.de\/wordpress\/wp-content\/uploads\/2024\/01\/WhatsApp-Image-2024-01-23-at-17.24.04-150x150.jpeg 150w, http:\/\/www.maria-koenigin.de\/wordpress\/wp-content\/uploads\/2024\/01\/WhatsApp-Image-2024-01-23-at-17.24.04-624x624.jpeg 624w\" sizes=\"auto, (max-width: 675px) 100vw, 675px\" \/>Am Freitag wird es eine gro\u00dfe Kundgebung der Jugend im Kreis Olpe geben. Der Kreisjugendring und der Bund der Deutschen Katholischen Jugend (BDKJ rufen dazu auf, ein Zeichen f\u00fcr Vielfalt und Demokratie zu setzen. Die Kundgebung startet um 16 Uhr. <!--more--><\/p>\n<p style=\"text-align: justify;\">Unsere SV unterst\u00fctzt die Veranstaltung und Sch\u00fclerinnen unserer Schule wirken auch bei der Kundgebung mit. Alexander Sieler und Ansgar Kaufmann haben die Veranstaltung mit organisiert.\u00a0 Als Gymnasium Maria K\u00f6nigin freuen wir uns, wenn unserer Schulgemeinde in gro0\u00dfer Zahl an der Kundgebung teilnimmt.<\/p>\n<p style=\"text-align: justify;\"><img loading=\"lazy\" decoding=\"async\" class=\"alignright wp-image-13540 size-large\" src=\"http:\/\/www.maria-koenigin.de\/wordpress\/wp-content\/uploads\/2024\/01\/Wir-stehen-auf-Demo-Olpe-pdf-end-conv-2-1024x1024.jpeg\" alt=\"\" width=\"625\" height=\"625\" srcset=\"http:\/\/www.maria-koenigin.de\/wordpress\/wp-content\/uploads\/2024\/01\/Wir-stehen-auf-Demo-Olpe-pdf-end-conv-2-1024x1024.jpeg 1024w, http:\/\/www.maria-koenigin.de\/wordpress\/wp-content\/uploads\/2024\/01\/Wir-stehen-auf-Demo-Olpe-pdf-end-conv-2-300x300.jpeg 300w, http:\/\/www.maria-koenigin.de\/wordpress\/wp-content\/uploads\/2024\/01\/Wir-stehen-auf-Demo-Olpe-pdf-end-conv-2-150x150.jpeg 150w, http:\/\/www.maria-koenigin.de\/wordpress\/wp-content\/uploads\/2024\/01\/Wir-stehen-auf-Demo-Olpe-pdf-end-conv-2-768x768.jpeg 768w, http:\/\/www.maria-koenigin.de\/wordpress\/wp-content\/uploads\/2024\/01\/Wir-stehen-auf-Demo-Olpe-pdf-end-conv-2-1536x1536.jpeg 1536w, http:\/\/www.maria-koenigin.de\/wordpress\/wp-content\/uploads\/2024\/01\/Wir-stehen-auf-Demo-Olpe-pdf-end-conv-2-2048x2048.jpeg 2048w, http:\/\/www.maria-koenigin.de\/wordpress\/wp-content\/uploads\/2024\/01\/Wir-stehen-auf-Demo-Olpe-pdf-end-conv-2-624x624.jpeg 624w\" sizes=\"auto, (max-width: 625px) 100vw, 625px\" \/>Wir teilen auch den Aufruf zur Kundgebung: &#8222;Die Jugend aus dem Kreis Olpe sieht mit Besorgnis aktuelle gesellschaftspolitische Entwicklungen in unserem Land: Ausl\u00e4nderfeindlichkeit, Antisemitismus, Rechtsradikalismus, Ausgrenzung von Minderheiten sowie das Infragestellen rechtsstaatlicher Strukturen erstarken in einigen Teilen von Politik und Gesellschaft. Die Situation im Sauerland ist noch im Gro\u00dfen und Ganzen gut. Wir wollen, dass das auch so bleibt. Die Grundlage bieten die Menschen- und Freiheitsrechte, wie sie im Grundgesetz formuliert sind. Allem voran steht die W\u00fcrde eines jeden Menschen.<br \/>\nWir Jugendliche und junge Erwachsene m\u00f6chten f\u00fcr Offenheit, Freiheit, Demokratie, Rechtsstaatlichkeit, Toleranz, Frieden und Miteinander in unserer Gesellschaft eintreten.<br \/>\nAm kommenden Freitag wollen wir daf\u00fcr ein starkes Zeichen setzen.<br \/>\nDeshalb rufen wir alle B\u00fcrgerinnen und B\u00fcrger auf, sich an unserer Kundgebung zu beteiligen. Wir treten f\u00fcr eine Zukunft ein, in der wir alle gerne leben wollen.<br \/>\nWir laden dazu ein, Banner und Fahnen der eigenen Organisationen sowie der Grundidee der Kundgebung entsprechende Transparente mitzubringen.<br \/>\nZeigt euch bunt und seid dabei! F\u00fcr Vielfalt und Demokratie.&#8220;<\/p>\n","protected":false},"excerpt":{"rendered":"<p>Am Freitag wird es eine gro\u00dfe Kundgebung der Jugend im Kreis Olpe geben. Der Kreisjugendring und der Bund der Deutschen Katholischen Jugend (BDKJ rufen dazu auf, ein Zeichen f\u00fcr Vielfalt und Demokratie zu setzen. Die Kundgebung startet um 16 Uhr.<\/p>\n","protected":false},"author":7,"featured_media":0,"comment_status":"closed","ping_status":"closed","sticky":false,"template":"","format":"standard","meta":{"ngg_post_thumbnail":0,"footnotes":""},"categories":[4],"tags":[],"class_list":["post-13537","post","type-post","status-publish","format-standard","hentry","category-aktuelles"],"_links":{"self":[{"href":"http:\/\/www.maria-koenigin.de\/index.php?rest_route=\/wp\/v2\/posts\/13537","targetHints":{"allow":["GET"]}}],"collection":[{"href":"http:\/\/www.maria-koenigin.de\/index.php?rest_route=\/wp\/v2\/posts"}],"about":[{"href":"http:\/\/www.maria-koenigin.de\/index.php?rest_route=\/wp\/v2\/types\/post"}],"author":[{"embeddable":true,"href":"http:\/\/www.maria-koenigin.de\/index.php?rest_route=\/wp\/v2\/users\/7"}],"replies":[{"embeddable":true,"href":"http:\/\/www.maria-koenigin.de\/index.php?rest_route=%2Fwp%2Fv2%2Fcomments&post=13537"}],"version-history":[{"count":2,"href":"http:\/\/www.maria-koenigin.de\/index.php?rest_route=\/wp\/v2\/posts\/13537\/revisions"}],"predecessor-version":[{"id":13542,"href":"http:\/\/www.maria-koenigin.de\/index.php?rest_route=\/wp\/v2\/posts\/13537\/revisions\/13542"}],"wp:attachment":[{"href":"http:\/\/www.maria-koenigin.de\/index.php?rest_route=%2Fwp%2Fv2%2Fmedia&parent=13537"}],"wp:term":[{"taxonomy":"category","embeddable":true,"href":"http:\/\/www.maria-koenigin.de\/index.php?rest_route=%2Fwp%2Fv2%2Fcategories&post=13537"},{"taxonomy":"post_tag","embeddable":true,"href":"http:\/\/www.maria-koenigin.de\/index.php?rest_route=%2Fwp%2Fv2%2Ftags&post=13537"}],"curies":[{"name":"wp","href":"https:\/\/api.w.org\/{rel}","templated":true}]}}