{"id":13551,"date":"2024-01-27T17:00:59","date_gmt":"2024-01-27T16:00:59","guid":{"rendered":"https:\/\/www.maria-koenigin.de\/?p=13551"},"modified":"2024-01-24T22:49:25","modified_gmt":"2024-01-24T21:49:25","slug":"die-deutsch-franzoesische-freundschaft-wird-gefeiert","status":"publish","type":"post","link":"http:\/\/www.maria-koenigin.de\/?p=13551","title":{"rendered":"Die deutsch-franz\u00f6sische Freundschaft wird gefeiert!"},"content":{"rendered":"<p style=\"text-align: justify;\"><img loading=\"lazy\" decoding=\"async\" class=\"alignright wp-image-13552 size-full\" src=\"http:\/\/www.maria-koenigin.de\/wordpress\/wp-content\/uploads\/2024\/01\/Deutschfranzoesische-Freundschaft1.jpg\" alt=\"\" width=\"640\" height=\"480\" srcset=\"http:\/\/www.maria-koenigin.de\/wordpress\/wp-content\/uploads\/2024\/01\/Deutschfranzoesische-Freundschaft1.jpg 640w, http:\/\/www.maria-koenigin.de\/wordpress\/wp-content\/uploads\/2024\/01\/Deutschfranzoesische-Freundschaft1-300x225.jpg 300w, http:\/\/www.maria-koenigin.de\/wordpress\/wp-content\/uploads\/2024\/01\/Deutschfranzoesische-Freundschaft1-624x468.jpg 624w\" sizes=\"auto, (max-width: 640px) 100vw, 640px\" \/>Wie jedes Jahr wird die deutsch-franz\u00f6sische Freundschaft gefeiert. Der \u00c9lys\u00e9e-Vertrag wurde vor mehr als 60 Jahren unterschrieben. Daher haben unsere Franz\u00f6sischkurse der Stufe 7 zusammen mit den Kurslehrerinnen Frau N\u00fcckel und Frau Terrones P\u00e9rez an dem Internet-Teamwettbewerb f\u00fcr Schulen mit Begeisterung und viel Interesse teilgenommen.<!--more--><\/p>\n<p style=\"text-align: justify;\"><img loading=\"lazy\" decoding=\"async\" class=\"alignright wp-image-13553 size-full\" src=\"http:\/\/www.maria-koenigin.de\/wordpress\/wp-content\/uploads\/2024\/01\/Deutschfranzoesiche-Freundschaft3.jpg\" alt=\"\" width=\"640\" height=\"451\" srcset=\"http:\/\/www.maria-koenigin.de\/wordpress\/wp-content\/uploads\/2024\/01\/Deutschfranzoesiche-Freundschaft3.jpg 640w, http:\/\/www.maria-koenigin.de\/wordpress\/wp-content\/uploads\/2024\/01\/Deutschfranzoesiche-Freundschaft3-300x211.jpg 300w, http:\/\/www.maria-koenigin.de\/wordpress\/wp-content\/uploads\/2024\/01\/Deutschfranzoesiche-Freundschaft3-624x440.jpg 624w\" sizes=\"auto, (max-width: 640px) 100vw, 640px\" \/><img loading=\"lazy\" decoding=\"async\" class=\"alignright wp-image-13554 size-full\" src=\"http:\/\/www.maria-koenigin.de\/wordpress\/wp-content\/uploads\/2024\/01\/Deutschfranzoesische-Freundschaft2.jpg\" alt=\"\" width=\"640\" height=\"480\" srcset=\"http:\/\/www.maria-koenigin.de\/wordpress\/wp-content\/uploads\/2024\/01\/Deutschfranzoesische-Freundschaft2.jpg 640w, http:\/\/www.maria-koenigin.de\/wordpress\/wp-content\/uploads\/2024\/01\/Deutschfranzoesische-Freundschaft2-300x225.jpg 300w, http:\/\/www.maria-koenigin.de\/wordpress\/wp-content\/uploads\/2024\/01\/Deutschfranzoesische-Freundschaft2-624x468.jpg 624w\" sizes=\"auto, (max-width: 640px) 100vw, 640px\" \/>Die Frageb\u00f6gen enthielten verschiedene Aufgaben in acht unterschiedlichen Bereichen wie Frankophonie, Geschichte, Stars, Sport und Freizeitaktivit\u00e4ten und Engagement in Frankreich. Die Aufgaben wurden mithilfe von deutschen und frankophonen Internetseiten beantwortet. Durch den Wechsel unterschiedlicher Aufgabenformate wie Kreuzwortr\u00e4tsel, L\u00fcckentexte, Zuordnungen u. a. zeigten die Sch\u00fclerinnen und Sch\u00fcler viel Engagement. Sie sind sehr gespannt auf ihre Ergebnisse.<\/p>\n<p style=\"text-align: justify;\"><em>Nathaly N\u00fcckel und Vera Terrones P\u00e9rez<\/em><\/p>\n","protected":false},"excerpt":{"rendered":"<p>Wie jedes Jahr wird die deutsch-franz\u00f6sische Freundschaft gefeiert. Der \u00c9lys\u00e9e-Vertrag wurde vor mehr als 60 Jahren unterschrieben. Daher haben unsere Franz\u00f6sischkurse der Stufe 7 zusammen mit den Kurslehrerinnen Frau N\u00fcckel und Frau Terrones P\u00e9rez an dem Internet-Teamwettbewerb f\u00fcr Schulen mit Begeisterung und viel Interesse teilgenommen.<\/p>\n","protected":false},"author":7,"featured_media":0,"comment_status":"closed","ping_status":"closed","sticky":false,"template":"","format":"standard","meta":{"ngg_post_thumbnail":0,"footnotes":""},"categories":[4],"tags":[],"class_list":["post-13551","post","type-post","status-publish","format-standard","hentry","category-aktuelles"],"_links":{"self":[{"href":"http:\/\/www.maria-koenigin.de\/index.php?rest_route=\/wp\/v2\/posts\/13551","targetHints":{"allow":["GET"]}}],"collection":[{"href":"http:\/\/www.maria-koenigin.de\/index.php?rest_route=\/wp\/v2\/posts"}],"about":[{"href":"http:\/\/www.maria-koenigin.de\/index.php?rest_route=\/wp\/v2\/types\/post"}],"author":[{"embeddable":true,"href":"http:\/\/www.maria-koenigin.de\/index.php?rest_route=\/wp\/v2\/users\/7"}],"replies":[{"embeddable":true,"href":"http:\/\/www.maria-koenigin.de\/index.php?rest_route=%2Fwp%2Fv2%2Fcomments&post=13551"}],"version-history":[{"count":1,"href":"http:\/\/www.maria-koenigin.de\/index.php?rest_route=\/wp\/v2\/posts\/13551\/revisions"}],"predecessor-version":[{"id":13555,"href":"http:\/\/www.maria-koenigin.de\/index.php?rest_route=\/wp\/v2\/posts\/13551\/revisions\/13555"}],"wp:attachment":[{"href":"http:\/\/www.maria-koenigin.de\/index.php?rest_route=%2Fwp%2Fv2%2Fmedia&parent=13551"}],"wp:term":[{"taxonomy":"category","embeddable":true,"href":"http:\/\/www.maria-koenigin.de\/index.php?rest_route=%2Fwp%2Fv2%2Fcategories&post=13551"},{"taxonomy":"post_tag","embeddable":true,"href":"http:\/\/www.maria-koenigin.de\/index.php?rest_route=%2Fwp%2Fv2%2Ftags&post=13551"}],"curies":[{"name":"wp","href":"https:\/\/api.w.org\/{rel}","templated":true}]}}