{"id":13599,"date":"2024-01-28T12:51:45","date_gmt":"2024-01-28T11:51:45","guid":{"rendered":"https:\/\/www.maria-koenigin.de\/?p=13599"},"modified":"2024-01-28T12:54:23","modified_gmt":"2024-01-28T11:54:23","slug":"rede-von-lisa-fleper-bei-demo-fuer-demokratie-und-vielfalt","status":"publish","type":"post","link":"http:\/\/www.maria-koenigin.de\/?p=13599","title":{"rendered":"Rede von Lisa Fleper bei Demo f\u00fcr Demokratie und Vielfalt"},"content":{"rendered":"<p style=\"text-align: justify;\"><img loading=\"lazy\" decoding=\"async\" class=\"alignright wp-image-13601 size-full\" src=\"http:\/\/www.maria-koenigin.de\/wordpress\/wp-content\/uploads\/2024\/01\/Vielfalt-und-Demokratie-1kl-1.jpg\" alt=\"\" width=\"640\" height=\"480\" srcset=\"http:\/\/www.maria-koenigin.de\/wordpress\/wp-content\/uploads\/2024\/01\/Vielfalt-und-Demokratie-1kl-1.jpg 640w, http:\/\/www.maria-koenigin.de\/wordpress\/wp-content\/uploads\/2024\/01\/Vielfalt-und-Demokratie-1kl-1-300x225.jpg 300w, http:\/\/www.maria-koenigin.de\/wordpress\/wp-content\/uploads\/2024\/01\/Vielfalt-und-Demokratie-1kl-1-624x468.jpg 624w\" sizes=\"auto, (max-width: 640px) 100vw, 640px\" \/>Mehr als 1.000 Menschen sind dem Aufruf zu einer Kundgebung f\u00fcr Demokratie und Vielfalt gefolgt, dem sich auch unsere SV und unser Schule insgesamt angeschlossen hatten. Mehr als 70 Organisationen, Parteien, kirchliche Gruppen und Institutionen, viele Jugendgruppen waren dem Aufruf der Jugendverb\u00e4nde gefolgt. Unser Gymnasium war gleich mehrfach an der Organisation und Durchf\u00fchrung beteiligt. Alexander Sieler hatte gemeinsam mit dem Kreisjugendring und dem BDKJ die Koordination der Veranstaltung \u00fcbernommen. Zum Organisationsteam geh\u00f6rten auch Ansgar Kaufmann und unser ehemaliger Sch\u00fcler Manuel Behle und unser ehemaliger Kollege Andreas Stein. Ein Video von der Veranstaltung findet sich hier <a href=\"https:\/\/www.youtube.com\/watch?v=IpdIZgJ3McE\">https:\/\/www.youtube.com\/watch?v=IpdIZgJ3McE<\/a> (Bilderdienst Olpe,Berthold Stamm)<!--more--><\/p>\n<p style=\"text-align: justify;\"><img loading=\"lazy\" decoding=\"async\" class=\"alignright wp-image-13602 size-full\" src=\"http:\/\/www.maria-koenigin.de\/wordpress\/wp-content\/uploads\/2024\/01\/Vielfalt-und-Demokratie4kl.jpg\" alt=\"\" width=\"640\" height=\"480\" srcset=\"http:\/\/www.maria-koenigin.de\/wordpress\/wp-content\/uploads\/2024\/01\/Vielfalt-und-Demokratie4kl.jpg 640w, http:\/\/www.maria-koenigin.de\/wordpress\/wp-content\/uploads\/2024\/01\/Vielfalt-und-Demokratie4kl-300x225.jpg 300w, http:\/\/www.maria-koenigin.de\/wordpress\/wp-content\/uploads\/2024\/01\/Vielfalt-und-Demokratie4kl-624x468.jpg 624w\" sizes=\"auto, (max-width: 640px) 100vw, 640px\" \/>F\u00fcr die musikalische Gestaltung war kurzfristig Hendrik Sch\u00f6rmann eingesprungen, der mit Hannah Tillmann unter anderem Songs aus \u201eThe Greatest Showman\u201c und \u201eNeue Br\u00fccken\u201c von Pur pr\u00e4sentierte. Bei \u201eUnser Stammbaum\u201c von den Bl\u00e4ck F\u00f6\u00f6ss sang zum Ende der Kundgebung der gesamte Marktplatz mit und setze so ein deutliches Zeichen f\u00fcr Vielfalt und gegen Rassismus.<\/p>\n<p style=\"text-align: justify;\"><img loading=\"lazy\" decoding=\"async\" class=\"alignright wp-image-13603 size-full\" src=\"http:\/\/www.maria-koenigin.de\/wordpress\/wp-content\/uploads\/2024\/01\/vielfalt-und-Demokratie-2kl.jpg\" alt=\"\" width=\"640\" height=\"480\" srcset=\"http:\/\/www.maria-koenigin.de\/wordpress\/wp-content\/uploads\/2024\/01\/vielfalt-und-Demokratie-2kl.jpg 640w, http:\/\/www.maria-koenigin.de\/wordpress\/wp-content\/uploads\/2024\/01\/vielfalt-und-Demokratie-2kl-300x225.jpg 300w, http:\/\/www.maria-koenigin.de\/wordpress\/wp-content\/uploads\/2024\/01\/vielfalt-und-Demokratie-2kl-624x468.jpg 624w\" sizes=\"auto, (max-width: 640px) 100vw, 640px\" \/>Gro\u00dfen Applaus erhielt auch unsere Sch\u00fclerin Lisa Fleper aus der Q1, die eine beeindruckende Rede hielt, die wir im Folgenden abdrucken.<\/p>\n<p style=\"text-align: justify;\"><strong>Lisa Fleper: \u201cWir stehen auf!\u201d &#8211; F\u00fcr Vielfalt &amp; Demokratie<\/strong><\/p>\n<p style=\"text-align: justify;\">\u201cDemokratie ist mehr als eine parlamentarische Regierungsform, sie ist eine Weltanschauung, die wurzelt in der Auffassung von der W\u00fcrde, dem Wert und den unver\u00e4u\u00dferlichen Rechten eines jeden einzelnen Menschen. Eine echte Demokratie mu\u00df diese unver\u00e4u\u00dferlichen Rechte und den Wert eines jeden einzelnen Menschen achten im staatlichen, im wirtschaftlichen und kulturellen Leben. Wer wirklich demokratisch denkt, mu\u00df Achtung vor dem anderen, vor dessen ehrlichen Wollen und Streben haben.\u201d<\/p>\n<p style=\"text-align: justify;\"><img loading=\"lazy\" decoding=\"async\" class=\"alignright wp-image-13604 size-full\" src=\"http:\/\/www.maria-koenigin.de\/wordpress\/wp-content\/uploads\/2024\/01\/vielfalt-und-demoktratie-3kl.jpg\" alt=\"\" width=\"640\" height=\"853\" srcset=\"http:\/\/www.maria-koenigin.de\/wordpress\/wp-content\/uploads\/2024\/01\/vielfalt-und-demoktratie-3kl.jpg 640w, http:\/\/www.maria-koenigin.de\/wordpress\/wp-content\/uploads\/2024\/01\/vielfalt-und-demoktratie-3kl-225x300.jpg 225w, http:\/\/www.maria-koenigin.de\/wordpress\/wp-content\/uploads\/2024\/01\/vielfalt-und-demoktratie-3kl-624x832.jpg 624w\" sizes=\"auto, (max-width: 640px) 100vw, 640px\" \/>Mit diesen Worten beendet Konrad Adenauer seine \u00dcberlegungen zur Frage, wie es zum Nationalsozialismus in Deutschland kommen konnte. Davor schildert er die Geschichte deutscher Demokratie und macht auf Dinge aufmerksam, welche zum Fall dieser in unserem Land 1933 beigetragen haben. Ich lebe in diesem Land mit dem Wissen, dass meine Stimme z\u00e4hlt. Meine Meinung ist erw\u00fcnscht, meine St\u00e4rken werden gew\u00fcrdigt, meine Einzigartigkeit gewertsch\u00e4tzt. Ich will gar nicht so genau wissen, wie es w\u00e4re, wenn ich nicht sagen k\u00f6nnte, was ich will. Wenn ich nicht reden k\u00f6nnte, mit wem ich will und wo ich will. Wenn ich nicht offen auf jede Person zugehen k\u00f6nnte, in der Angst, mit jemandem zu sprechen, der mich verr\u00e4t. Ich kann mir nicht vorstellen Gesetze zu befolgen, um Menschen um mich herum auszugrenzen, aus dem einfachen Grund, dass sie Menschen sind. Ich kann mir nicht vorstellen im Unterricht auf die Beitr\u00e4ge meiner Mitsch\u00fcler*innen zu verzichten, weil ihre Eltern oder sie selbst nicht in diesem Land geboren wurden. Dieses Land. Unser Land! Das Land, welches weltweit f\u00fcr Freiheit und Demokratie bekannt ist. Das Land, welches f\u00fcr viele Menschen als ihr Ziel einer teils langen und beschwerlichen Reise auserkoren wurde. In der Hoffnung, in ihm eine neue Heimat zu finden. Und dann kommen wir und machen dieses Ziel kaputt?<\/p>\n<p style=\"text-align: justify;\"><img loading=\"lazy\" decoding=\"async\" class=\"alignright wp-image-13609 size-full\" src=\"http:\/\/www.maria-koenigin.de\/wordpress\/wp-content\/uploads\/2024\/01\/Vielfalt-und-Demokratie5.jpg\" alt=\"\" width=\"940\" height=\"626\" srcset=\"http:\/\/www.maria-koenigin.de\/wordpress\/wp-content\/uploads\/2024\/01\/Vielfalt-und-Demokratie5.jpg 940w, http:\/\/www.maria-koenigin.de\/wordpress\/wp-content\/uploads\/2024\/01\/Vielfalt-und-Demokratie5-300x200.jpg 300w, http:\/\/www.maria-koenigin.de\/wordpress\/wp-content\/uploads\/2024\/01\/Vielfalt-und-Demokratie5-768x511.jpg 768w, http:\/\/www.maria-koenigin.de\/wordpress\/wp-content\/uploads\/2024\/01\/Vielfalt-und-Demokratie5-624x416.jpg 624w\" sizes=\"auto, (max-width: 940px) 100vw, 940px\" \/>Artikel 1: \u201cDie W\u00fcrde des Menschen ist unantastbar, [&#8230;] Das Deutsche Volk bekennt sich darum zu unverletzlichen und unver\u00e4u\u00dferlichen Menschenrechten als Grundlage jeder menschlichen Gemeinschaft, des Friedens und der Gerechtigkeit in der Welt.&#8220;<\/p>\n<p style=\"text-align: justify;\">Klare Worte und nicht in Frage zu stellen. Sie bilden den Grundstein unserer Demokratie und machen unser Menschsein aus. In meinem Umfeld wird Gemeinschaft genau so gelebt. Da ist es kein Makel, nicht Christ zu sein, nicht straight zu sein, nicht wei\u00df zu sein, nicht ohne Migrationshintergrund zu sein, k\u00f6rperlich beeintr\u00e4chtigt zu sein. Und vor allem ist es kein Makel f\u00fcreinander da zu sein und sich gegenseitig Mut zu machen. Deswegen bin ich hier. Ich stehe nicht hier, um gegen irgendetwas zu protestieren. Ich stehe nicht hier, um gegen andere Menschen, Ansichten oder Ideologien aufzuhetzen.<\/p>\n<p style=\"text-align: justify;\">Nein! Ich stehe hier, um unser Grundgesetz zu w\u00fcrdigen. Um an unsere Demokratie zu erinnern und an die N\u00e4chstenliebe zu appellieren. Ich will zeigen, dass wir alle Menschen sind und dass wir alle miteinander leben k\u00f6nnen. F\u00fcr meinen Frieden muss sich niemand verstecken oder verstellen. F\u00fcr meinen Frieden muss niemand gezwungen werden, etwas zu tun oder zu lassen. F\u00fcr meinen Frieden muss niemand einem Ideal entsprechen.<\/p>\n<p style=\"text-align: justify;\"><img loading=\"lazy\" decoding=\"async\" class=\"aligncenter wp-image-13608 size-full\" src=\"http:\/\/www.maria-koenigin.de\/wordpress\/wp-content\/uploads\/2024\/01\/Veilfalt-und-Demokratie6.jpg\" alt=\"\" width=\"940\" height=\"626\" srcset=\"http:\/\/www.maria-koenigin.de\/wordpress\/wp-content\/uploads\/2024\/01\/Veilfalt-und-Demokratie6.jpg 940w, http:\/\/www.maria-koenigin.de\/wordpress\/wp-content\/uploads\/2024\/01\/Veilfalt-und-Demokratie6-300x200.jpg 300w, http:\/\/www.maria-koenigin.de\/wordpress\/wp-content\/uploads\/2024\/01\/Veilfalt-und-Demokratie6-768x511.jpg 768w, http:\/\/www.maria-koenigin.de\/wordpress\/wp-content\/uploads\/2024\/01\/Veilfalt-und-Demokratie6-624x416.jpg 624w\" sizes=\"auto, (max-width: 940px) 100vw, 940px\" \/>Im Gegenteil: Ich w\u00fcnsche mir f\u00fcr meinen Frieden Vielfalt und Gleichberechtigung. Einen bunten Mix und Austausch unter meinen Freunden. Ich w\u00fcnsche mir Zusammenhalt und Unterst\u00fctzung. Und ich w\u00fcnsche mir, dass alle Menschen gut und gl\u00fccklich miteinander auskommen und sich dar\u00fcber freuen, nicht alle gleich zu sein. Deutschland lebt eine Demokratie. Und auch wenn ich mir das nicht ausgesucht habe bin ich froh, ein Teil davon zu sein. Tausende Menschen jedoch entscheiden sich dazu, ein Teil unserer Demokratie werden zu wollen.<\/p>\n<p style=\"text-align: justify;\">Ich finde es ist nur fair, diesen Menschen zu zeigen, was das hei\u00dft und wof\u00fcr wir stehen. F\u00fcr Offenheit und Freiheit. F\u00fcr Toleranz und Frieden. F\u00fcr Vielfalt und Demokratie. F\u00fcr die W\u00fcrde eines jeden einzelnen Menschen.<\/p>\n<p><em>(Fotos Kaufmann und WP, J\u00f6rg Winkel)<\/em><\/p>\n<p>&nbsp;<\/p>\n","protected":false},"excerpt":{"rendered":"<p>Mehr als 1.000 Menschen sind dem Aufruf zu einer Kundgebung f\u00fcr Demokratie und Vielfalt gefolgt, dem sich auch unsere SV und unser Schule insgesamt angeschlossen hatten. Mehr als 70 Organisationen, Parteien, kirchliche Gruppen und Institutionen, viele Jugendgruppen waren dem Aufruf der Jugendverb\u00e4nde gefolgt. Unser Gymnasium war gleich mehrfach an der Organisation und Durchf\u00fchrung beteiligt. Alexander [&hellip;]<\/p>\n","protected":false},"author":7,"featured_media":0,"comment_status":"closed","ping_status":"closed","sticky":false,"template":"","format":"standard","meta":{"ngg_post_thumbnail":0,"footnotes":""},"categories":[4],"tags":[],"class_list":["post-13599","post","type-post","status-publish","format-standard","hentry","category-aktuelles"],"_links":{"self":[{"href":"http:\/\/www.maria-koenigin.de\/index.php?rest_route=\/wp\/v2\/posts\/13599","targetHints":{"allow":["GET"]}}],"collection":[{"href":"http:\/\/www.maria-koenigin.de\/index.php?rest_route=\/wp\/v2\/posts"}],"about":[{"href":"http:\/\/www.maria-koenigin.de\/index.php?rest_route=\/wp\/v2\/types\/post"}],"author":[{"embeddable":true,"href":"http:\/\/www.maria-koenigin.de\/index.php?rest_route=\/wp\/v2\/users\/7"}],"replies":[{"embeddable":true,"href":"http:\/\/www.maria-koenigin.de\/index.php?rest_route=%2Fwp%2Fv2%2Fcomments&post=13599"}],"version-history":[{"count":3,"href":"http:\/\/www.maria-koenigin.de\/index.php?rest_route=\/wp\/v2\/posts\/13599\/revisions"}],"predecessor-version":[{"id":13612,"href":"http:\/\/www.maria-koenigin.de\/index.php?rest_route=\/wp\/v2\/posts\/13599\/revisions\/13612"}],"wp:attachment":[{"href":"http:\/\/www.maria-koenigin.de\/index.php?rest_route=%2Fwp%2Fv2%2Fmedia&parent=13599"}],"wp:term":[{"taxonomy":"category","embeddable":true,"href":"http:\/\/www.maria-koenigin.de\/index.php?rest_route=%2Fwp%2Fv2%2Fcategories&post=13599"},{"taxonomy":"post_tag","embeddable":true,"href":"http:\/\/www.maria-koenigin.de\/index.php?rest_route=%2Fwp%2Fv2%2Ftags&post=13599"}],"curies":[{"name":"wp","href":"https:\/\/api.w.org\/{rel}","templated":true}]}}