{"id":13627,"date":"2024-01-31T23:24:29","date_gmt":"2024-01-31T22:24:29","guid":{"rendered":"https:\/\/www.maria-koenigin.de\/?p=13627"},"modified":"2024-02-09T17:08:09","modified_gmt":"2024-02-09T16:08:09","slug":"viel-spass-beim-wintersportwandertag","status":"publish","type":"post","link":"http:\/\/www.maria-koenigin.de\/?p=13627","title":{"rendered":"Viel Spa\u00df beim Wintersportwandertag"},"content":{"rendered":"<p style=\"text-align: justify;\"><img loading=\"lazy\" decoding=\"async\" class=\"alignright wp-image-13629 size-full\" src=\"http:\/\/www.maria-koenigin.de\/wordpress\/wp-content\/uploads\/2024\/01\/Postwiese1kl.jpg\" alt=\"\" width=\"640\" height=\"480\" srcset=\"http:\/\/www.maria-koenigin.de\/wordpress\/wp-content\/uploads\/2024\/01\/Postwiese1kl.jpg 640w, http:\/\/www.maria-koenigin.de\/wordpress\/wp-content\/uploads\/2024\/01\/Postwiese1kl-300x225.jpg 300w, http:\/\/www.maria-koenigin.de\/wordpress\/wp-content\/uploads\/2024\/01\/Postwiese1kl-624x468.jpg 624w\" sizes=\"auto, (max-width: 640px) 100vw, 640px\" \/>Viel Spa\u00df hatten unsere Sch\u00fclerinnen und Sch\u00fcler beim Wintersportwandertag. Die gr\u00f6\u00dfte Gruppe hatte sich auf den Weg nach Winterberg zur Postwiese gemacht und fand dort trotz milder Temperaturen in den letzten Tagen noch gute Bedingungen vor. <!--more--><\/p>\n<p style=\"text-align: justify;\"><img loading=\"lazy\" decoding=\"async\" class=\"alignright wp-image-13630 size-full\" src=\"http:\/\/www.maria-koenigin.de\/wordpress\/wp-content\/uploads\/2024\/01\/Postwiese-Skilehrerkl.jpg\" alt=\"\" width=\"640\" height=\"349\" srcset=\"http:\/\/www.maria-koenigin.de\/wordpress\/wp-content\/uploads\/2024\/01\/Postwiese-Skilehrerkl.jpg 640w, http:\/\/www.maria-koenigin.de\/wordpress\/wp-content\/uploads\/2024\/01\/Postwiese-Skilehrerkl-300x164.jpg 300w, http:\/\/www.maria-koenigin.de\/wordpress\/wp-content\/uploads\/2024\/01\/Postwiese-Skilehrerkl-624x340.jpg 624w\" sizes=\"auto, (max-width: 640px) 100vw, 640px\" \/><\/p>\n<p style=\"text-align: justify;\">W\u00e4hrend am Tag der offenen T\u00fcr noch im ganzen Sauerland \u201eWinter Wonderland\u201c angesagt war, stand der Schneesportwandertag auf der Postwiese am letzten Januartag 2024 doch erst auf der Kippe. Zum Gl\u00fcck hatte Neuastenberg in Sachen Schneekanonen ordentlich aufger\u00fcstet und die wichtigsten Lifte waren noch offen. Also hie\u00df es um 8 Uhr bei der Sauerlandhalle: Rein in Bus 1 bis 8 und los geht\u2019s!<\/p>\n<p style=\"text-align: justify;\">Neben 300 Freifahrern, die das Skigebiet in Kleingruppen auf eigene Faust erkundeten, waren ganze 16 Skischulgruppen mit insgesamt 35 Skilehrerinnen und -lehrern aus den eigenen MK-Reihen unterwegs. Mit au\u00dferordentlicher Geduld und fachlicher Expertise zeigten Sch\u00fclerinnen und Sch\u00fcler aus der Q2, Q1 sowie einige Sporthelfer aus den 10er-Klassen, wie man auf den Brettern steht&#8230;und vor allem sauber und sicher f\u00e4hrt. Nachdem sich alle Skifahrer und Skifahrerinnen mittags eine Currywurst, K\u00e4sesp\u00e4tzle oder Fritten g\u00f6nnten, ging es dann nochmal f\u00fcr ein St\u00fcndchen auf die Latten.<\/p>\n<p style=\"text-align: justify;\">So machten alle an diesem besonderen Schultag tolle Erfahrungen und lernten von Level A bis D etwas dazu. Die Sportfachschaft war sich einig: Alle Kinder und Jugendlichen hatten einen Wahnsinnsjob gemacht. Und das Wichtigste: Es gab keine gr\u00f6\u00dferen Verletzungen.<\/p>\n<p style=\"text-align: justify;\">Belohnt wurden die Skihelferinnen und -helfer am Ende des Tages ganz traditionell mit einer Runde Skiwasser in der Schirmbar, um auf den grandiosen Tag anzusto\u00dfen. Das Ende des Tages muss man allerdings wortw\u00f6rtlich nehmen: Bis zur letzten Liftfahrt um 16:30 Uhr waren die Skilehrerinnen und -lehrer \u201eohne Anhang\u201c unterwegs und kamen so auf ihre Kosten. Auch im Bus wurde gesanglich noch ordentlich weitergefeiert.\u00a0<img loading=\"lazy\" decoding=\"async\" class=\"alignright wp-image-13631 size-full\" src=\"http:\/\/www.maria-koenigin.de\/wordpress\/wp-content\/uploads\/2024\/01\/Postwiese2kl.jpg\" alt=\"\" width=\"640\" height=\"480\" srcset=\"http:\/\/www.maria-koenigin.de\/wordpress\/wp-content\/uploads\/2024\/01\/Postwiese2kl.jpg 640w, http:\/\/www.maria-koenigin.de\/wordpress\/wp-content\/uploads\/2024\/01\/Postwiese2kl-300x225.jpg 300w, http:\/\/www.maria-koenigin.de\/wordpress\/wp-content\/uploads\/2024\/01\/Postwiese2kl-624x468.jpg 624w\" sizes=\"auto, (max-width: 640px) 100vw, 640px\" \/><\/p>\n<p style=\"text-align: justify;\"><img loading=\"lazy\" decoding=\"async\" class=\"alignright wp-image-13628 size-full\" src=\"http:\/\/www.maria-koenigin.de\/wordpress\/wp-content\/uploads\/2024\/01\/Gruppe-Wiehlkl.jpg\" alt=\"\" width=\"640\" height=\"175\" srcset=\"http:\/\/www.maria-koenigin.de\/wordpress\/wp-content\/uploads\/2024\/01\/Gruppe-Wiehlkl.jpg 640w, http:\/\/www.maria-koenigin.de\/wordpress\/wp-content\/uploads\/2024\/01\/Gruppe-Wiehlkl-300x82.jpg 300w, http:\/\/www.maria-koenigin.de\/wordpress\/wp-content\/uploads\/2024\/01\/Gruppe-Wiehlkl-624x171.jpg 624w\" sizes=\"auto, (max-width: 640px) 100vw, 640px\" \/>Die Eishalle in Wiehl war das Ziel einer weiteren gro\u00dfen Gruppe, \u00fcberwiegend aus den unteren Klassen. Auch hier stand neben dem Erleben der Bewegung auf dem Eis der Spa\u00df im Vordergrund.<\/p>\n<p style=\"text-align: justify;\"><img loading=\"lazy\" decoding=\"async\" class=\"alignright wp-image-13633 size-full\" src=\"http:\/\/www.maria-koenigin.de\/wordpress\/wp-content\/uploads\/2024\/01\/Wiehl3kl.jpg\" alt=\"\" width=\"640\" height=\"427\" srcset=\"http:\/\/www.maria-koenigin.de\/wordpress\/wp-content\/uploads\/2024\/01\/Wiehl3kl.jpg 640w, http:\/\/www.maria-koenigin.de\/wordpress\/wp-content\/uploads\/2024\/01\/Wiehl3kl-300x200.jpg 300w, http:\/\/www.maria-koenigin.de\/wordpress\/wp-content\/uploads\/2024\/01\/Wiehl3kl-624x416.jpg 624w\" sizes=\"auto, (max-width: 640px) 100vw, 640px\" \/><img loading=\"lazy\" decoding=\"async\" class=\"alignright wp-image-13636 size-full\" src=\"http:\/\/www.maria-koenigin.de\/wordpress\/wp-content\/uploads\/2024\/01\/Wiehl2kl.jpg\" alt=\"\" width=\"640\" height=\"427\" srcset=\"http:\/\/www.maria-koenigin.de\/wordpress\/wp-content\/uploads\/2024\/01\/Wiehl2kl.jpg 640w, http:\/\/www.maria-koenigin.de\/wordpress\/wp-content\/uploads\/2024\/01\/Wiehl2kl-300x200.jpg 300w, http:\/\/www.maria-koenigin.de\/wordpress\/wp-content\/uploads\/2024\/01\/Wiehl2kl-624x416.jpg 624w\" sizes=\"auto, (max-width: 640px) 100vw, 640px\" \/>Dar\u00fcber hinaus gab es Wandergruppen, die in der Umgebung der Schule unterwegs waren.<\/p>\n<p style=\"text-align: justify;\"><img loading=\"lazy\" decoding=\"async\" class=\"alignright wp-image-13632 size-full\" src=\"http:\/\/www.maria-koenigin.de\/wordpress\/wp-content\/uploads\/2024\/01\/Wiehl4kl.jpg\" alt=\"\" width=\"640\" height=\"427\" srcset=\"http:\/\/www.maria-koenigin.de\/wordpress\/wp-content\/uploads\/2024\/01\/Wiehl4kl.jpg 640w, http:\/\/www.maria-koenigin.de\/wordpress\/wp-content\/uploads\/2024\/01\/Wiehl4kl-300x200.jpg 300w, http:\/\/www.maria-koenigin.de\/wordpress\/wp-content\/uploads\/2024\/01\/Wiehl4kl-624x416.jpg 624w\" sizes=\"auto, (max-width: 640px) 100vw, 640px\" \/>In vier Stunden sorgte schlie\u00dflich eine andere Gruppe daf\u00fcr, dass die Aluscheune aufger\u00e4umt wurde und \u00a0eine gro\u00dfe Menge an Aluminium sortiert und gepresst werden konnte.<\/p>\n<p style=\"text-align: justify;\"><img loading=\"lazy\" decoding=\"async\" class=\"alignright wp-image-13634 size-full\" src=\"http:\/\/www.maria-koenigin.de\/wordpress\/wp-content\/uploads\/2024\/01\/Aluscheunekl.jpg\" alt=\"\" width=\"640\" height=\"853\" srcset=\"http:\/\/www.maria-koenigin.de\/wordpress\/wp-content\/uploads\/2024\/01\/Aluscheunekl.jpg 640w, http:\/\/www.maria-koenigin.de\/wordpress\/wp-content\/uploads\/2024\/01\/Aluscheunekl-225x300.jpg 225w, http:\/\/www.maria-koenigin.de\/wordpress\/wp-content\/uploads\/2024\/01\/Aluscheunekl-624x832.jpg 624w\" sizes=\"auto, (max-width: 640px) 100vw, 640px\" \/>Der Tag wurde von den Sportlehrern unter Leitung von Simon Lauterbach organisiert. Wir bedanken uns bei allen, die zum Erfolg des Tages beigetragen haben.<\/p>\n","protected":false},"excerpt":{"rendered":"<p>Viel Spa\u00df hatten unsere Sch\u00fclerinnen und Sch\u00fcler beim Wintersportwandertag. Die gr\u00f6\u00dfte Gruppe hatte sich auf den Weg nach Winterberg zur Postwiese gemacht und fand dort trotz milder Temperaturen in den letzten Tagen noch gute Bedingungen vor.<\/p>\n","protected":false},"author":7,"featured_media":0,"comment_status":"closed","ping_status":"closed","sticky":false,"template":"","format":"standard","meta":{"ngg_post_thumbnail":0,"footnotes":""},"categories":[4],"tags":[],"class_list":["post-13627","post","type-post","status-publish","format-standard","hentry","category-aktuelles"],"_links":{"self":[{"href":"http:\/\/www.maria-koenigin.de\/index.php?rest_route=\/wp\/v2\/posts\/13627","targetHints":{"allow":["GET"]}}],"collection":[{"href":"http:\/\/www.maria-koenigin.de\/index.php?rest_route=\/wp\/v2\/posts"}],"about":[{"href":"http:\/\/www.maria-koenigin.de\/index.php?rest_route=\/wp\/v2\/types\/post"}],"author":[{"embeddable":true,"href":"http:\/\/www.maria-koenigin.de\/index.php?rest_route=\/wp\/v2\/users\/7"}],"replies":[{"embeddable":true,"href":"http:\/\/www.maria-koenigin.de\/index.php?rest_route=%2Fwp%2Fv2%2Fcomments&post=13627"}],"version-history":[{"count":3,"href":"http:\/\/www.maria-koenigin.de\/index.php?rest_route=\/wp\/v2\/posts\/13627\/revisions"}],"predecessor-version":[{"id":13695,"href":"http:\/\/www.maria-koenigin.de\/index.php?rest_route=\/wp\/v2\/posts\/13627\/revisions\/13695"}],"wp:attachment":[{"href":"http:\/\/www.maria-koenigin.de\/index.php?rest_route=%2Fwp%2Fv2%2Fmedia&parent=13627"}],"wp:term":[{"taxonomy":"category","embeddable":true,"href":"http:\/\/www.maria-koenigin.de\/index.php?rest_route=%2Fwp%2Fv2%2Fcategories&post=13627"},{"taxonomy":"post_tag","embeddable":true,"href":"http:\/\/www.maria-koenigin.de\/index.php?rest_route=%2Fwp%2Fv2%2Ftags&post=13627"}],"curies":[{"name":"wp","href":"https:\/\/api.w.org\/{rel}","templated":true}]}}