{"id":13641,"date":"2024-02-04T17:57:52","date_gmt":"2024-02-04T16:57:52","guid":{"rendered":"https:\/\/www.maria-koenigin.de\/?p=13641"},"modified":"2024-02-04T22:22:32","modified_gmt":"2024-02-04T21:22:32","slug":"ereignisreiche-wochen-austausch-wintertag-und-musical","status":"publish","type":"post","link":"http:\/\/www.maria-koenigin.de\/?p=13641","title":{"rendered":"Ereignisreiche Wochen: Austausch, Wintertag und Musical"},"content":{"rendered":"<p style=\"text-align: justify;\"><img loading=\"lazy\" decoding=\"async\" class=\"alignright wp-image-13642 size-full\" src=\"http:\/\/www.maria-koenigin.de\/wordpress\/wp-content\/uploads\/2024\/02\/showman_proben_1.jpg\" alt=\"\" width=\"640\" height=\"853\" srcset=\"http:\/\/www.maria-koenigin.de\/wordpress\/wp-content\/uploads\/2024\/02\/showman_proben_1.jpg 640w, http:\/\/www.maria-koenigin.de\/wordpress\/wp-content\/uploads\/2024\/02\/showman_proben_1-225x300.jpg 225w, http:\/\/www.maria-koenigin.de\/wordpress\/wp-content\/uploads\/2024\/02\/showman_proben_1-624x832.jpg 624w\" sizes=\"auto, (max-width: 640px) 100vw, 640px\" \/>Das zweite Schulhalbjahr startet am Gymnasium Maria K\u00f6nigin mit zahlreichen Aktivit\u00e4ten. Eine Gruppe aus der Oberstufe ist zur Exkursion nach Madrid aufgebrochen, noch im Februar folgen der Austausch der Jahrgangsstufen 9 und 10 mit der t\u00fcrkischen Partnerstadt Caycuma und der Besuch irischer Schulen in Lennestadt, f\u00fcr das Lehrerkollegium gab es einen P\u00e4dagogischen Tag zum wichtigen Thema der \u201ePr\u00e4vention sexualisierter Gewalt\u201c, der Wintersportwandertag kann aufgrund guter Schneeverh\u00e4ltnisse in Winterberg stattfinden und die Klassen 8 absolvieren in Zusammenarbeit mit der Uni Siegen Workshops zum Thema \u201eMarkt\u201c.<!--more--><\/p>\n<p style=\"text-align: justify;\">Die Musical-Company probt intensiv f\u00fcr \u201eThe Greatest Showman\u201c, das gro\u00dfe Event vom 15. bis 17. M\u00e4rz. Daf\u00fcr sind bereits \u00fcber 1.000 Karten im Vorverkauf geordert worden. Interessenten sollten daher nicht mehr allzu lange mit dem Erwerb von Eintrittskarten warten. Diese sind weiterhin \u00fcber <a href=\"mailto:karten@maria-koenigin.de\">karten@maria-koenigin.de<\/a> oder unter Tel. 02723-68780 (Sekretariat) erh\u00e4ltlich.<\/p>\n<p>&nbsp;<\/p>\n","protected":false},"excerpt":{"rendered":"<p>Das zweite Schulhalbjahr startet am Gymnasium Maria K\u00f6nigin mit zahlreichen Aktivit\u00e4ten. Eine Gruppe aus der Oberstufe ist zur Exkursion nach Madrid aufgebrochen, noch im Februar folgen der Austausch der Jahrgangsstufen 9 und 10 mit der t\u00fcrkischen Partnerstadt Caycuma und der Besuch irischer Schulen in Lennestadt, f\u00fcr das Lehrerkollegium gab es einen P\u00e4dagogischen Tag zum wichtigen [&hellip;]<\/p>\n","protected":false},"author":7,"featured_media":0,"comment_status":"closed","ping_status":"closed","sticky":false,"template":"","format":"standard","meta":{"ngg_post_thumbnail":0,"footnotes":""},"categories":[4],"tags":[],"class_list":["post-13641","post","type-post","status-publish","format-standard","hentry","category-aktuelles"],"_links":{"self":[{"href":"http:\/\/www.maria-koenigin.de\/index.php?rest_route=\/wp\/v2\/posts\/13641","targetHints":{"allow":["GET"]}}],"collection":[{"href":"http:\/\/www.maria-koenigin.de\/index.php?rest_route=\/wp\/v2\/posts"}],"about":[{"href":"http:\/\/www.maria-koenigin.de\/index.php?rest_route=\/wp\/v2\/types\/post"}],"author":[{"embeddable":true,"href":"http:\/\/www.maria-koenigin.de\/index.php?rest_route=\/wp\/v2\/users\/7"}],"replies":[{"embeddable":true,"href":"http:\/\/www.maria-koenigin.de\/index.php?rest_route=%2Fwp%2Fv2%2Fcomments&post=13641"}],"version-history":[{"count":2,"href":"http:\/\/www.maria-koenigin.de\/index.php?rest_route=\/wp\/v2\/posts\/13641\/revisions"}],"predecessor-version":[{"id":13649,"href":"http:\/\/www.maria-koenigin.de\/index.php?rest_route=\/wp\/v2\/posts\/13641\/revisions\/13649"}],"wp:attachment":[{"href":"http:\/\/www.maria-koenigin.de\/index.php?rest_route=%2Fwp%2Fv2%2Fmedia&parent=13641"}],"wp:term":[{"taxonomy":"category","embeddable":true,"href":"http:\/\/www.maria-koenigin.de\/index.php?rest_route=%2Fwp%2Fv2%2Fcategories&post=13641"},{"taxonomy":"post_tag","embeddable":true,"href":"http:\/\/www.maria-koenigin.de\/index.php?rest_route=%2Fwp%2Fv2%2Ftags&post=13641"}],"curies":[{"name":"wp","href":"https:\/\/api.w.org\/{rel}","templated":true}]}}