{"id":13728,"date":"2024-02-12T09:27:04","date_gmt":"2024-02-12T08:27:04","guid":{"rendered":"https:\/\/www.maria-koenigin.de\/?p=13728"},"modified":"2024-02-12T09:27:04","modified_gmt":"2024-02-12T08:27:04","slug":"oekonomische-bildung-verstaerken-und-foerdern","status":"publish","type":"post","link":"http:\/\/www.maria-koenigin.de\/?p=13728","title":{"rendered":"\u00d6konomische Bildung verst\u00e4rken und f\u00f6rdern"},"content":{"rendered":"<p style=\"text-align: justify;\"><strong>Neue Kooperation zwischen dem Gymnasium Maria K\u00f6nigin und der Universit\u00e4t Siegen <\/strong><\/p>\n<p style=\"text-align: justify;\"><img loading=\"lazy\" decoding=\"async\" class=\"alignright wp-image-13729 size-full\" src=\"http:\/\/www.maria-koenigin.de\/wordpress\/wp-content\/uploads\/2024\/02\/Kooperation-MK-ZoeBiSkl.jpg\" alt=\"\" width=\"640\" height=\"480\" srcset=\"http:\/\/www.maria-koenigin.de\/wordpress\/wp-content\/uploads\/2024\/02\/Kooperation-MK-ZoeBiSkl.jpg 640w, http:\/\/www.maria-koenigin.de\/wordpress\/wp-content\/uploads\/2024\/02\/Kooperation-MK-ZoeBiSkl-300x225.jpg 300w, http:\/\/www.maria-koenigin.de\/wordpress\/wp-content\/uploads\/2024\/02\/Kooperation-MK-ZoeBiSkl-624x468.jpg 624w\" sizes=\"auto, (max-width: 640px) 100vw, 640px\" \/>Sie besiegelten die k\u00fcnftige Zusammenarbeit im Bereich der \u00d6konomie: Professor Nils Goldschmidt (Vorsitzender des Z\u00d6BIS), Schulleiter Fabian Borys, Annabell Treude (Fachbereich Sozialwissenschaften) und Dr. Marco Rehm (Gesch\u00e4ftsf\u00fchrer des Z\u00d6BIS).\u00a0 \u00a0 \u00a0 <!--more--><\/p>\n<p style=\"text-align: justify;\">Wie funktioniert der \u201eMarkt\u201c? Welche Gr\u00f6\u00dfen beeinflussen die Preisbildung? Was sind sinnvolle Wohlstandsindikatoren?\u00a0Mit solchen und \u00e4hnlichen Fragen werden sich die Sch\u00fcler des Gymnasiums Maria K\u00f6nigin in Zukunft st\u00e4rker besch\u00e4ftigen. Das Gymnasium hat einen Kooperationsvertrag mit dem Zentrum f\u00fcr \u00f6konomische Bildung der Universit\u00e4t Siegen (Z\u00d6BIS) abgeschlossen. Ziel ist eine enge Zusammenarbeit zwischen dem Fachbereich Sozialwissenschaften der Schule und den Lehrenden und Studierenden im Masterstudiengang Sozialwissenschaften auf Lehramt der Universit\u00e4t Siegen.<\/p>\n<p style=\"text-align: justify;\"><img loading=\"lazy\" decoding=\"async\" class=\"alignright wp-image-12514 size-large\" src=\"http:\/\/www.maria-koenigin.de\/wordpress\/wp-content\/uploads\/2023\/08\/MK-HQ-FS-Sowie-1024x768.jpg\" alt=\"\" width=\"625\" height=\"469\" srcset=\"http:\/\/www.maria-koenigin.de\/wordpress\/wp-content\/uploads\/2023\/08\/MK-HQ-FS-Sowie-1024x768.jpg 1024w, http:\/\/www.maria-koenigin.de\/wordpress\/wp-content\/uploads\/2023\/08\/MK-HQ-FS-Sowie-300x225.jpg 300w, http:\/\/www.maria-koenigin.de\/wordpress\/wp-content\/uploads\/2023\/08\/MK-HQ-FS-Sowie-768x576.jpg 768w, http:\/\/www.maria-koenigin.de\/wordpress\/wp-content\/uploads\/2023\/08\/MK-HQ-FS-Sowie-1536x1152.jpg 1536w, http:\/\/www.maria-koenigin.de\/wordpress\/wp-content\/uploads\/2023\/08\/MK-HQ-FS-Sowie-624x468.jpg 624w, http:\/\/www.maria-koenigin.de\/wordpress\/wp-content\/uploads\/2023\/08\/MK-HQ-FS-Sowie.jpg 2000w\" sizes=\"auto, (max-width: 625px) 100vw, 625px\" \/>Zur Besiegelung der Kooperation waren jetzt Professor Dr. Nils Goldschmidt, Vorsitzender des Z\u00d6BIS und Direktor des Zentrums f\u00fcr Lehrerbildung und Bildungsforschung, und Dr. Marco Rehm, Gesch\u00e4ftsf\u00fchrer des Z\u00d6BIS, am Gymnasium Maria K\u00f6nigin zu Gast. \u201eF\u00fcr uns bietet sich die M\u00f6glichkeit, mit den Studierenden Unterrichtsideen mit konkreten Lerngruppen umzusetzen und so wichtige Praxiserfahrungen zu sammeln,\u201c erl\u00e4uterte Dr. Rehm. In konkreten Projekten sollen \u00f6konomische Inhalte handlungsorientiert, etwa mit Experimenten oder Planspielen, in unterschiedlichen Jahrgangsstufen ausprobiert werden. Auch computergest\u00fctzte Simulationen, Planspiele zur Makro\u00f6konomik und zur Verhaltens\u00f6konomik sind geplant.<\/p>\n<p style=\"text-align: justify;\">Prof. Goldschmidt wies darauf hin, dass es wichtig sei, \u00f6konomische Inhalte auch mit \u00f6konomischem Fachwissen zu unterrichten. \u201eEin m\u00f6glicher Schwerpunkt k\u00f6nnen aber auch Fragen der Sozialen Marktwirtschaft und des sozialen Zusammenhaltes sein\u201c, so Goldschmidt.\u00a0Die Schule sei gl\u00fccklich \u00fcber eine enge Verbindung zur Fachwissenschaft, erl\u00e4uterte Annabell Treude, die das Projekt koordiniert: \u00a0\u201eWir erhoffen uns durch die Verbindung Input aus der aktuellen Fachwissenschaft in den Unterricht. So starten wir sofort mit einem Projekt zum Thema \u201eMarkt\u201c in zwei Klassen der Jahrgangsstufe 8.\u201c<\/p>\n<p style=\"text-align: justify;\">Professor Goldschmidt und Schulleiter Fabian Borys betonten, dass beide Partner gute Voraussetzungen f\u00fcr die Zusammenarbeit b\u00f6ten. Neben der N\u00e4he zur Universit\u00e4t Siegen, sei auch die personelle Ausstattung eine gute Grundlage: an Maria K\u00f6nigin unterrichten sechs Kolleginnen und Kollegen Sozialwissenschaften\/Politik und das Z\u00d6BIS ist mit zahlreichen Lehrenden und Doktoranden ebenfalls personell gut ausgestattet. \u201eDamit bieten sich viele M\u00f6glichkeiten\u00a0 einer Verschr\u00e4nkung von aktueller fachwissenschaftlicher Forschung und Unterrichtspraxis. Wir denken auch daran, gemeinsam Materialien zu entwickeln und einzusetzen.\u201c<\/p>\n","protected":false},"excerpt":{"rendered":"<p>Neue Kooperation zwischen dem Gymnasium Maria K\u00f6nigin und der Universit\u00e4t Siegen Sie besiegelten die k\u00fcnftige Zusammenarbeit im Bereich der \u00d6konomie: Professor Nils Goldschmidt (Vorsitzender des Z\u00d6BIS), Schulleiter Fabian Borys, Annabell Treude (Fachbereich Sozialwissenschaften) und Dr. Marco Rehm (Gesch\u00e4ftsf\u00fchrer des Z\u00d6BIS).\u00a0 \u00a0 \u00a0<\/p>\n","protected":false},"author":7,"featured_media":0,"comment_status":"closed","ping_status":"closed","sticky":false,"template":"","format":"standard","meta":{"ngg_post_thumbnail":0,"footnotes":""},"categories":[4],"tags":[],"class_list":["post-13728","post","type-post","status-publish","format-standard","hentry","category-aktuelles"],"_links":{"self":[{"href":"http:\/\/www.maria-koenigin.de\/index.php?rest_route=\/wp\/v2\/posts\/13728","targetHints":{"allow":["GET"]}}],"collection":[{"href":"http:\/\/www.maria-koenigin.de\/index.php?rest_route=\/wp\/v2\/posts"}],"about":[{"href":"http:\/\/www.maria-koenigin.de\/index.php?rest_route=\/wp\/v2\/types\/post"}],"author":[{"embeddable":true,"href":"http:\/\/www.maria-koenigin.de\/index.php?rest_route=\/wp\/v2\/users\/7"}],"replies":[{"embeddable":true,"href":"http:\/\/www.maria-koenigin.de\/index.php?rest_route=%2Fwp%2Fv2%2Fcomments&post=13728"}],"version-history":[{"count":1,"href":"http:\/\/www.maria-koenigin.de\/index.php?rest_route=\/wp\/v2\/posts\/13728\/revisions"}],"predecessor-version":[{"id":13730,"href":"http:\/\/www.maria-koenigin.de\/index.php?rest_route=\/wp\/v2\/posts\/13728\/revisions\/13730"}],"wp:attachment":[{"href":"http:\/\/www.maria-koenigin.de\/index.php?rest_route=%2Fwp%2Fv2%2Fmedia&parent=13728"}],"wp:term":[{"taxonomy":"category","embeddable":true,"href":"http:\/\/www.maria-koenigin.de\/index.php?rest_route=%2Fwp%2Fv2%2Fcategories&post=13728"},{"taxonomy":"post_tag","embeddable":true,"href":"http:\/\/www.maria-koenigin.de\/index.php?rest_route=%2Fwp%2Fv2%2Ftags&post=13728"}],"curies":[{"name":"wp","href":"https:\/\/api.w.org\/{rel}","templated":true}]}}