{"id":13746,"date":"2024-02-17T18:43:45","date_gmt":"2024-02-17T17:43:45","guid":{"rendered":"https:\/\/www.maria-koenigin.de\/?p=13746"},"modified":"2024-02-17T19:37:41","modified_gmt":"2024-02-17T18:37:41","slug":"flamenco-tanzen-im-wohnzimmer-spanienaustausch","status":"publish","type":"post","link":"http:\/\/www.maria-koenigin.de\/?p=13746","title":{"rendered":"Flamenco tanzen im Wohnzimmer &#8211; Spanienaustausch"},"content":{"rendered":"<p><em><img loading=\"lazy\" decoding=\"async\" class=\"alignright wp-image-13758 size-full\" src=\"http:\/\/www.maria-koenigin.de\/wordpress\/wp-content\/uploads\/2024\/02\/Schulbildredkl.jpg\" alt=\"\" width=\"640\" height=\"424\" srcset=\"http:\/\/www.maria-koenigin.de\/wordpress\/wp-content\/uploads\/2024\/02\/Schulbildredkl.jpg 640w, http:\/\/www.maria-koenigin.de\/wordpress\/wp-content\/uploads\/2024\/02\/Schulbildredkl-300x199.jpg 300w, http:\/\/www.maria-koenigin.de\/wordpress\/wp-content\/uploads\/2024\/02\/Schulbildredkl-624x413.jpg 624w\" sizes=\"auto, (max-width: 640px) 100vw, 640px\" \/>Nuestro intercambio en Madrid<\/em><\/p>\n<p style=\"text-align: justify;\">Voller Vorfreude haben wir uns zum Austausch auf den Weg gemacht. \u00dcber den Flughafen D\u00fcsseldorf ging es nach Madrid. Dort wurden wir sofort von der ganzen Familie sehr herzlich begr\u00fc\u00dft. Diese Herzlichkeit und Offenheit unserer Austauschpartnerinnen und deren Familien hat uns die Angst genommen und positiv \u00fcberrascht.<!--more--><\/p>\n<p style=\"text-align: justify;\"><img loading=\"lazy\" decoding=\"async\" class=\"alignright wp-image-13748 size-full\" src=\"http:\/\/www.maria-koenigin.de\/wordpress\/wp-content\/uploads\/2024\/02\/SpanienFuessekl.jpg\" alt=\"\" width=\"640\" height=\"853\" srcset=\"http:\/\/www.maria-koenigin.de\/wordpress\/wp-content\/uploads\/2024\/02\/SpanienFuessekl.jpg 640w, http:\/\/www.maria-koenigin.de\/wordpress\/wp-content\/uploads\/2024\/02\/SpanienFuessekl-225x300.jpg 225w, http:\/\/www.maria-koenigin.de\/wordpress\/wp-content\/uploads\/2024\/02\/SpanienFuessekl-624x832.jpg 624w\" sizes=\"auto, (max-width: 640px) 100vw, 640px\" \/>Aufgefallen ist uns, dass die Wohnungen, auch bei gro\u00dfen Familien, f\u00fcr unsere Verh\u00e4ltnisse eher klein sind. Auch der Tagesrhythmus war anders, wir haben immer sehr sp\u00e4t gegessen, denn das Abendessen begann erst zwischen 22 und 23 Uhr.<\/p>\n<p style=\"text-align: justify;\"><img loading=\"lazy\" decoding=\"async\" class=\"alignright wp-image-13756 size-full\" src=\"http:\/\/www.maria-koenigin.de\/wordpress\/wp-content\/uploads\/2024\/02\/SpanienPaella.jpg\" alt=\"\" width=\"640\" height=\"853\" srcset=\"http:\/\/www.maria-koenigin.de\/wordpress\/wp-content\/uploads\/2024\/02\/SpanienPaella.jpg 640w, http:\/\/www.maria-koenigin.de\/wordpress\/wp-content\/uploads\/2024\/02\/SpanienPaella-225x300.jpg 225w, http:\/\/www.maria-koenigin.de\/wordpress\/wp-content\/uploads\/2024\/02\/SpanienPaella-624x832.jpg 624w\" sizes=\"auto, (max-width: 640px) 100vw, 640px\" \/>Das typisch spanische Essen war nicht nur sehr lecker, sondern auch mit Liebe zubereitet. Unter anderem gab es <em>paella, tortillas de patatas, jam\u00f3n serrano, pisto con arroz und empanadas.<\/em> Wir haben sehr viel mit den spanischen Austauschsch\u00fclerinnen als Gruppe unternommen und an einem Abend waren wir <em>churros con chocolate<\/em> essen, die uns sehr gut geschmeckt haben. Programmpunkte waren zum Beispiel ein Besuch im <em>Museo del Prado<\/em> und im <em>Palacio Real<\/em>. Wir waren auch im <em>Parque del Retiro <\/em>und im <em>Mercado de San Miguel.<\/em><\/p>\n<p style=\"text-align: justify;\"><img loading=\"lazy\" decoding=\"async\" class=\"alignright wp-image-13749 size-full\" src=\"http:\/\/www.maria-koenigin.de\/wordpress\/wp-content\/uploads\/2024\/02\/SpanienEsenkl.jpg\" alt=\"\" width=\"640\" height=\"853\" srcset=\"http:\/\/www.maria-koenigin.de\/wordpress\/wp-content\/uploads\/2024\/02\/SpanienEsenkl.jpg 640w, http:\/\/www.maria-koenigin.de\/wordpress\/wp-content\/uploads\/2024\/02\/SpanienEsenkl-225x300.jpg 225w, http:\/\/www.maria-koenigin.de\/wordpress\/wp-content\/uploads\/2024\/02\/SpanienEsenkl-624x832.jpg 624w\" sizes=\"auto, (max-width: 640px) 100vw, 640px\" \/>Ein Ausgleich zu diesem kulturellen und kulinarischen Programm war die Freizeit in Madrid und in den Gastfamilien, die uns auch die spanische Kultur n\u00e4hergebracht haben: Flamenco tanzen im Wohnzimmer, Restaurantbesuche, Nachmittage mit den Gro\u00dfeltern, Kochen spanischer Spezialit\u00e4ten mit den Austauschsch\u00fclerinnen in der Schule oder Picknick bei Sonnenuntergang.<\/p>\n<p style=\"text-align: justify;\"><img loading=\"lazy\" decoding=\"async\" class=\"alignright wp-image-13750 size-full\" src=\"http:\/\/www.maria-koenigin.de\/wordpress\/wp-content\/uploads\/2024\/02\/SpanienGruppeWasserkl.jpg\" alt=\"\" width=\"640\" height=\"853\" srcset=\"http:\/\/www.maria-koenigin.de\/wordpress\/wp-content\/uploads\/2024\/02\/SpanienGruppeWasserkl.jpg 640w, http:\/\/www.maria-koenigin.de\/wordpress\/wp-content\/uploads\/2024\/02\/SpanienGruppeWasserkl-225x300.jpg 225w, http:\/\/www.maria-koenigin.de\/wordpress\/wp-content\/uploads\/2024\/02\/SpanienGruppeWasserkl-624x832.jpg 624w\" sizes=\"auto, (max-width: 640px) 100vw, 640px\" \/>Auch die Schule hat uns fasziniert, denn die Sch\u00fclerinnen tragen alle Uniformen. In der Schule werden Kinder und Jugendliche im Alter von 1 bis 18 Jahre betreut und unterrichtet.<\/p>\n<p style=\"text-align: justify;\">Begeistert hat uns auch die offene und neugierige Art der Lehrerinnen und Sch\u00fclerinnen, die uns direkt angesteckt hat. Immer gut gelaunt waren Frau N\u00fcckel und Frau Terrones P\u00e9rez sowie die spanische Lehrerin Nuria, die uns begleitet haben und ein offenes Ohr f\u00fcr uns hatten.<\/p>\n<p style=\"text-align: justify;\">Diese Reise hat uns nicht nur viele neue Freunde gebracht, sondern auch unsere Spanischkenntnisse verbessert. Wir denken gerne an die Zeit zur\u00fcck!<\/p>\n<p><em>\u00a1Muchas gracias!<\/em><\/p>\n<p>Nele, Rosa, Lea und Maria (Q1)<\/p>\n<p><img loading=\"lazy\" decoding=\"async\" class=\"alignright wp-image-13753 size-full\" src=\"http:\/\/www.maria-koenigin.de\/wordpress\/wp-content\/uploads\/2024\/02\/SpanienGruppekl-1.jpg\" alt=\"\" width=\"640\" height=\"853\" srcset=\"http:\/\/www.maria-koenigin.de\/wordpress\/wp-content\/uploads\/2024\/02\/SpanienGruppekl-1.jpg 640w, http:\/\/www.maria-koenigin.de\/wordpress\/wp-content\/uploads\/2024\/02\/SpanienGruppekl-1-225x300.jpg 225w, http:\/\/www.maria-koenigin.de\/wordpress\/wp-content\/uploads\/2024\/02\/SpanienGruppekl-1-624x832.jpg 624w\" sizes=\"auto, (max-width: 640px) 100vw, 640px\" \/><\/p>\n","protected":false},"excerpt":{"rendered":"<p>Nuestro intercambio en Madrid Voller Vorfreude haben wir uns zum Austausch auf den Weg gemacht. \u00dcber den Flughafen D\u00fcsseldorf ging es nach Madrid. Dort wurden wir sofort von der ganzen Familie sehr herzlich begr\u00fc\u00dft. Diese Herzlichkeit und Offenheit unserer Austauschpartnerinnen und deren Familien hat uns die Angst genommen und positiv \u00fcberrascht.<\/p>\n","protected":false},"author":7,"featured_media":0,"comment_status":"closed","ping_status":"closed","sticky":false,"template":"","format":"standard","meta":{"ngg_post_thumbnail":0,"footnotes":""},"categories":[4],"tags":[],"class_list":["post-13746","post","type-post","status-publish","format-standard","hentry","category-aktuelles"],"_links":{"self":[{"href":"http:\/\/www.maria-koenigin.de\/index.php?rest_route=\/wp\/v2\/posts\/13746","targetHints":{"allow":["GET"]}}],"collection":[{"href":"http:\/\/www.maria-koenigin.de\/index.php?rest_route=\/wp\/v2\/posts"}],"about":[{"href":"http:\/\/www.maria-koenigin.de\/index.php?rest_route=\/wp\/v2\/types\/post"}],"author":[{"embeddable":true,"href":"http:\/\/www.maria-koenigin.de\/index.php?rest_route=\/wp\/v2\/users\/7"}],"replies":[{"embeddable":true,"href":"http:\/\/www.maria-koenigin.de\/index.php?rest_route=%2Fwp%2Fv2%2Fcomments&post=13746"}],"version-history":[{"count":4,"href":"http:\/\/www.maria-koenigin.de\/index.php?rest_route=\/wp\/v2\/posts\/13746\/revisions"}],"predecessor-version":[{"id":13759,"href":"http:\/\/www.maria-koenigin.de\/index.php?rest_route=\/wp\/v2\/posts\/13746\/revisions\/13759"}],"wp:attachment":[{"href":"http:\/\/www.maria-koenigin.de\/index.php?rest_route=%2Fwp%2Fv2%2Fmedia&parent=13746"}],"wp:term":[{"taxonomy":"category","embeddable":true,"href":"http:\/\/www.maria-koenigin.de\/index.php?rest_route=%2Fwp%2Fv2%2Fcategories&post=13746"},{"taxonomy":"post_tag","embeddable":true,"href":"http:\/\/www.maria-koenigin.de\/index.php?rest_route=%2Fwp%2Fv2%2Ftags&post=13746"}],"curies":[{"name":"wp","href":"https:\/\/api.w.org\/{rel}","templated":true}]}}