{"id":13763,"date":"2024-02-18T12:59:06","date_gmt":"2024-02-18T11:59:06","guid":{"rendered":"https:\/\/www.maria-koenigin.de\/?p=13763"},"modified":"2024-02-18T12:59:18","modified_gmt":"2024-02-18T11:59:18","slug":"aschermittwoch-und-fastenzeit-als-chance","status":"publish","type":"post","link":"http:\/\/www.maria-koenigin.de\/?p=13763","title":{"rendered":"Aschermittwoch und Fastenzeit als Chance"},"content":{"rendered":"<p style=\"text-align: justify;\"><img loading=\"lazy\" decoding=\"async\" class=\"alignright wp-image-13764 size-full\" src=\"http:\/\/www.maria-koenigin.de\/wordpress\/wp-content\/uploads\/2024\/02\/Aschermittwoch1kl.jpg\" alt=\"\" width=\"640\" height=\"427\" srcset=\"http:\/\/www.maria-koenigin.de\/wordpress\/wp-content\/uploads\/2024\/02\/Aschermittwoch1kl.jpg 640w, http:\/\/www.maria-koenigin.de\/wordpress\/wp-content\/uploads\/2024\/02\/Aschermittwoch1kl-300x200.jpg 300w, http:\/\/www.maria-koenigin.de\/wordpress\/wp-content\/uploads\/2024\/02\/Aschermittwoch1kl-624x416.jpg 624w\" sizes=\"auto, (max-width: 640px) 100vw, 640px\" \/>Mit drei Gottesdiensten sind wir an Maria K\u00f6nigin in die Fastenzeit gestartet. F\u00fcr die Klassen 5 und 6 ging es noch einmal um verschiedene Karnevalskost\u00fcme: Clown, Cowboy,\u00a0 Prinzessin und Punk. Mit einem Spiegel wurden die Chancen der Fastenzeit verdeutlicht: \u201eDie Fastenzeit gibt uns die Gelegenheit, hinter den Spiegel zu gucken \u2013 nein, eher durch ihn hindurch \u2013 in mein wahres Ich. Wer bin ich? Wer m\u00f6chte ich sein? Wer k\u00f6nnte ich sein? Der, der ich bin, gr\u00fc\u00dft den, der ich sein kann. Dies ist das Ziel der Fastenzeit.\u201c<!--more--><\/p>\n<p style=\"text-align: justify;\"><img loading=\"lazy\" decoding=\"async\" class=\"alignright wp-image-13765 size-full\" src=\"http:\/\/www.maria-koenigin.de\/wordpress\/wp-content\/uploads\/2024\/02\/Aschermittwoch2kl.jpg\" alt=\"\" width=\"640\" height=\"480\" srcset=\"http:\/\/www.maria-koenigin.de\/wordpress\/wp-content\/uploads\/2024\/02\/Aschermittwoch2kl.jpg 640w, http:\/\/www.maria-koenigin.de\/wordpress\/wp-content\/uploads\/2024\/02\/Aschermittwoch2kl-300x225.jpg 300w, http:\/\/www.maria-koenigin.de\/wordpress\/wp-content\/uploads\/2024\/02\/Aschermittwoch2kl-624x468.jpg 624w\" sizes=\"auto, (max-width: 640px) 100vw, 640px\" \/>In der Mittelstufe lautete das Thema \u201eIch kann auch anders!\u201c Hier dienten Texte, Lieder und Gespr\u00e4che untereinander dazu, sich bewusst zu machen, welche Ver\u00e4nderungschancen wir haben und wie die Fastenzeit dabei helfen kann. Tobias Riesel, Regina Schmidt und Alexander Sieler gaben dazu unterschiedliche Impulse.<\/p>\n<p style=\"text-align: justify;\"><img loading=\"lazy\" decoding=\"async\" class=\"alignright wp-image-13769 size-full\" src=\"http:\/\/www.maria-koenigin.de\/wordpress\/wp-content\/uploads\/2024\/02\/Phoenix.jpg\" alt=\"\" width=\"605\" height=\"340\" srcset=\"http:\/\/www.maria-koenigin.de\/wordpress\/wp-content\/uploads\/2024\/02\/Phoenix.jpg 605w, http:\/\/www.maria-koenigin.de\/wordpress\/wp-content\/uploads\/2024\/02\/Phoenix-300x169.jpg 300w\" sizes=\"auto, (max-width: 605px) 100vw, 605px\" \/>F\u00fcr die Oberstufe war das Leitmotiv der Ph\u00f6nix aus der Asche, der auch mit einem Film-Ausschnitt aus Harry Potter dargestellt wurde. Der Ph\u00f6nix steht f\u00fcr Neuanfang nach einer Zeit des R\u00fcckzugs. Auch dies kann ein Bild f\u00fcr die Fastenzeit sein. Angelehnt an eine Rede des Sportjournalisten und Juden Marcel Reif wurde die Verteilung des Aschenkreuzes mit der Aufforderung verbunden \u201eFang neu an und sei ein Mensch!\u201c<\/p>\n<p style=\"text-align: justify;\"><img loading=\"lazy\" decoding=\"async\" class=\"alignright wp-image-13770 size-full\" src=\"http:\/\/www.maria-koenigin.de\/wordpress\/wp-content\/uploads\/2024\/02\/Aschenkreuzredkl-1.jpg\" alt=\"\" width=\"640\" height=\"810\" srcset=\"http:\/\/www.maria-koenigin.de\/wordpress\/wp-content\/uploads\/2024\/02\/Aschenkreuzredkl-1.jpg 640w, http:\/\/www.maria-koenigin.de\/wordpress\/wp-content\/uploads\/2024\/02\/Aschenkreuzredkl-1-237x300.jpg 237w, http:\/\/www.maria-koenigin.de\/wordpress\/wp-content\/uploads\/2024\/02\/Aschenkreuzredkl-1-624x790.jpg 624w\" sizes=\"auto, (max-width: 640px) 100vw, 640px\" \/>Einen ganz besonderen Akzent in allen Gottesdiensten setze ein gro\u00dfes dreidimensionales Kreuz, das mitten in der Kirche steht. Dabei handelt es sich um ein Vers\u00f6hnungskreuz, das in der Benediktinerabtei Meschede angefertigt wurde und das beim Reformationsjubil\u00e4um 2017 eine wichtige Rolle spielte. Das Kreuz wird uns in der Fasten- und Osterzeit noch weiter begleiten.\u00a0<img loading=\"lazy\" decoding=\"async\" class=\"alignright wp-image-13767 size-full\" src=\"http:\/\/www.maria-koenigin.de\/wordpress\/wp-content\/uploads\/2024\/02\/Versoehnungskreuz1kl.jpg\" alt=\"\" width=\"640\" height=\"427\" srcset=\"http:\/\/www.maria-koenigin.de\/wordpress\/wp-content\/uploads\/2024\/02\/Versoehnungskreuz1kl.jpg 640w, http:\/\/www.maria-koenigin.de\/wordpress\/wp-content\/uploads\/2024\/02\/Versoehnungskreuz1kl-300x200.jpg 300w, http:\/\/www.maria-koenigin.de\/wordpress\/wp-content\/uploads\/2024\/02\/Versoehnungskreuz1kl-624x416.jpg 624w\" sizes=\"auto, (max-width: 640px) 100vw, 640px\" \/><\/p>\n","protected":false},"excerpt":{"rendered":"<p>Mit drei Gottesdiensten sind wir an Maria K\u00f6nigin in die Fastenzeit gestartet. F\u00fcr die Klassen 5 und 6 ging es noch einmal um verschiedene Karnevalskost\u00fcme: Clown, Cowboy,\u00a0 Prinzessin und Punk. Mit einem Spiegel wurden die Chancen der Fastenzeit verdeutlicht: \u201eDie Fastenzeit gibt uns die Gelegenheit, hinter den Spiegel zu gucken \u2013 nein, eher durch ihn [&hellip;]<\/p>\n","protected":false},"author":7,"featured_media":0,"comment_status":"closed","ping_status":"closed","sticky":false,"template":"","format":"standard","meta":{"ngg_post_thumbnail":0,"footnotes":""},"categories":[4],"tags":[],"class_list":["post-13763","post","type-post","status-publish","format-standard","hentry","category-aktuelles"],"_links":{"self":[{"href":"http:\/\/www.maria-koenigin.de\/index.php?rest_route=\/wp\/v2\/posts\/13763","targetHints":{"allow":["GET"]}}],"collection":[{"href":"http:\/\/www.maria-koenigin.de\/index.php?rest_route=\/wp\/v2\/posts"}],"about":[{"href":"http:\/\/www.maria-koenigin.de\/index.php?rest_route=\/wp\/v2\/types\/post"}],"author":[{"embeddable":true,"href":"http:\/\/www.maria-koenigin.de\/index.php?rest_route=\/wp\/v2\/users\/7"}],"replies":[{"embeddable":true,"href":"http:\/\/www.maria-koenigin.de\/index.php?rest_route=%2Fwp%2Fv2%2Fcomments&post=13763"}],"version-history":[{"count":1,"href":"http:\/\/www.maria-koenigin.de\/index.php?rest_route=\/wp\/v2\/posts\/13763\/revisions"}],"predecessor-version":[{"id":13771,"href":"http:\/\/www.maria-koenigin.de\/index.php?rest_route=\/wp\/v2\/posts\/13763\/revisions\/13771"}],"wp:attachment":[{"href":"http:\/\/www.maria-koenigin.de\/index.php?rest_route=%2Fwp%2Fv2%2Fmedia&parent=13763"}],"wp:term":[{"taxonomy":"category","embeddable":true,"href":"http:\/\/www.maria-koenigin.de\/index.php?rest_route=%2Fwp%2Fv2%2Fcategories&post=13763"},{"taxonomy":"post_tag","embeddable":true,"href":"http:\/\/www.maria-koenigin.de\/index.php?rest_route=%2Fwp%2Fv2%2Ftags&post=13763"}],"curies":[{"name":"wp","href":"https:\/\/api.w.org\/{rel}","templated":true}]}}