{"id":14411,"date":"2024-06-29T18:41:40","date_gmt":"2024-06-29T16:41:40","guid":{"rendered":"https:\/\/www.maria-koenigin.de\/?p=14411"},"modified":"2026-04-18T16:40:03","modified_gmt":"2026-04-18T14:40:03","slug":"99-glueckliche-gesichter-abiturfeier-2024","status":"publish","type":"post","link":"http:\/\/www.maria-koenigin.de\/?p=14411","title":{"rendered":"99 gl\u00fcckliche Gesichter \u2013 Abiturfeier 2024"},"content":{"rendered":"<p style=\"text-align: justify;\"><img loading=\"lazy\" decoding=\"async\" class=\"alignright wp-image-14412 size-large\" src=\"http:\/\/www.maria-koenigin.de\/wordpress\/wp-content\/uploads\/2024\/06\/MK-HQ-G1-1024x682.jpg\" alt=\"\" width=\"625\" height=\"416\" srcset=\"http:\/\/www.maria-koenigin.de\/wordpress\/wp-content\/uploads\/2024\/06\/MK-HQ-G1-1024x682.jpg 1024w, http:\/\/www.maria-koenigin.de\/wordpress\/wp-content\/uploads\/2024\/06\/MK-HQ-G1-300x200.jpg 300w, http:\/\/www.maria-koenigin.de\/wordpress\/wp-content\/uploads\/2024\/06\/MK-HQ-G1-768x512.jpg 768w, http:\/\/www.maria-koenigin.de\/wordpress\/wp-content\/uploads\/2024\/06\/MK-HQ-G1-1536x1024.jpg 1536w, http:\/\/www.maria-koenigin.de\/wordpress\/wp-content\/uploads\/2024\/06\/MK-HQ-G1-624x416.jpg 624w, http:\/\/www.maria-koenigin.de\/wordpress\/wp-content\/uploads\/2024\/06\/MK-HQ-G1.jpg 2000w\" sizes=\"auto, (max-width: 625px) 100vw, 625px\" \/>In einer stimmungsvollen und fr\u00f6hlichen Feier haben wir der Abiturientia 2024 ihre Zeugnisse \u00fcberreicht und sie gleichzeitig vom Gymnasium Maria K\u00f6nigin verabschiedet. Dabei gab es sehr erfreulich Ergebnisse: 99 Sch\u00fclerinnen und Sch\u00fcler haben das Abitur bestanden, 31 von ihnen mit einer 1 vor dem Komma und zwei Sch\u00fcler Liam Jankowsky und Lasse Streit erreichten sogar die Traumnote von 1.0.\u00a0 (Weitere Bilder ver\u00f6ffentlichen wir morgen.)<!--more--><\/p>\n<p style=\"text-align: justify;\"><img loading=\"lazy\" decoding=\"async\" class=\"alignright wp-image-14413 size-full\" src=\"http:\/\/www.maria-koenigin.de\/wordpress\/wp-content\/uploads\/2024\/06\/Abi24-7.jpg\" alt=\"\" width=\"640\" height=\"427\" srcset=\"http:\/\/www.maria-koenigin.de\/wordpress\/wp-content\/uploads\/2024\/06\/Abi24-7.jpg 640w, http:\/\/www.maria-koenigin.de\/wordpress\/wp-content\/uploads\/2024\/06\/Abi24-7-300x200.jpg 300w, http:\/\/www.maria-koenigin.de\/wordpress\/wp-content\/uploads\/2024\/06\/Abi24-7-624x416.jpg 624w\" sizes=\"auto, (max-width: 640px) 100vw, 640px\" \/>Mit einem Gottesdienst mit Pastor Ludger Wollweber und unter Mitwirkung einer Gesangsgruppe unter Leitung von Harald J\u00fcngst begann der Tag. Dabei griffen die Sch\u00fcler das Abiturmotto auf:\u00a0\u201eAbiturbo \u2013 12 Jahre Vollgas\u201c und freuten sich, nun das Ziel erreicht zu haben.<\/p>\n<p style=\"text-align: justify;\"><img loading=\"lazy\" decoding=\"async\" class=\"alignright wp-image-14414 size-full\" src=\"http:\/\/www.maria-koenigin.de\/wordpress\/wp-content\/uploads\/2024\/06\/Abi-24-4.jpg\" alt=\"\" width=\"640\" height=\"427\" srcset=\"http:\/\/www.maria-koenigin.de\/wordpress\/wp-content\/uploads\/2024\/06\/Abi-24-4.jpg 640w, http:\/\/www.maria-koenigin.de\/wordpress\/wp-content\/uploads\/2024\/06\/Abi-24-4-300x200.jpg 300w, http:\/\/www.maria-koenigin.de\/wordpress\/wp-content\/uploads\/2024\/06\/Abi-24-4-624x416.jpg 624w\" sizes=\"auto, (max-width: 640px) 100vw, 640px\" \/>Diese Freude dr\u00fcckten auch Linnea Rameil und Matti Schulte in ihrer Rede auf. Selbstkritisch berichteten sie davon, dass sie es der Stufenleitung zu Beginn der Oberstufe nicht leicht gemacht h\u00e4tten (\u201edie EF mal wieder\u201c). Deutlich \u00fcberwogen h\u00e4tten aber die sch\u00f6nen und wohl auch unvergesslichen Momente der Schulzeit von der Skifreizeit \u00fcber die Orientierungstage bis zur Studienfahrt nach Rom.<\/p>\n<p style=\"text-align: justify;\"><img loading=\"lazy\" decoding=\"async\" class=\"alignright wp-image-14415 size-full\" src=\"http:\/\/www.maria-koenigin.de\/wordpress\/wp-content\/uploads\/2024\/06\/Abi24-5.jpg\" alt=\"\" width=\"640\" height=\"427\" srcset=\"http:\/\/www.maria-koenigin.de\/wordpress\/wp-content\/uploads\/2024\/06\/Abi24-5.jpg 640w, http:\/\/www.maria-koenigin.de\/wordpress\/wp-content\/uploads\/2024\/06\/Abi24-5-300x200.jpg 300w, http:\/\/www.maria-koenigin.de\/wordpress\/wp-content\/uploads\/2024\/06\/Abi24-5-624x416.jpg 624w\" sizes=\"auto, (max-width: 640px) 100vw, 640px\" \/>Stufenleiter Manuel Vormweg verglich die letzten 8 Schuljahre seiner Stufe auch mit einem Autorennen, bei dem die Lehrer das Boxenteam und die Eltern die unterst\u00fctzenden Zuschauer bildeten. Er warnte aber auch davor, in unserer schnelllebigen Zeit st\u00e4ndig nur Gas zu geben und betonte die Wichtigkeit von \u201eBoxenstopps\u201c, also Phasen der Ruhe und der Orientierung.\u00a0Dieser Gedanke zog sich durch die gesamte Veranstaltung. Christoph Henrichs vom Tr\u00e4gerverein der Schule wies darauf hin, dass in fr\u00fcheren Zeiten f\u00fcr manche Sch\u00fcler von Maria K\u00f6nigin der Weg ins Kloster gef\u00fchrt habe. Das sei heute zwar nicht mehr so, aber das \u201eKloster\u201c als Metapher f\u00fcr Reflektion und \u201esich Zeit nehmen\u201c sei weiterhin wichtig.<\/p>\n<p style=\"text-align: justify;\"><img loading=\"lazy\" decoding=\"async\" class=\"alignright wp-image-14419 size-full\" src=\"http:\/\/www.maria-koenigin.de\/wordpress\/wp-content\/uploads\/2024\/06\/Abi24-8.jpg\" alt=\"\" width=\"640\" height=\"427\" srcset=\"http:\/\/www.maria-koenigin.de\/wordpress\/wp-content\/uploads\/2024\/06\/Abi24-8.jpg 640w, http:\/\/www.maria-koenigin.de\/wordpress\/wp-content\/uploads\/2024\/06\/Abi24-8-300x200.jpg 300w, http:\/\/www.maria-koenigin.de\/wordpress\/wp-content\/uploads\/2024\/06\/Abi24-8-624x416.jpg 624w\" sizes=\"auto, (max-width: 640px) 100vw, 640px\" \/>Pastor Ludger Wollweber betonte im Gottesdienst, dass jeder Moment des Lebens kostbar sei, auch Zeiten der Unsicherheit oder der Neuorientierung. Eindringlich betonte Wollweber die Bedeutung der Menschenrechte und des Grundgesetzes gerade in der heutigen Zeit. Es brauche Menschen mit \u00a0frohen und mutigen Herzen, die die Menschenrechte und die Gleichheit aller Menschen verteidigen und die von einer besseren Welt tr\u00e4umen.<\/p>\n<p style=\"text-align: justify;\"><img loading=\"lazy\" decoding=\"async\" class=\"alignright wp-image-14416 size-full\" src=\"http:\/\/www.maria-koenigin.de\/wordpress\/wp-content\/uploads\/2024\/06\/Abi24-2.jpg\" alt=\"\" width=\"640\" height=\"427\" srcset=\"http:\/\/www.maria-koenigin.de\/wordpress\/wp-content\/uploads\/2024\/06\/Abi24-2.jpg 640w, http:\/\/www.maria-koenigin.de\/wordpress\/wp-content\/uploads\/2024\/06\/Abi24-2-300x200.jpg 300w, http:\/\/www.maria-koenigin.de\/wordpress\/wp-content\/uploads\/2024\/06\/Abi24-2-624x416.jpg 624w\" sizes=\"auto, (max-width: 640px) 100vw, 640px\" \/>Schulleiter Fabian Borys wies darauf hin, dass die Abiturientia ein Jubil\u00e4umsjahrgang sein, da sie der 50. Jahrgang seien, die an Maria K\u00f6nigin ihr Abitur ablegten.\u00a0Weiter bezog er sich auf den Song \u201eA Million Dreams\u201c aus dem Musical \u201eThe Greatest Showman\u201c, an dem die Abiturienten zum Teil beteiligt waren. \u00a0\u201eEs ist wichtig, seine eigenen Tr\u00e4ume zu leben, seine eigene Vorstellung vom eigenen Leben zu haben, auch wenn andere Euch sagen, dass das verr\u00fcckt klingt, was Ihr vorhabt. Glaubt an Euch, glaubt daran, dass Ihr Eurer Leben mit Euren W\u00fcnschen und Tr\u00e4umen durch Euren eigenen und freien Willen selbst pr\u00e4gen k\u00f6nnt.\u201c Aber der Schulleiter wies auch auf die vielen Dinge hin, die im Leben nicht in unserer Hand liegen, die vorgegeben sind, die wir nicht steuern k\u00f6nnen. Es gehe darum, \u201edie eigenen Ideen mit den Gegebenheiten zu verbinden und eine Haltung zu entwickeln, die die unglaubliche Kraft, die jedem Einzelnen geschenkt ist f\u00fcr Familie, Freunde und die Gesellschaft\u00a0einzusetzen.\u201c<\/p>\n<p style=\"text-align: justify;\"><img loading=\"lazy\" decoding=\"async\" class=\"alignright wp-image-14418 size-full\" src=\"http:\/\/www.maria-koenigin.de\/wordpress\/wp-content\/uploads\/2024\/06\/Abi24-6.jpg\" alt=\"\" width=\"640\" height=\"427\" srcset=\"http:\/\/www.maria-koenigin.de\/wordpress\/wp-content\/uploads\/2024\/06\/Abi24-6.jpg 640w, http:\/\/www.maria-koenigin.de\/wordpress\/wp-content\/uploads\/2024\/06\/Abi24-6-300x200.jpg 300w, http:\/\/www.maria-koenigin.de\/wordpress\/wp-content\/uploads\/2024\/06\/Abi24-6-624x416.jpg 624w\" sizes=\"auto, (max-width: 640px) 100vw, 640px\" \/>Dr. Bastian Ruhrmann vom Ehemaligenverein verglich die Situation der Abiturienten mit dem Anamnesegespr\u00e4ch eines Arztes. Dabei sei es bei ihnen ein Selbstgespr\u00e4ch mit den Fragen: Wo liegt mein Talent? Was begeistert mich wirklich? Daraus k\u00f6nne sich eine zielgerichtete \u201eTherapie\u201c ergeben, die wiederum ein gl\u00fcckliches Leben erm\u00f6gliche.\u00a0F\u00fcr die Eltern verglich Verena von Schledorn die Schulzeit mit einer Reise mit vielen Stationen. Sie dankte der Schule und dem Kollegium f\u00fcr das Engagement, mit dem sie diese Reise begleitet h\u00e4tten. Die Schule habe Interessen geweckt und zu einer aktiven Mitwirkung in der Gesellschaft motiviert.<\/p>\n<p style=\"text-align: justify;\"><img loading=\"lazy\" decoding=\"async\" class=\"alignright wp-image-14417 size-full\" src=\"http:\/\/www.maria-koenigin.de\/wordpress\/wp-content\/uploads\/2024\/06\/Abi24-3.jpg\" alt=\"\" width=\"640\" height=\"427\" srcset=\"http:\/\/www.maria-koenigin.de\/wordpress\/wp-content\/uploads\/2024\/06\/Abi24-3.jpg 640w, http:\/\/www.maria-koenigin.de\/wordpress\/wp-content\/uploads\/2024\/06\/Abi24-3-300x200.jpg 300w, http:\/\/www.maria-koenigin.de\/wordpress\/wp-content\/uploads\/2024\/06\/Abi24-3-624x416.jpg 624w\" sizes=\"auto, (max-width: 640px) 100vw, 640px\" \/>Mit gleich zwei Geschenken erfreute B\u00fcrgermeister Tobias Puspas den Abiturjahrgang. In Anspielung auf die Mottowoche \u00fcberreichte er ein Fass Bier und dazu einen Schatzkartengutschein f\u00fcr eine Tombola beim Abiball. \u00a0\u201eDer gr\u00f6\u00dfte Fehler ist, Angst zu haben, einen Fehler zu machen,\u201c zitierte er Friedrich Nietzsche und ermutige die Abiturientia, Dinge auszuprobieren und den eigenen Weg zu entdecken.\u00a0Der instrumentalpraktische und der vokalpraktische Kurs begleiteten die Feier mit Musikst\u00fccken aus \u201eThe Greatest Showman\u201c. Mit einem Sektempfang endete die Feier in der festlich geschm\u00fcckten Sporthalle.\u00a0\u00a0(Fotos: Thomas Hilger, Amy\u00a0 G\u00f6dde, Kilian Wolter)<\/p>\n<p style=\"text-align: justify;\"><strong>\u00a0Und d<\/strong><strong>as sind die Abiturientinnen und Abiturienten 2024 <\/strong><\/p>\n<p style=\"text-align: justify;\"><strong>Kirchhundem:\u00a0<\/strong>Maik Leon Becker, Fabio Bruno, Leni Cordes, Sina Demerling, Talea Denke, Linus Fischer, Lars Frankenbach, Nils Frankenbach, Michel Friedhoff, Ben Greiten, Nelly Hartmann, Laurenta \u00a0Hasani, Jonte Hauschild, Niclas Hochstein, Jana Hose, Romy J\u00f6rres, Sophia-Maria Kneer, Alina Krohne, Altina Muja, Ronja M\u00fcller, Madita Patt, Marlin P\u00e4tzold, Carolin Picker, Nico Pittlick, Franziska Ramm, Fabian Reichling, Frida Schulte, Johan Tscherner, Helena von Schledorn,<\/p>\n<p style=\"text-align: justify;\"><strong>Lennestadt:\u00a0 <\/strong>Anne Allebrodt, Emma Allebrodt, Lena Althoff, Jamie Arens, Martha Beckmann, Nils Bettendorf, Tim Bettendorf, Luca Bl\u00f6ink, Marie Brosterhus, Timo Clemens, Michelle Delba, Luca Endler, Finnja Grebe, Johanna Greve, Fynn Habbel, Franziska Hardenacke, Alexander Hellner, Ellen Homringhaus, Toni Hopf, Catharina Hufnagel, Jule Humpert, Lisa Humpert, Finja H\u00fcttemeister, Marie Ivo, Liam Jankowsky, Julia Jochheim, Stephania Korniowski, Laura Korte, Lea Kurzbach, Anna-Lena Lasic, Carlotta Ledigen, Antonia L\u00f6hr, Moritz L\u00fcdtke, Emma M\u00fcller, Louisa Nentwig, Emilia Pagliarani, Jonathan Rameil, Linnea Rameil, Robert Rinscheid, Hannah Schulte, Matti Schulte, Paul Schulte, Tim Seelbach, Arne Sternberg, Torben Tillmann, Emilia Wiese, Lena Wittemund, Emily Zoppe<\/p>\n<p style=\"text-align: justify;\"><strong>Finnentrop:\u00a0<\/strong>Helene Arens, Fabian Hoberg, Klaudia Szupien<\/p>\n<p style=\"text-align: justify;\"><strong>Schmallenberg:\u00a0<\/strong>Jayden Blum, Ida Marie Br\u00e4utigam, Martina Corvitto, Katharina Faltin, Paulina Grobbel, Anna Hebbecker, Tom K\u00f6hler, Marie Kr\u00e4hling, Neo Mix, Valentin Pilgram, Tabea Pl\u00f6ger, Hanna\u00a0Rupprecht, Cosima Schlechtriem, Sophia Schulte-Sprenger, Matti Stockmann, Sophie Trybula<\/p>\n<p style=\"text-align: justify;\"><strong>Eslohe:\u00a0<\/strong>Maria Meisterjahn, Bosse Streit, Lasse Streit<\/p>\n","protected":false},"excerpt":{"rendered":"<p>In einer stimmungsvollen und fr\u00f6hlichen Feier haben wir der Abiturientia 2024 ihre Zeugnisse \u00fcberreicht und sie gleichzeitig vom Gymnasium Maria K\u00f6nigin verabschiedet. Dabei gab es sehr erfreulich Ergebnisse: 99 Sch\u00fclerinnen und Sch\u00fcler haben das Abitur bestanden, 31 von ihnen mit einer 1 vor dem Komma und zwei Sch\u00fcler Liam Jankowsky und Lasse Streit erreichten sogar [&hellip;]<\/p>\n","protected":false},"author":7,"featured_media":0,"comment_status":"closed","ping_status":"closed","sticky":false,"template":"","format":"standard","meta":{"ngg_post_thumbnail":0,"footnotes":""},"categories":[4],"tags":[],"class_list":["post-14411","post","type-post","status-publish","format-standard","hentry","category-aktuelles"],"_links":{"self":[{"href":"http:\/\/www.maria-koenigin.de\/index.php?rest_route=\/wp\/v2\/posts\/14411","targetHints":{"allow":["GET"]}}],"collection":[{"href":"http:\/\/www.maria-koenigin.de\/index.php?rest_route=\/wp\/v2\/posts"}],"about":[{"href":"http:\/\/www.maria-koenigin.de\/index.php?rest_route=\/wp\/v2\/types\/post"}],"author":[{"embeddable":true,"href":"http:\/\/www.maria-koenigin.de\/index.php?rest_route=\/wp\/v2\/users\/7"}],"replies":[{"embeddable":true,"href":"http:\/\/www.maria-koenigin.de\/index.php?rest_route=%2Fwp%2Fv2%2Fcomments&post=14411"}],"version-history":[{"count":4,"href":"http:\/\/www.maria-koenigin.de\/index.php?rest_route=\/wp\/v2\/posts\/14411\/revisions"}],"predecessor-version":[{"id":17695,"href":"http:\/\/www.maria-koenigin.de\/index.php?rest_route=\/wp\/v2\/posts\/14411\/revisions\/17695"}],"wp:attachment":[{"href":"http:\/\/www.maria-koenigin.de\/index.php?rest_route=%2Fwp%2Fv2%2Fmedia&parent=14411"}],"wp:term":[{"taxonomy":"category","embeddable":true,"href":"http:\/\/www.maria-koenigin.de\/index.php?rest_route=%2Fwp%2Fv2%2Fcategories&post=14411"},{"taxonomy":"post_tag","embeddable":true,"href":"http:\/\/www.maria-koenigin.de\/index.php?rest_route=%2Fwp%2Fv2%2Ftags&post=14411"}],"curies":[{"name":"wp","href":"https:\/\/api.w.org\/{rel}","templated":true}]}}