{"id":14461,"date":"2024-07-21T07:02:37","date_gmt":"2024-07-21T05:02:37","guid":{"rendered":"https:\/\/www.maria-koenigin.de\/?p=14461"},"modified":"2024-07-09T18:08:39","modified_gmt":"2024-07-09T16:08:39","slug":"erdkunde-lk-zu-gast-in-dortmund","status":"publish","type":"post","link":"http:\/\/www.maria-koenigin.de\/?p=14461","title":{"rendered":"Erdkunde-LK zu Gast in Dortmund"},"content":{"rendered":"<p style=\"text-align: justify;\"><img loading=\"lazy\" decoding=\"async\" class=\"alignright wp-image-14462 size-full\" src=\"http:\/\/www.maria-koenigin.de\/wordpress\/wp-content\/uploads\/2024\/07\/LKEKDortmund1.jpg\" alt=\"\" width=\"640\" height=\"960\" srcset=\"http:\/\/www.maria-koenigin.de\/wordpress\/wp-content\/uploads\/2024\/07\/LKEKDortmund1.jpg 640w, http:\/\/www.maria-koenigin.de\/wordpress\/wp-content\/uploads\/2024\/07\/LKEKDortmund1-200x300.jpg 200w, http:\/\/www.maria-koenigin.de\/wordpress\/wp-content\/uploads\/2024\/07\/LKEKDortmund1-624x936.jpg 624w\" sizes=\"auto, (max-width: 640px) 100vw, 640px\" \/>Der Erdkunde LK der Q1 f\u00fchrte vor den Ferien eine Exkursion nach Dortmund durch. Bei einem Rundgang durch das Unionviertel stand das Thema Gentrifizierung im Vordergrund. Die Sch\u00fcler \u00fcberpr\u00fcften, inwiefern Kennzeichen der Gentrifizierung zu erkennen sind.<!--more--><\/p>\n<p style=\"text-align: justify;\"><img loading=\"lazy\" decoding=\"async\" class=\"alignright wp-image-14463 size-full\" src=\"http:\/\/www.maria-koenigin.de\/wordpress\/wp-content\/uploads\/2024\/07\/LKEKDortmund2.jpg\" alt=\"\" width=\"640\" height=\"427\" srcset=\"http:\/\/www.maria-koenigin.de\/wordpress\/wp-content\/uploads\/2024\/07\/LKEKDortmund2.jpg 640w, http:\/\/www.maria-koenigin.de\/wordpress\/wp-content\/uploads\/2024\/07\/LKEKDortmund2-300x200.jpg 300w, http:\/\/www.maria-koenigin.de\/wordpress\/wp-content\/uploads\/2024\/07\/LKEKDortmund2-624x416.jpg 624w\" sizes=\"auto, (max-width: 640px) 100vw, 640px\" \/>Ein Besuch des Dortmunder U (Zentrum f\u00fcr Kunst und Kreativit\u00e4t) durfte da nicht fehlen. Anschlie\u00dfend untersuchten die Sch\u00fcler in Kleingruppen die Funktion der Innenstadt und orientierten sich dabei an den Grunddaseinsfunktionen: Wohnen, Arbeiten, Versorgung, Bildung, Erholung.<\/p>\n<p style=\"text-align: justify;\"><img loading=\"lazy\" decoding=\"async\" class=\"alignright wp-image-14464 size-full\" src=\"http:\/\/www.maria-koenigin.de\/wordpress\/wp-content\/uploads\/2024\/07\/LKEKDortmund3.jpg\" alt=\"\" width=\"640\" height=\"427\" srcset=\"http:\/\/www.maria-koenigin.de\/wordpress\/wp-content\/uploads\/2024\/07\/LKEKDortmund3.jpg 640w, http:\/\/www.maria-koenigin.de\/wordpress\/wp-content\/uploads\/2024\/07\/LKEKDortmund3-300x200.jpg 300w, http:\/\/www.maria-koenigin.de\/wordpress\/wp-content\/uploads\/2024\/07\/LKEKDortmund3-624x416.jpg 624w\" sizes=\"auto, (max-width: 640px) 100vw, 640px\" \/>Weitere st\u00e4dtische Angebote, die besucht wurden, waren der Ph\u00f6nix-See und der Westfalenpark.<\/p>\n<p style=\"text-align: justify;\"><img loading=\"lazy\" decoding=\"async\" class=\"alignright wp-image-14465 size-full\" src=\"http:\/\/www.maria-koenigin.de\/wordpress\/wp-content\/uploads\/2024\/07\/LKEKDortmund4.jpg\" alt=\"\" width=\"640\" height=\"427\" srcset=\"http:\/\/www.maria-koenigin.de\/wordpress\/wp-content\/uploads\/2024\/07\/LKEKDortmund4.jpg 640w, http:\/\/www.maria-koenigin.de\/wordpress\/wp-content\/uploads\/2024\/07\/LKEKDortmund4-300x200.jpg 300w, http:\/\/www.maria-koenigin.de\/wordpress\/wp-content\/uploads\/2024\/07\/LKEKDortmund4-624x416.jpg 624w\" sizes=\"auto, (max-width: 640px) 100vw, 640px\" \/>Insgesamt war die Exkursion gepr\u00e4gt von einer internationalen EM-Atmosph\u00e4re und sommerlichen Temperaturen, da immer wieder Fans in verschiedenen Trikots (T\u00fcrkei, Georgien, Portugal, \u2026) die Menschenmengen durchmischten und auf dem Weg zum Public Viewing waren. Mit vielen intensiven Eindr\u00fccken ging es gegen Abend dann zur\u00fcck nach Lennestadt.<\/p>\n<p><em>Steffen Hebbeker <img loading=\"lazy\" decoding=\"async\" class=\"alignright wp-image-14466 size-full\" src=\"http:\/\/www.maria-koenigin.de\/wordpress\/wp-content\/uploads\/2024\/07\/LKEKDortmund5.jpg\" alt=\"\" width=\"640\" height=\"427\" srcset=\"http:\/\/www.maria-koenigin.de\/wordpress\/wp-content\/uploads\/2024\/07\/LKEKDortmund5.jpg 640w, http:\/\/www.maria-koenigin.de\/wordpress\/wp-content\/uploads\/2024\/07\/LKEKDortmund5-300x200.jpg 300w, http:\/\/www.maria-koenigin.de\/wordpress\/wp-content\/uploads\/2024\/07\/LKEKDortmund5-624x416.jpg 624w\" sizes=\"auto, (max-width: 640px) 100vw, 640px\" \/><\/em><\/p>\n","protected":false},"excerpt":{"rendered":"<p>Der Erdkunde LK der Q1 f\u00fchrte vor den Ferien eine Exkursion nach Dortmund durch. Bei einem Rundgang durch das Unionviertel stand das Thema Gentrifizierung im Vordergrund. Die Sch\u00fcler \u00fcberpr\u00fcften, inwiefern Kennzeichen der Gentrifizierung zu erkennen sind.<\/p>\n","protected":false},"author":7,"featured_media":0,"comment_status":"closed","ping_status":"closed","sticky":false,"template":"","format":"standard","meta":{"ngg_post_thumbnail":0,"footnotes":""},"categories":[4],"tags":[],"class_list":["post-14461","post","type-post","status-publish","format-standard","hentry","category-aktuelles"],"_links":{"self":[{"href":"http:\/\/www.maria-koenigin.de\/index.php?rest_route=\/wp\/v2\/posts\/14461","targetHints":{"allow":["GET"]}}],"collection":[{"href":"http:\/\/www.maria-koenigin.de\/index.php?rest_route=\/wp\/v2\/posts"}],"about":[{"href":"http:\/\/www.maria-koenigin.de\/index.php?rest_route=\/wp\/v2\/types\/post"}],"author":[{"embeddable":true,"href":"http:\/\/www.maria-koenigin.de\/index.php?rest_route=\/wp\/v2\/users\/7"}],"replies":[{"embeddable":true,"href":"http:\/\/www.maria-koenigin.de\/index.php?rest_route=%2Fwp%2Fv2%2Fcomments&post=14461"}],"version-history":[{"count":1,"href":"http:\/\/www.maria-koenigin.de\/index.php?rest_route=\/wp\/v2\/posts\/14461\/revisions"}],"predecessor-version":[{"id":14467,"href":"http:\/\/www.maria-koenigin.de\/index.php?rest_route=\/wp\/v2\/posts\/14461\/revisions\/14467"}],"wp:attachment":[{"href":"http:\/\/www.maria-koenigin.de\/index.php?rest_route=%2Fwp%2Fv2%2Fmedia&parent=14461"}],"wp:term":[{"taxonomy":"category","embeddable":true,"href":"http:\/\/www.maria-koenigin.de\/index.php?rest_route=%2Fwp%2Fv2%2Fcategories&post=14461"},{"taxonomy":"post_tag","embeddable":true,"href":"http:\/\/www.maria-koenigin.de\/index.php?rest_route=%2Fwp%2Fv2%2Ftags&post=14461"}],"curies":[{"name":"wp","href":"https:\/\/api.w.org\/{rel}","templated":true}]}}