{"id":14468,"date":"2024-07-14T07:18:37","date_gmt":"2024-07-14T05:18:37","guid":{"rendered":"https:\/\/www.maria-koenigin.de\/?p=14468"},"modified":"2024-07-09T18:23:38","modified_gmt":"2024-07-09T16:23:38","slug":"deutsch-franzoesische-begegnung-in-strassburg","status":"publish","type":"post","link":"http:\/\/www.maria-koenigin.de\/?p=14468","title":{"rendered":"Deutsch-franz\u00f6sische Begegnung in Stra\u00dfburg"},"content":{"rendered":"<p style=\"text-align: justify;\"><img loading=\"lazy\" decoding=\"async\" class=\"alignright wp-image-14469 size-full\" src=\"http:\/\/www.maria-koenigin.de\/wordpress\/wp-content\/uploads\/2024\/07\/DF-Begegnung1.jpg\" alt=\"\" width=\"640\" height=\"480\" srcset=\"http:\/\/www.maria-koenigin.de\/wordpress\/wp-content\/uploads\/2024\/07\/DF-Begegnung1.jpg 640w, http:\/\/www.maria-koenigin.de\/wordpress\/wp-content\/uploads\/2024\/07\/DF-Begegnung1-300x225.jpg 300w, http:\/\/www.maria-koenigin.de\/wordpress\/wp-content\/uploads\/2024\/07\/DF-Begegnung1-624x468.jpg 624w\" sizes=\"auto, (max-width: 640px) 100vw, 640px\" \/>Mit unserer Partnerschule in Frankreich, dem Coll\u00e8ge Ren\u00e9 Bernier in St.-S\u00e9bastian-sur-Loire (bei Nantes), fand jetzt zum dritten Mal eine spannende Drittortbegegnung statt (in diesem Jahr in Stra\u00dfburg im Lyc\u00e9e Alexandre Dumas), an der 37 Sch\u00fcler:innen unserer Jahrgangsstufe 8 und 17 franz\u00f6sische Partner:innen teilnahmen. <!--more--><\/p>\n<p style=\"text-align: justify;\"><img loading=\"lazy\" decoding=\"async\" class=\"alignright wp-image-14470 size-full\" src=\"http:\/\/www.maria-koenigin.de\/wordpress\/wp-content\/uploads\/2024\/07\/DF-Begegnung2.jpg\" alt=\"\" width=\"640\" height=\"480\" srcset=\"http:\/\/www.maria-koenigin.de\/wordpress\/wp-content\/uploads\/2024\/07\/DF-Begegnung2.jpg 640w, http:\/\/www.maria-koenigin.de\/wordpress\/wp-content\/uploads\/2024\/07\/DF-Begegnung2-300x225.jpg 300w, http:\/\/www.maria-koenigin.de\/wordpress\/wp-content\/uploads\/2024\/07\/DF-Begegnung2-624x468.jpg 624w\" sizes=\"auto, (max-width: 640px) 100vw, 640px\" \/>Gef\u00f6rdert wurde das Projekt vom Deutsch-Franz\u00f6sischen Jugendwerk. Das gemeinsame Kennenlernen erfolgte in verschiedenen Workshops zum Thema Europa, bei Karambolage (Videos, die spielerisch und humorvoll die kleinen und gro\u00dfen Unterschiede zwischen Deutschen und Franzosen darstellen) und nat\u00fcrlich bei Spiel und Sport. Highlights der Woche waren der Besuch des Vauban-Viertels in Freiburg sowie zwei erlebnisreiche Tagesausfl\u00fcge zur Entdeckung der europ\u00e4ischen Stadt Stra\u00dfburg.<\/p>\n<p style=\"text-align: justify;\"><img loading=\"lazy\" decoding=\"async\" class=\"alignright wp-image-14471 size-full\" src=\"http:\/\/www.maria-koenigin.de\/wordpress\/wp-content\/uploads\/2024\/07\/DF-Begegnung3.jpg\" alt=\"\" width=\"640\" height=\"480\" srcset=\"http:\/\/www.maria-koenigin.de\/wordpress\/wp-content\/uploads\/2024\/07\/DF-Begegnung3.jpg 640w, http:\/\/www.maria-koenigin.de\/wordpress\/wp-content\/uploads\/2024\/07\/DF-Begegnung3-300x225.jpg 300w, http:\/\/www.maria-koenigin.de\/wordpress\/wp-content\/uploads\/2024\/07\/DF-Begegnung3-624x468.jpg 624w\" sizes=\"auto, (max-width: 640px) 100vw, 640px\" \/>Hierbei durften eine F\u00fchrung im Europaparlament und eine Bootsfahrt auf der Ill nicht fehlen. Das gemeinsame Treffen war f\u00fcr die Jugendlichen eine ereignisreiche Zeit und tr\u00e4gt im Hinblick auf die Entwicklung in Europa als kleiner, aber wichtiger Baustein, zum friedlichen Miteinander bei.<\/p>\n<p style=\"text-align: justify;\"><em>Ilse Beul und Vera Terrones P\u00e9rez<\/em><\/p>\n","protected":false},"excerpt":{"rendered":"<p>Mit unserer Partnerschule in Frankreich, dem Coll\u00e8ge Ren\u00e9 Bernier in St.-S\u00e9bastian-sur-Loire (bei Nantes), fand jetzt zum dritten Mal eine spannende Drittortbegegnung statt (in diesem Jahr in Stra\u00dfburg im Lyc\u00e9e Alexandre Dumas), an der 37 Sch\u00fcler:innen unserer Jahrgangsstufe 8 und 17 franz\u00f6sische Partner:innen teilnahmen.<\/p>\n","protected":false},"author":7,"featured_media":0,"comment_status":"closed","ping_status":"closed","sticky":false,"template":"","format":"standard","meta":{"ngg_post_thumbnail":0,"footnotes":""},"categories":[4],"tags":[],"class_list":["post-14468","post","type-post","status-publish","format-standard","hentry","category-aktuelles"],"_links":{"self":[{"href":"http:\/\/www.maria-koenigin.de\/index.php?rest_route=\/wp\/v2\/posts\/14468","targetHints":{"allow":["GET"]}}],"collection":[{"href":"http:\/\/www.maria-koenigin.de\/index.php?rest_route=\/wp\/v2\/posts"}],"about":[{"href":"http:\/\/www.maria-koenigin.de\/index.php?rest_route=\/wp\/v2\/types\/post"}],"author":[{"embeddable":true,"href":"http:\/\/www.maria-koenigin.de\/index.php?rest_route=\/wp\/v2\/users\/7"}],"replies":[{"embeddable":true,"href":"http:\/\/www.maria-koenigin.de\/index.php?rest_route=%2Fwp%2Fv2%2Fcomments&post=14468"}],"version-history":[{"count":2,"href":"http:\/\/www.maria-koenigin.de\/index.php?rest_route=\/wp\/v2\/posts\/14468\/revisions"}],"predecessor-version":[{"id":14473,"href":"http:\/\/www.maria-koenigin.de\/index.php?rest_route=\/wp\/v2\/posts\/14468\/revisions\/14473"}],"wp:attachment":[{"href":"http:\/\/www.maria-koenigin.de\/index.php?rest_route=%2Fwp%2Fv2%2Fmedia&parent=14468"}],"wp:term":[{"taxonomy":"category","embeddable":true,"href":"http:\/\/www.maria-koenigin.de\/index.php?rest_route=%2Fwp%2Fv2%2Fcategories&post=14468"},{"taxonomy":"post_tag","embeddable":true,"href":"http:\/\/www.maria-koenigin.de\/index.php?rest_route=%2Fwp%2Fv2%2Ftags&post=14468"}],"curies":[{"name":"wp","href":"https:\/\/api.w.org\/{rel}","templated":true}]}}