{"id":14474,"date":"2024-07-24T18:26:46","date_gmt":"2024-07-24T16:26:46","guid":{"rendered":"https:\/\/www.maria-koenigin.de\/?p=14474"},"modified":"2024-07-09T18:30:15","modified_gmt":"2024-07-09T16:30:15","slug":"allons-enfants-cinefete-an-mk","status":"publish","type":"post","link":"http:\/\/www.maria-koenigin.de\/?p=14474","title":{"rendered":"Allons Enfants \u2013 Cin\u00e9f\u00eate an MK"},"content":{"rendered":"<p style=\"text-align: justify;\"><img loading=\"lazy\" decoding=\"async\" class=\"alignright wp-image-14475 size-full\" src=\"http:\/\/www.maria-koenigin.de\/wordpress\/wp-content\/uploads\/2024\/07\/Cinefete-002kl.jpg\" alt=\"\" width=\"640\" height=\"790\" srcset=\"http:\/\/www.maria-koenigin.de\/wordpress\/wp-content\/uploads\/2024\/07\/Cinefete-002kl.jpg 640w, http:\/\/www.maria-koenigin.de\/wordpress\/wp-content\/uploads\/2024\/07\/Cinefete-002kl-243x300.jpg 243w, http:\/\/www.maria-koenigin.de\/wordpress\/wp-content\/uploads\/2024\/07\/Cinefete-002kl-624x770.jpg 624w\" sizes=\"auto, (max-width: 640px) 100vw, 640px\" \/>Am Mittwoch, den 26.06.2024, begann der Unterricht f\u00fcr die Sch\u00fcler:innen der Jahrgangsstufen 7 und 8 nicht wie gewohnt an MK. An diesem Tag trafen sie sich mit ihren Franz\u00f6sischlehrerinnen und anderen Sch\u00fcler:innen des St\u00e4dtischen Gymnasiums Lennestadt und des Gymnasiums Schmallenberg vor dem Lichtspielhaus Lennestadt. Gemeinsam nahmen alle an der Cin\u00e9f\u00eate teil. <!--more-->Cin\u00e9f\u00eate ist ein Schulfilmfestival, wodurch den Lernenden ein abwechslungsreicher und authentischer Kontakt zur franz\u00f6sischen Sprache und Filmkunst erm\u00f6glicht wird. An diesem Tag stand der Film \u201eAllons Enfants\u201c auf dem Programm:\u00a0Neben der Vorbereitung auf das Abitur werden die Jugendlichen am Pariser Turgot-Gymnasium zu professionellen Hip-Hop-T\u00e4nzer:innen ausgebildet. Im Zentrum des Dokumentarfilms stehen ambitionierte Jugendliche aus diversen Herk\u00fcnften, die allesamt von einer gro\u00dfen Tanzkarriere tr\u00e4umen. Sie zeigen au\u00dferdem interessante Einblicke in ihre pers\u00f6nlichen Hintergr\u00fcnde, Gedanken und Ziele.<\/p>\n<p style=\"text-align: justify;\"><em>Vera Terrones P\u00e9rez<\/em><\/p>\n","protected":false},"excerpt":{"rendered":"<p>Am Mittwoch, den 26.06.2024, begann der Unterricht f\u00fcr die Sch\u00fcler:innen der Jahrgangsstufen 7 und 8 nicht wie gewohnt an MK. An diesem Tag trafen sie sich mit ihren Franz\u00f6sischlehrerinnen und anderen Sch\u00fcler:innen des St\u00e4dtischen Gymnasiums Lennestadt und des Gymnasiums Schmallenberg vor dem Lichtspielhaus Lennestadt. Gemeinsam nahmen alle an der Cin\u00e9f\u00eate teil.<\/p>\n","protected":false},"author":7,"featured_media":0,"comment_status":"closed","ping_status":"closed","sticky":false,"template":"","format":"standard","meta":{"ngg_post_thumbnail":0,"footnotes":""},"categories":[4],"tags":[],"class_list":["post-14474","post","type-post","status-publish","format-standard","hentry","category-aktuelles"],"_links":{"self":[{"href":"http:\/\/www.maria-koenigin.de\/index.php?rest_route=\/wp\/v2\/posts\/14474","targetHints":{"allow":["GET"]}}],"collection":[{"href":"http:\/\/www.maria-koenigin.de\/index.php?rest_route=\/wp\/v2\/posts"}],"about":[{"href":"http:\/\/www.maria-koenigin.de\/index.php?rest_route=\/wp\/v2\/types\/post"}],"author":[{"embeddable":true,"href":"http:\/\/www.maria-koenigin.de\/index.php?rest_route=\/wp\/v2\/users\/7"}],"replies":[{"embeddable":true,"href":"http:\/\/www.maria-koenigin.de\/index.php?rest_route=%2Fwp%2Fv2%2Fcomments&post=14474"}],"version-history":[{"count":1,"href":"http:\/\/www.maria-koenigin.de\/index.php?rest_route=\/wp\/v2\/posts\/14474\/revisions"}],"predecessor-version":[{"id":14476,"href":"http:\/\/www.maria-koenigin.de\/index.php?rest_route=\/wp\/v2\/posts\/14474\/revisions\/14476"}],"wp:attachment":[{"href":"http:\/\/www.maria-koenigin.de\/index.php?rest_route=%2Fwp%2Fv2%2Fmedia&parent=14474"}],"wp:term":[{"taxonomy":"category","embeddable":true,"href":"http:\/\/www.maria-koenigin.de\/index.php?rest_route=%2Fwp%2Fv2%2Fcategories&post=14474"},{"taxonomy":"post_tag","embeddable":true,"href":"http:\/\/www.maria-koenigin.de\/index.php?rest_route=%2Fwp%2Fv2%2Ftags&post=14474"}],"curies":[{"name":"wp","href":"https:\/\/api.w.org\/{rel}","templated":true}]}}