{"id":14487,"date":"2024-07-18T10:29:38","date_gmt":"2024-07-18T08:29:38","guid":{"rendered":"https:\/\/www.maria-koenigin.de\/?p=14487"},"modified":"2024-07-10T10:34:01","modified_gmt":"2024-07-10T08:34:01","slug":"maerchenprojekt-der-klasse-5a","status":"publish","type":"post","link":"http:\/\/www.maria-koenigin.de\/?p=14487","title":{"rendered":"M\u00e4rchenprojekt der Klasse 5a"},"content":{"rendered":"<p style=\"text-align: justify;\"><img loading=\"lazy\" decoding=\"async\" class=\"alignright wp-image-14488 size-full\" src=\"http:\/\/www.maria-koenigin.de\/wordpress\/wp-content\/uploads\/2024\/07\/Maerchenprojekt1.jpg\" alt=\"\" width=\"640\" height=\"480\" srcset=\"http:\/\/www.maria-koenigin.de\/wordpress\/wp-content\/uploads\/2024\/07\/Maerchenprojekt1.jpg 640w, http:\/\/www.maria-koenigin.de\/wordpress\/wp-content\/uploads\/2024\/07\/Maerchenprojekt1-300x225.jpg 300w, http:\/\/www.maria-koenigin.de\/wordpress\/wp-content\/uploads\/2024\/07\/Maerchenprojekt1-624x468.jpg 624w\" sizes=\"auto, (max-width: 640px) 100vw, 640px\" \/>&#8222;Die Welt der M\u00e4rchen&#8220; war jetzt &#8211; angelehnt an das Lesen und den Welttag des Buches &#8211; ein gro\u00dfes Thema in den Klassen 5. Dazu haben die Sch\u00fclerinnen und Sch\u00fcler der Klasse 5a mit Deutschlehrerin Anke Koch eine kleine Ausstellung in der oberen Pausenhalle organisiert. Mit gro\u00dfer Freude haben sie Plakate zu einem selbst ausgew\u00e4hlten M\u00e4rchen gestaltet. Besonders gefallen hat ihnen die Erarbeitung in Gruppen und die M\u00f6glichkeit die Plakate frei zu gestalten.<!--more--><\/p>\n<p style=\"text-align: justify;\"><img loading=\"lazy\" decoding=\"async\" class=\"alignright wp-image-14489 size-full\" src=\"http:\/\/www.maria-koenigin.de\/wordpress\/wp-content\/uploads\/2024\/07\/Maerchenprojekt2.jpg\" alt=\"\" width=\"640\" height=\"462\" srcset=\"http:\/\/www.maria-koenigin.de\/wordpress\/wp-content\/uploads\/2024\/07\/Maerchenprojekt2.jpg 640w, http:\/\/www.maria-koenigin.de\/wordpress\/wp-content\/uploads\/2024\/07\/Maerchenprojekt2-300x217.jpg 300w, http:\/\/www.maria-koenigin.de\/wordpress\/wp-content\/uploads\/2024\/07\/Maerchenprojekt2-624x450.jpg 624w\" sizes=\"auto, (max-width: 640px) 100vw, 640px\" \/>Die Plakate waren in der Pausenhalle ausgestellt, so dass auch andere Sch\u00fcler sich einen \u00dcberblick \u00fcber einige M\u00e4rchen der Gebr\u00fcder Grimm verschaffen konnten.<\/p>\n<p><img loading=\"lazy\" decoding=\"async\" class=\"alignright wp-image-14490 size-full\" src=\"http:\/\/www.maria-koenigin.de\/wordpress\/wp-content\/uploads\/2024\/07\/Maerchenprojekt3.jpg\" alt=\"\" width=\"640\" height=\"896\" srcset=\"http:\/\/www.maria-koenigin.de\/wordpress\/wp-content\/uploads\/2024\/07\/Maerchenprojekt3.jpg 640w, http:\/\/www.maria-koenigin.de\/wordpress\/wp-content\/uploads\/2024\/07\/Maerchenprojekt3-214x300.jpg 214w, http:\/\/www.maria-koenigin.de\/wordpress\/wp-content\/uploads\/2024\/07\/Maerchenprojekt3-624x874.jpg 624w\" sizes=\"auto, (max-width: 640px) 100vw, 640px\" \/><img loading=\"lazy\" decoding=\"async\" class=\"alignright wp-image-14491 size-full\" src=\"http:\/\/www.maria-koenigin.de\/wordpress\/wp-content\/uploads\/2024\/07\/Maerchenprojekt-4.jpg\" alt=\"\" width=\"640\" height=\"440\" srcset=\"http:\/\/www.maria-koenigin.de\/wordpress\/wp-content\/uploads\/2024\/07\/Maerchenprojekt-4.jpg 640w, http:\/\/www.maria-koenigin.de\/wordpress\/wp-content\/uploads\/2024\/07\/Maerchenprojekt-4-300x206.jpg 300w, http:\/\/www.maria-koenigin.de\/wordpress\/wp-content\/uploads\/2024\/07\/Maerchenprojekt-4-624x429.jpg 624w\" sizes=\"auto, (max-width: 640px) 100vw, 640px\" \/><\/p>\n","protected":false},"excerpt":{"rendered":"<p>&#8222;Die Welt der M\u00e4rchen&#8220; war jetzt &#8211; angelehnt an das Lesen und den Welttag des Buches &#8211; ein gro\u00dfes Thema in den Klassen 5. Dazu haben die Sch\u00fclerinnen und Sch\u00fcler der Klasse 5a mit Deutschlehrerin Anke Koch eine kleine Ausstellung in der oberen Pausenhalle organisiert. Mit gro\u00dfer Freude haben sie Plakate zu einem selbst ausgew\u00e4hlten [&hellip;]<\/p>\n","protected":false},"author":7,"featured_media":0,"comment_status":"closed","ping_status":"closed","sticky":false,"template":"","format":"standard","meta":{"ngg_post_thumbnail":0,"footnotes":""},"categories":[4],"tags":[],"class_list":["post-14487","post","type-post","status-publish","format-standard","hentry","category-aktuelles"],"_links":{"self":[{"href":"http:\/\/www.maria-koenigin.de\/index.php?rest_route=\/wp\/v2\/posts\/14487","targetHints":{"allow":["GET"]}}],"collection":[{"href":"http:\/\/www.maria-koenigin.de\/index.php?rest_route=\/wp\/v2\/posts"}],"about":[{"href":"http:\/\/www.maria-koenigin.de\/index.php?rest_route=\/wp\/v2\/types\/post"}],"author":[{"embeddable":true,"href":"http:\/\/www.maria-koenigin.de\/index.php?rest_route=\/wp\/v2\/users\/7"}],"replies":[{"embeddable":true,"href":"http:\/\/www.maria-koenigin.de\/index.php?rest_route=%2Fwp%2Fv2%2Fcomments&post=14487"}],"version-history":[{"count":1,"href":"http:\/\/www.maria-koenigin.de\/index.php?rest_route=\/wp\/v2\/posts\/14487\/revisions"}],"predecessor-version":[{"id":14492,"href":"http:\/\/www.maria-koenigin.de\/index.php?rest_route=\/wp\/v2\/posts\/14487\/revisions\/14492"}],"wp:attachment":[{"href":"http:\/\/www.maria-koenigin.de\/index.php?rest_route=%2Fwp%2Fv2%2Fmedia&parent=14487"}],"wp:term":[{"taxonomy":"category","embeddable":true,"href":"http:\/\/www.maria-koenigin.de\/index.php?rest_route=%2Fwp%2Fv2%2Fcategories&post=14487"},{"taxonomy":"post_tag","embeddable":true,"href":"http:\/\/www.maria-koenigin.de\/index.php?rest_route=%2Fwp%2Fv2%2Ftags&post=14487"}],"curies":[{"name":"wp","href":"https:\/\/api.w.org\/{rel}","templated":true}]}}