{"id":14495,"date":"2024-07-30T11:19:14","date_gmt":"2024-07-30T09:19:14","guid":{"rendered":"https:\/\/www.maria-koenigin.de\/?p=14495"},"modified":"2024-07-30T11:19:14","modified_gmt":"2024-07-30T09:19:14","slug":"auszeichnung-bei-digimath4edu","status":"publish","type":"post","link":"http:\/\/www.maria-koenigin.de\/?p=14495","title":{"rendered":"Auszeichnung bei \u201eDigiMath4Edu\u201c"},"content":{"rendered":"<p style=\"text-align: justify;\"><img loading=\"lazy\" decoding=\"async\" class=\"alignright wp-image-14499 size-full\" src=\"http:\/\/www.maria-koenigin.de\/wordpress\/wp-content\/uploads\/2024\/07\/digiMath4kl.jpg\" alt=\"\" width=\"640\" height=\"513\" srcset=\"http:\/\/www.maria-koenigin.de\/wordpress\/wp-content\/uploads\/2024\/07\/digiMath4kl.jpg 640w, http:\/\/www.maria-koenigin.de\/wordpress\/wp-content\/uploads\/2024\/07\/digiMath4kl-300x240.jpg 300w, http:\/\/www.maria-koenigin.de\/wordpress\/wp-content\/uploads\/2024\/07\/digiMath4kl-624x500.jpg 624w\" sizes=\"auto, (max-width: 640px) 100vw, 640px\" \/>Mit Blick auf die bereits anstehenden Sommerferien und den Abschluss des Schuljahres fand jetzt eine Abschlussveranstaltung des Projektes \u201eDigiMath4Edu\u201c der Universit\u00e4t Siegen am Campus Unteres Schloss statt.<br \/>\nAls eine von insgesamt 15 Schulen im gesamten Projektdurchgang war das Gymnasium Maria K\u00f6nigin im zweiten Projektjahr von Februar 2022 bis Februar 2023 beteiligt. <!--more-->In diesem Zeitraum wurden digitale Medien wie 3D-Drucker, VR-Brillen, Lego-Robotern, GeoGebra und weitere innovative Apps auch durch die Unterst\u00fctzung unserer drei UnterrichtsassistentInnen ausgetestet und in den Matheunterricht eingebunden. Auch ein Workshop in Kooperation mit der Firma Mennekes fand in diesem Zusammenhang statt (siehe den Artikel: <a href=\"https:\/\/www.maria-koenigin.de\/?p=13485\">https:\/\/www.maria-koenigin.de\/?p=13485<\/a>).<\/p>\n<p style=\"text-align: justify;\"><img loading=\"lazy\" decoding=\"async\" class=\"alignright wp-image-14496 size-full\" src=\"http:\/\/www.maria-koenigin.de\/wordpress\/wp-content\/uploads\/2024\/07\/DigiMath1.jpg\" alt=\"\" width=\"640\" height=\"480\" srcset=\"http:\/\/www.maria-koenigin.de\/wordpress\/wp-content\/uploads\/2024\/07\/DigiMath1.jpg 640w, http:\/\/www.maria-koenigin.de\/wordpress\/wp-content\/uploads\/2024\/07\/DigiMath1-300x225.jpg 300w, http:\/\/www.maria-koenigin.de\/wordpress\/wp-content\/uploads\/2024\/07\/DigiMath1-624x468.jpg 624w\" sizes=\"auto, (max-width: 640px) 100vw, 640px\" \/>Neben 5 Sch\u00fclern des Mathematik-Leistungskurses (Jakob Artin, Hannes Mertens, Cai Schulte, Luca Steiner, Etienne Wensing), die im Laufe des Projektes entweder in Klasse 9 oder der Einf\u00fchrungsphase an Unterrichtsstunden innerhalb des Projektes beteiligt waren, nahmen von Maria K\u00f6nigin Christiane Schell und Dennis Plett als ProjektkoordinatorInnen, Schulleiter Fabian Borys und Magnus Reifenrath an der Abschlussveranstaltung teil.<br \/>\nNach einem Projektr\u00fcckblick stellten alle 15 Schulen in einem Gallery Walk ihre Ergebnisse und Einbindung der digitalen Meiden in der Schule vor \u2013 auch wir. Mit Erfolg! Denn neben der Marienschule in Helden und der Hanseschule in Attendorn wurde Maria K\u00f6nigin f\u00fcr besonderes Engagement und die intensive Arbeit im Projekt geehrt. Vor allem die \u00fcberzeugende Integration der vorgestellten Unterrichtsvorhaben und -entw\u00fcrfe in den Regelunterricht \u00fcberzeugten die Juroren dabei. Bevor Christiane Schell und Dennis Plett die Auszeichnung entgegennahmen, pr\u00e4sentierten neben den Lehrkr\u00e4ften auch die Sch\u00fcler am Schulstand u. a. die Einbindung des Lego Education SPIKE<sup>TM<\/sup>, mit dem die Zusammenh\u00e4nge des graphischen Ableitens anhand von Bewegungsabl\u00e4ufen des Lego-Roboters erkundet werden konnten.<\/p>\n<p style=\"text-align: justify;\"><img loading=\"lazy\" decoding=\"async\" class=\"alignright wp-image-14497 size-full\" src=\"http:\/\/www.maria-koenigin.de\/wordpress\/wp-content\/uploads\/2024\/07\/DigiMath2kl.jpg\" alt=\"\" width=\"640\" height=\"390\" srcset=\"http:\/\/www.maria-koenigin.de\/wordpress\/wp-content\/uploads\/2024\/07\/DigiMath2kl.jpg 640w, http:\/\/www.maria-koenigin.de\/wordpress\/wp-content\/uploads\/2024\/07\/DigiMath2kl-300x183.jpg 300w, http:\/\/www.maria-koenigin.de\/wordpress\/wp-content\/uploads\/2024\/07\/DigiMath2kl-624x380.jpg 624w\" sizes=\"auto, (max-width: 640px) 100vw, 640px\" \/>Das stie\u00df auch bei Theo Melcher, Landrat des Kreises Olpe, auf Interesse, der sich am Stand unseres Gymnasiums \u00fcber die aktuellen Entwicklungen informierte.<\/p>\n<p style=\"text-align: justify;\">F\u00fcr die begleitenden Sch\u00fcler stand nach der Pr\u00e4sentation am Schulstand ein Sonderprogramm an, bei dem auch die Physikanten als \u201eShowact\u201c begeisterten.<\/p>\n<p style=\"text-align: justify;\"><img loading=\"lazy\" decoding=\"async\" class=\"alignright wp-image-14498 size-full\" src=\"http:\/\/www.maria-koenigin.de\/wordpress\/wp-content\/uploads\/2024\/07\/DigiMath3kl.jpg\" alt=\"\" width=\"640\" height=\"509\" srcset=\"http:\/\/www.maria-koenigin.de\/wordpress\/wp-content\/uploads\/2024\/07\/DigiMath3kl.jpg 640w, http:\/\/www.maria-koenigin.de\/wordpress\/wp-content\/uploads\/2024\/07\/DigiMath3kl-300x239.jpg 300w, http:\/\/www.maria-koenigin.de\/wordpress\/wp-content\/uploads\/2024\/07\/DigiMath3kl-624x496.jpg 624w\" sizes=\"auto, (max-width: 640px) 100vw, 640px\" \/>Somit stellte die Veranstaltung auch f\u00fcr uns einen gelungenen Abschluss des Projektes dar. Auch wenn die aktive Projektzeit des zweiten Projektjahres schon l\u00e4nger zur\u00fcckliegt, zeigte sich auch in der Zwischenzeit, wie gewinnbringen die Zug\u00e4nge zu den digitalen Medien im Mathematikunterricht an MK eingesetzt wurden und auch in Zukunft f\u00fcr einen modernen Mathematikunterricht sorgen werden.<\/p>\n<p style=\"text-align: justify;\">Die Universit\u00e4t Siegen berichtet ebenfalls von der erfolgreichen Abschlussveranstaltung:<\/p>\n<p style=\"text-align: justify;\"><a href=\"https:\/\/www.uni-siegen.de\/start\/news\/oeffentlichkeit\/1035490.html\">https:\/\/www.uni-siegen.de\/start\/news\/oeffentlichkeit\/1035490.html<\/a><\/p>\n","protected":false},"excerpt":{"rendered":"<p>Mit Blick auf die bereits anstehenden Sommerferien und den Abschluss des Schuljahres fand jetzt eine Abschlussveranstaltung des Projektes \u201eDigiMath4Edu\u201c der Universit\u00e4t Siegen am Campus Unteres Schloss statt. Als eine von insgesamt 15 Schulen im gesamten Projektdurchgang war das Gymnasium Maria K\u00f6nigin im zweiten Projektjahr von Februar 2022 bis Februar 2023 beteiligt.<\/p>\n","protected":false},"author":7,"featured_media":0,"comment_status":"closed","ping_status":"closed","sticky":false,"template":"","format":"standard","meta":{"ngg_post_thumbnail":0,"footnotes":""},"categories":[4],"tags":[],"class_list":["post-14495","post","type-post","status-publish","format-standard","hentry","category-aktuelles"],"_links":{"self":[{"href":"http:\/\/www.maria-koenigin.de\/index.php?rest_route=\/wp\/v2\/posts\/14495","targetHints":{"allow":["GET"]}}],"collection":[{"href":"http:\/\/www.maria-koenigin.de\/index.php?rest_route=\/wp\/v2\/posts"}],"about":[{"href":"http:\/\/www.maria-koenigin.de\/index.php?rest_route=\/wp\/v2\/types\/post"}],"author":[{"embeddable":true,"href":"http:\/\/www.maria-koenigin.de\/index.php?rest_route=\/wp\/v2\/users\/7"}],"replies":[{"embeddable":true,"href":"http:\/\/www.maria-koenigin.de\/index.php?rest_route=%2Fwp%2Fv2%2Fcomments&post=14495"}],"version-history":[{"count":2,"href":"http:\/\/www.maria-koenigin.de\/index.php?rest_route=\/wp\/v2\/posts\/14495\/revisions"}],"predecessor-version":[{"id":14501,"href":"http:\/\/www.maria-koenigin.de\/index.php?rest_route=\/wp\/v2\/posts\/14495\/revisions\/14501"}],"wp:attachment":[{"href":"http:\/\/www.maria-koenigin.de\/index.php?rest_route=%2Fwp%2Fv2%2Fmedia&parent=14495"}],"wp:term":[{"taxonomy":"category","embeddable":true,"href":"http:\/\/www.maria-koenigin.de\/index.php?rest_route=%2Fwp%2Fv2%2Fcategories&post=14495"},{"taxonomy":"post_tag","embeddable":true,"href":"http:\/\/www.maria-koenigin.de\/index.php?rest_route=%2Fwp%2Fv2%2Ftags&post=14495"}],"curies":[{"name":"wp","href":"https:\/\/api.w.org\/{rel}","templated":true}]}}