{"id":14502,"date":"2024-08-03T08:00:44","date_gmt":"2024-08-03T06:00:44","guid":{"rendered":"https:\/\/www.maria-koenigin.de\/?p=14502"},"modified":"2024-07-30T11:43:22","modified_gmt":"2024-07-30T09:43:22","slug":"lisa-fleper-bei-der-young-leaders-akademie-in-potsdam","status":"publish","type":"post","link":"http:\/\/www.maria-koenigin.de\/?p=14502","title":{"rendered":"Lisa Fleper bei der Young Leaders Akademie in Potsdam"},"content":{"rendered":"<p style=\"text-align: justify;\"><em><img loading=\"lazy\" decoding=\"async\" class=\"alignright wp-image-14503 size-full\" src=\"http:\/\/www.maria-koenigin.de\/wordpress\/wp-content\/uploads\/2024\/07\/YoungLeadersLisa1.jpg\" alt=\"\" width=\"640\" height=\"480\" srcset=\"http:\/\/www.maria-koenigin.de\/wordpress\/wp-content\/uploads\/2024\/07\/YoungLeadersLisa1.jpg 640w, http:\/\/www.maria-koenigin.de\/wordpress\/wp-content\/uploads\/2024\/07\/YoungLeadersLisa1-300x225.jpg 300w, http:\/\/www.maria-koenigin.de\/wordpress\/wp-content\/uploads\/2024\/07\/YoungLeadersLisa1-624x468.jpg 624w\" sizes=\"auto, (max-width: 640px) 100vw, 640px\" \/>Unsere Sch\u00fclerin Lisa Fleper (Q2) hatte die M\u00f6glichkeit an einer Veranstaltung der Young Leaders Academy teilzunehmen. Hier berichtet sie von ihren Erfahrungen. <\/em><\/p>\n<p style=\"text-align: justify;\">Mitten in den Ferien machte ich mich auf den Weg zum Bahnhof in Finnentrop. Eine spannende Zugfahrt und eine noch spannendere Woche lagen vor mir. Die Young Leaders GmbH ist ein Netzwerk, das es sich auf die Fahne geschrieben hat, junge engagierte Menschen aus Deutschland und Europa zu f\u00f6rdern. Zur Akademie in Potsdam wurde ich eingeladen, nachdem ich im Herbst 2023 bereits an einem anderen Workshop von ihnen teilnehmen konnte.<!--more--><\/p>\n<p style=\"text-align: justify;\"><img loading=\"lazy\" decoding=\"async\" class=\"alignright wp-image-14504 size-full\" src=\"http:\/\/www.maria-koenigin.de\/wordpress\/wp-content\/uploads\/2024\/07\/YoungLeadersLisa3.jpg\" alt=\"\" width=\"640\" height=\"480\" srcset=\"http:\/\/www.maria-koenigin.de\/wordpress\/wp-content\/uploads\/2024\/07\/YoungLeadersLisa3.jpg 640w, http:\/\/www.maria-koenigin.de\/wordpress\/wp-content\/uploads\/2024\/07\/YoungLeadersLisa3-300x225.jpg 300w, http:\/\/www.maria-koenigin.de\/wordpress\/wp-content\/uploads\/2024\/07\/YoungLeadersLisa3-624x468.jpg 624w\" sizes=\"auto, (max-width: 640px) 100vw, 640px\" \/>Nachdem ich in Potsdam im Kongresshotel angekommen war, lernte ich bereits einige der rund 100 Jugendlichen kennen, mit denen ich die n\u00e4chsten Tage zusammen lernen, arbeiten und diskutieren w\u00fcrde. Am n\u00e4chsten Morgen begannen die Vortr\u00e4ge. Verschiedene Referenten stellten uns ihre Themen vor und beantworteten unsere Fragen. Wir diskutierten \u00fcber die 17 Nachhaltigkeitsziele der United Nations, besonders im Mobilit\u00e4tssektor, und gingen dabei tiefer auf autonomes Fahren ein. Am Donnerstag hinterfragten wir zusammen mit dem philippinisch-amerikanischen Professor und Priester Nicanor Austriaco die verschiedenen internationalen Auslegungen der Menschenw\u00fcrde und versuchten mehrere ethischen Dilemmata unserer Zeit zu verstehen und zu l\u00f6sen.<\/p>\n<p style=\"text-align: justify;\"><img loading=\"lazy\" decoding=\"async\" class=\"alignright wp-image-14505 size-full\" src=\"http:\/\/www.maria-koenigin.de\/wordpress\/wp-content\/uploads\/2024\/07\/YoungleadersLisa2.jpg\" alt=\"\" width=\"640\" height=\"480\" srcset=\"http:\/\/www.maria-koenigin.de\/wordpress\/wp-content\/uploads\/2024\/07\/YoungleadersLisa2.jpg 640w, http:\/\/www.maria-koenigin.de\/wordpress\/wp-content\/uploads\/2024\/07\/YoungleadersLisa2-300x225.jpg 300w, http:\/\/www.maria-koenigin.de\/wordpress\/wp-content\/uploads\/2024\/07\/YoungleadersLisa2-624x468.jpg 624w\" sizes=\"auto, (max-width: 640px) 100vw, 640px\" \/>Nachdem uns weitere Referenten am Freitag, unter ihnen auch der parlamentarische Staatssekret\u00e4r beim Bundesminister f\u00fcr Digitales und Verkehr aus Berlin Michael Theurer, ihre Impulsvortr\u00e4ge \u00fcber Mobilit\u00e4t, die Europapolitik um den Green Deal, Smart Cities und K\u00fcnstliche Intelligenz vorgestellt haben, produzierten wir in Kleingruppen unter anderem ein TV-Magazin, ein Webmag und eine Zeitung. Letztere wurde \u00fcber Nacht gedruckt und am n\u00e4chsten Morgen pr\u00e4sentiert. Dabei lernten wir verschiedene Arbeitsweisen der \u00f6ffentlichen Medien kennen und bekamen Unterst\u00fctzung von einigen professionellen Journalisten. Meine Aufgabe lag darin, eine Kolumne f\u00fcr die Printausgabe zu schreiben, was meine St\u00e4rken beim Schreiben von pers\u00f6nlichen Texten hervorhob.<\/p>\n<p style=\"text-align: justify;\"><img loading=\"lazy\" decoding=\"async\" class=\"alignright wp-image-14506 size-full\" src=\"http:\/\/www.maria-koenigin.de\/wordpress\/wp-content\/uploads\/2024\/07\/YoungLeadersLisa4.jpg\" alt=\"\" width=\"640\" height=\"480\" srcset=\"http:\/\/www.maria-koenigin.de\/wordpress\/wp-content\/uploads\/2024\/07\/YoungLeadersLisa4.jpg 640w, http:\/\/www.maria-koenigin.de\/wordpress\/wp-content\/uploads\/2024\/07\/YoungLeadersLisa4-300x225.jpg 300w, http:\/\/www.maria-koenigin.de\/wordpress\/wp-content\/uploads\/2024\/07\/YoungLeadersLisa4-624x468.jpg 624w\" sizes=\"auto, (max-width: 640px) 100vw, 640px\" \/><\/p>\n<p style=\"text-align: justify;\">Samstagmittag gab es erneut einen Vortrag \u00fcber die ethischen und rechtlichen Herausforderungen der Zukunft, in welchem wir in unserer Diskussion die bereits ausgearbeiteten Argumente der vergangenen Tage und Vortr\u00e4ge nutzen und einbringen konnten. Unser letzter gemeinsamer Abend endete mit verschiedenen vorher ausgew\u00e4hlten Trainings. Ich entschied mich f\u00fcr Finanzen und lernte, wie ich sicher, nachhaltig und auf meine Lebenssituation angepasst am besten in Aktien, Fonds oder Anleihen investieren kann. Das Ende der Young Leaders Akademie bildete am Sonntagmorgen ein Besuch der Gedenkst\u00e4tte Berlin-Hohensch\u00f6nhausen, einer ehemaligen \u201eUntersuchungshaftanstalt\u201c des Ministeriums f\u00fcr Staatssicherheit der DDR, in welcher wir durch Zeitzeugen hautnah die Verbrechen der Stasi miterleben konnten. Danach ging es f\u00fcr mich mit einigen meiner neu gewonnenen Freunde f\u00fcr einen Schnappschuss zum Brandenburger Tor, bevor ich mich auf die Heimreise begab.<\/p>\n<p style=\"text-align: justify;\"><img loading=\"lazy\" decoding=\"async\" class=\"alignright wp-image-14507 size-full\" src=\"http:\/\/www.maria-koenigin.de\/wordpress\/wp-content\/uploads\/2024\/07\/YoungLeadersLisa5.jpg\" alt=\"\" width=\"640\" height=\"480\" srcset=\"http:\/\/www.maria-koenigin.de\/wordpress\/wp-content\/uploads\/2024\/07\/YoungLeadersLisa5.jpg 640w, http:\/\/www.maria-koenigin.de\/wordpress\/wp-content\/uploads\/2024\/07\/YoungLeadersLisa5-300x225.jpg 300w, http:\/\/www.maria-koenigin.de\/wordpress\/wp-content\/uploads\/2024\/07\/YoungLeadersLisa5-624x468.jpg 624w\" sizes=\"auto, (max-width: 640px) 100vw, 640px\" \/>Durch das straffe und anspruchsvolle Programm kam ich am Sonntagabend zwar v\u00f6llig \u00fcberm\u00fcdet, aber mit vielen neuen Erkenntnissen, Freundschaften und Kontakten wieder zuhause an.<\/p>\n<p style=\"text-align: justify;\">Ich bin mir sicher, dass mich diese Erfahrung noch lange im Leben begleiten wird, und ich freue mich bereits auf viele weitere spannende Workshops und Weiterbildungsangebote mit Young Leaders.<\/p>\n<p style=\"text-align: justify;\">Die n\u00e4chste Young Leaders Akademie findet bereits im Oktober in Paderborn statt und interessierte (Oberstufen-)Sch\u00fcler k\u00f6nnen sich gerne bei Herrn Peil melden. Das Programm ist online abrufbar:\u00a0\u00a0<a href=\"https:\/\/young-leaders.net\/wp-content\/uploads\/2024\/07\/Einladung_83ylA.pdf\">https:\/\/young-leaders.net\/wp-content\/uploads\/2024\/07\/Einladung_83ylA.pdf<\/a><\/p>\n<p style=\"text-align: justify;\"><em>Lisa Fleper<\/em><\/p>\n","protected":false},"excerpt":{"rendered":"<p>Unsere Sch\u00fclerin Lisa Fleper (Q2) hatte die M\u00f6glichkeit an einer Veranstaltung der Young Leaders Academy teilzunehmen. Hier berichtet sie von ihren Erfahrungen. Mitten in den Ferien machte ich mich auf den Weg zum Bahnhof in Finnentrop. Eine spannende Zugfahrt und eine noch spannendere Woche lagen vor mir. Die Young Leaders GmbH ist ein Netzwerk, das [&hellip;]<\/p>\n","protected":false},"author":7,"featured_media":0,"comment_status":"closed","ping_status":"closed","sticky":false,"template":"","format":"standard","meta":{"ngg_post_thumbnail":0,"footnotes":""},"categories":[4],"tags":[],"class_list":["post-14502","post","type-post","status-publish","format-standard","hentry","category-aktuelles"],"_links":{"self":[{"href":"http:\/\/www.maria-koenigin.de\/index.php?rest_route=\/wp\/v2\/posts\/14502","targetHints":{"allow":["GET"]}}],"collection":[{"href":"http:\/\/www.maria-koenigin.de\/index.php?rest_route=\/wp\/v2\/posts"}],"about":[{"href":"http:\/\/www.maria-koenigin.de\/index.php?rest_route=\/wp\/v2\/types\/post"}],"author":[{"embeddable":true,"href":"http:\/\/www.maria-koenigin.de\/index.php?rest_route=\/wp\/v2\/users\/7"}],"replies":[{"embeddable":true,"href":"http:\/\/www.maria-koenigin.de\/index.php?rest_route=%2Fwp%2Fv2%2Fcomments&post=14502"}],"version-history":[{"count":2,"href":"http:\/\/www.maria-koenigin.de\/index.php?rest_route=\/wp\/v2\/posts\/14502\/revisions"}],"predecessor-version":[{"id":14509,"href":"http:\/\/www.maria-koenigin.de\/index.php?rest_route=\/wp\/v2\/posts\/14502\/revisions\/14509"}],"wp:attachment":[{"href":"http:\/\/www.maria-koenigin.de\/index.php?rest_route=%2Fwp%2Fv2%2Fmedia&parent=14502"}],"wp:term":[{"taxonomy":"category","embeddable":true,"href":"http:\/\/www.maria-koenigin.de\/index.php?rest_route=%2Fwp%2Fv2%2Fcategories&post=14502"},{"taxonomy":"post_tag","embeddable":true,"href":"http:\/\/www.maria-koenigin.de\/index.php?rest_route=%2Fwp%2Fv2%2Ftags&post=14502"}],"curies":[{"name":"wp","href":"https:\/\/api.w.org\/{rel}","templated":true}]}}