{"id":14598,"date":"2024-08-14T23:02:29","date_gmt":"2024-08-14T21:02:29","guid":{"rendered":"https:\/\/www.maria-koenigin.de\/?p=14598"},"modified":"2024-08-15T16:50:05","modified_gmt":"2024-08-15T14:50:05","slug":"buntes-programm-bei-der-campus-akademie","status":"publish","type":"post","link":"http:\/\/www.maria-koenigin.de\/?p=14598","title":{"rendered":"Buntes Programm bei der Campus-Akademie"},"content":{"rendered":"<p style=\"text-align: justify;\"><img loading=\"lazy\" decoding=\"async\" class=\"alignright wp-image-14599 size-full\" src=\"http:\/\/www.maria-koenigin.de\/wordpress\/wp-content\/uploads\/2024\/08\/Campus4kopkl.jpg\" alt=\"\" width=\"640\" height=\"642\" srcset=\"http:\/\/www.maria-koenigin.de\/wordpress\/wp-content\/uploads\/2024\/08\/Campus4kopkl.jpg 640w, http:\/\/www.maria-koenigin.de\/wordpress\/wp-content\/uploads\/2024\/08\/Campus4kopkl-300x300.jpg 300w, http:\/\/www.maria-koenigin.de\/wordpress\/wp-content\/uploads\/2024\/08\/Campus4kopkl-150x150.jpg 150w, http:\/\/www.maria-koenigin.de\/wordpress\/wp-content\/uploads\/2024\/08\/Campus4kopkl-624x626.jpg 624w\" sizes=\"auto, (max-width: 640px) 100vw, 640px\" \/> Lisa Fleper und Philipp Kr\u00e4mer aus der ehemaligen Q1 unserer Schule, verbrachten in den Ferien eine Woche in der Campus-Akademie Schwerte. F\u00fcr die Teilnahme \u00a0wurden sie von der Schule ihren Lehrkr\u00e4ften und dem Erzbistum Paderborn sorgf\u00e4ltig, auf Grund ihrer Leistungen und ihres ehrenamtlichen Engagements ausgew\u00e4hlt. Zusammen mit 15 weiteren Sch\u00fclerinnen und Sch\u00fclern der Q1 katholischer Gymnasien aus dem Erzbistum, lernten die beiden mehr \u00fcber sich, die Campus-Weggemeinschaft und unsere Gesellschaft.<!--more--> Schwerpunkte lagen dabei auf den Themen\u00a0\u201eJ\u00fcdisches Leben in Deutschland&#8220;, Fl\u00fcchtlingshilfe, Gewalt gegen Beamte und\u00a0Medizinethik, welche zuerst von verschiedenen, hochqualifizierten Referenten\u00a0vorgestellt, und im Anschluss im Austausch diskutiert wurden. Zudem stand der\u00a0Dienstag unter dem Motto \u201eRecht haben, Recht bekommen\u201c, wof\u00fcr den\u00a0Sch\u00fclerinnen und Sch\u00fclern der Vizepr\u00e4sident des Amtsgericht Arnsberg und\u00a0eine Rechtsanw\u00e4lten zur Seite standen, um in einem \u201eMood Court\u201c, einer\u00a0selbstst\u00e4ndig erarbeiteten Nachstellung eines Gerichtprozesses in verteilten\u00a0Rollen, das Rechtssystem unseres Landes besser kennen zu lernen.<\/p>\n<p style=\"text-align: justify;\"><img loading=\"lazy\" decoding=\"async\" class=\"alignright wp-image-14600 size-full\" src=\"http:\/\/www.maria-koenigin.de\/wordpress\/wp-content\/uploads\/2024\/08\/Campus1kl.jpg\" alt=\"\" width=\"640\" height=\"360\" srcset=\"http:\/\/www.maria-koenigin.de\/wordpress\/wp-content\/uploads\/2024\/08\/Campus1kl.jpg 640w, http:\/\/www.maria-koenigin.de\/wordpress\/wp-content\/uploads\/2024\/08\/Campus1kl-300x169.jpg 300w, http:\/\/www.maria-koenigin.de\/wordpress\/wp-content\/uploads\/2024\/08\/Campus1kl-624x351.jpg 624w\" sizes=\"auto, (max-width: 640px) 100vw, 640px\" \/>Weiterhin gab es sowohl einen Ausflug in den Firmenstammsitz des Familienunternehmens Underberg, bei welchem mit der Erbin des Unternehmens \u00fcber \u00f6kologisches Wirtschaften diskutiert wurde, als auch einen Besuch bei der Fazenda da Esperanca in Xanten, wo ehemals Suchtabh\u00e4ngige von ihrem Entzug und ihrem Glauben erz\u00e4hlten. Am Freitag stellte die Campus Akademie den Teilnehmenden die M\u00f6glichkeit einer Potential-Analyse vor, welche w\u00e4hrend des allj\u00e4hrlichen Treffens zwischen den Jahren stattfinden wird.<\/p>\n<p style=\"text-align: justify;\"><img loading=\"lazy\" decoding=\"async\" class=\"alignright wp-image-14601 size-full\" src=\"http:\/\/www.maria-koenigin.de\/wordpress\/wp-content\/uploads\/2024\/08\/Campus3kl.jpg\" alt=\"\" width=\"640\" height=\"360\" srcset=\"http:\/\/www.maria-koenigin.de\/wordpress\/wp-content\/uploads\/2024\/08\/Campus3kl.jpg 640w, http:\/\/www.maria-koenigin.de\/wordpress\/wp-content\/uploads\/2024\/08\/Campus3kl-300x169.jpg 300w, http:\/\/www.maria-koenigin.de\/wordpress\/wp-content\/uploads\/2024\/08\/Campus3kl-624x351.jpg 624w\" sizes=\"auto, (max-width: 640px) 100vw, 640px\" \/>Im Laufe der Tage fanden auch viele ehemalige Absolventinnen und Absolventen der Campus-Akademie ihren Weg nach Schwerte, sodass das Abschluss-Wochenende in guter Gemeinschaft und mit einem regen Austausch ablief.<\/p>\n<p><em>Lisa Fleper und Philipp Kr\u00e4mer \u00a0<\/em><\/p>\n","protected":false},"excerpt":{"rendered":"<p>Lisa Fleper und Philipp Kr\u00e4mer aus der ehemaligen Q1 unserer Schule, verbrachten in den Ferien eine Woche in der Campus-Akademie Schwerte. F\u00fcr die Teilnahme \u00a0wurden sie von der Schule ihren Lehrkr\u00e4ften und dem Erzbistum Paderborn sorgf\u00e4ltig, auf Grund ihrer Leistungen und ihres ehrenamtlichen Engagements ausgew\u00e4hlt. Zusammen mit 15 weiteren Sch\u00fclerinnen und Sch\u00fclern der Q1 katholischer [&hellip;]<\/p>\n","protected":false},"author":7,"featured_media":0,"comment_status":"closed","ping_status":"closed","sticky":false,"template":"","format":"standard","meta":{"ngg_post_thumbnail":0,"footnotes":""},"categories":[4],"tags":[],"class_list":["post-14598","post","type-post","status-publish","format-standard","hentry","category-aktuelles"],"_links":{"self":[{"href":"http:\/\/www.maria-koenigin.de\/index.php?rest_route=\/wp\/v2\/posts\/14598","targetHints":{"allow":["GET"]}}],"collection":[{"href":"http:\/\/www.maria-koenigin.de\/index.php?rest_route=\/wp\/v2\/posts"}],"about":[{"href":"http:\/\/www.maria-koenigin.de\/index.php?rest_route=\/wp\/v2\/types\/post"}],"author":[{"embeddable":true,"href":"http:\/\/www.maria-koenigin.de\/index.php?rest_route=\/wp\/v2\/users\/7"}],"replies":[{"embeddable":true,"href":"http:\/\/www.maria-koenigin.de\/index.php?rest_route=%2Fwp%2Fv2%2Fcomments&post=14598"}],"version-history":[{"count":3,"href":"http:\/\/www.maria-koenigin.de\/index.php?rest_route=\/wp\/v2\/posts\/14598\/revisions"}],"predecessor-version":[{"id":14618,"href":"http:\/\/www.maria-koenigin.de\/index.php?rest_route=\/wp\/v2\/posts\/14598\/revisions\/14618"}],"wp:attachment":[{"href":"http:\/\/www.maria-koenigin.de\/index.php?rest_route=%2Fwp%2Fv2%2Fmedia&parent=14598"}],"wp:term":[{"taxonomy":"category","embeddable":true,"href":"http:\/\/www.maria-koenigin.de\/index.php?rest_route=%2Fwp%2Fv2%2Fcategories&post=14598"},{"taxonomy":"post_tag","embeddable":true,"href":"http:\/\/www.maria-koenigin.de\/index.php?rest_route=%2Fwp%2Fv2%2Ftags&post=14598"}],"curies":[{"name":"wp","href":"https:\/\/api.w.org\/{rel}","templated":true}]}}