{"id":14625,"date":"2024-08-17T21:12:33","date_gmt":"2024-08-17T19:12:33","guid":{"rendered":"https:\/\/www.maria-koenigin.de\/?p=14625"},"modified":"2024-09-01T22:32:33","modified_gmt":"2024-09-01T20:32:33","slug":"begruessung-der-neuen-sextaner","status":"publish","type":"post","link":"http:\/\/www.maria-koenigin.de\/?p=14625","title":{"rendered":"Begr\u00fc\u00dfung der neuen Sextaner"},"content":{"rendered":"<p><a href=\"http:\/\/www.maria-koenigin.de\/wordpress\/wp-content\/uploads\/2024\/08\/MK24-Einschulung-5er-15.jpg\"><img loading=\"lazy\" decoding=\"async\" class=\"alignnone wp-image-14687 size-large\" src=\"http:\/\/www.maria-koenigin.de\/wordpress\/wp-content\/uploads\/2024\/08\/MK24-Einschulung-5er-15-1024x683.jpg\" alt=\"\" width=\"625\" height=\"417\" srcset=\"http:\/\/www.maria-koenigin.de\/wordpress\/wp-content\/uploads\/2024\/08\/MK24-Einschulung-5er-15-1024x683.jpg 1024w, http:\/\/www.maria-koenigin.de\/wordpress\/wp-content\/uploads\/2024\/08\/MK24-Einschulung-5er-15-300x200.jpg 300w, http:\/\/www.maria-koenigin.de\/wordpress\/wp-content\/uploads\/2024\/08\/MK24-Einschulung-5er-15-768x512.jpg 768w, http:\/\/www.maria-koenigin.de\/wordpress\/wp-content\/uploads\/2024\/08\/MK24-Einschulung-5er-15-1536x1024.jpg 1536w, http:\/\/www.maria-koenigin.de\/wordpress\/wp-content\/uploads\/2024\/08\/MK24-Einschulung-5er-15-624x416.jpg 624w, http:\/\/www.maria-koenigin.de\/wordpress\/wp-content\/uploads\/2024\/08\/MK24-Einschulung-5er-15.jpg 1920w\" sizes=\"auto, (max-width: 625px) 100vw, 625px\" \/><\/a><\/p>\n<p style=\"text-align: justify;\">Am Mittwoch, 21. August war es endlich soweit: die neuen F\u00fcnftkl\u00e4sslerinnen und F\u00fcnftkl\u00e4sser hatten ihren ersten Schultag an unserem Gymnasium Maria K\u00f6nigin. 76 aufgeregte Sextaner waren zusammen mit ihren Eltern in die Kirche eingeladen, um mit einem stimmungsvollen Wortgottesdienst die Einschulungsfeierlichkeiten zu beginnen. Der offiziellen Begr\u00fc\u00dfung durch unseren stellvertretenden Schulleiter Herrn Tebr\u00fcgge im Innenhof, folgte die Klasseneinteilung sowie die \u00dcberreichung der Geschenke durch den Unterstufenkoordinator Herrn Dr. Linn.<\/p>\n<div id=\"attachment_14688\" style=\"width: 635px\" class=\"wp-caption alignnone\"><a href=\"http:\/\/www.maria-koenigin.de\/wordpress\/wp-content\/uploads\/2024\/08\/MK24-Einschulung-5er-20.jpg\"><img loading=\"lazy\" decoding=\"async\" aria-describedby=\"caption-attachment-14688\" class=\"wp-image-14688 size-large\" src=\"http:\/\/www.maria-koenigin.de\/wordpress\/wp-content\/uploads\/2024\/08\/MK24-Einschulung-5er-20-1024x683.jpg\" alt=\"\" width=\"625\" height=\"417\" srcset=\"http:\/\/www.maria-koenigin.de\/wordpress\/wp-content\/uploads\/2024\/08\/MK24-Einschulung-5er-20-1024x683.jpg 1024w, http:\/\/www.maria-koenigin.de\/wordpress\/wp-content\/uploads\/2024\/08\/MK24-Einschulung-5er-20-300x200.jpg 300w, http:\/\/www.maria-koenigin.de\/wordpress\/wp-content\/uploads\/2024\/08\/MK24-Einschulung-5er-20-768x512.jpg 768w, http:\/\/www.maria-koenigin.de\/wordpress\/wp-content\/uploads\/2024\/08\/MK24-Einschulung-5er-20-1536x1024.jpg 1536w, http:\/\/www.maria-koenigin.de\/wordpress\/wp-content\/uploads\/2024\/08\/MK24-Einschulung-5er-20-624x416.jpg 624w, http:\/\/www.maria-koenigin.de\/wordpress\/wp-content\/uploads\/2024\/08\/MK24-Einschulung-5er-20.jpg 1920w\" sizes=\"auto, (max-width: 625px) 100vw, 625px\" \/><\/a><p id=\"caption-attachment-14688\" class=\"wp-caption-text\">Klasse 5a<\/p><\/div>\n<div id=\"attachment_14689\" style=\"width: 635px\" class=\"wp-caption alignnone\"><a href=\"http:\/\/www.maria-koenigin.de\/wordpress\/wp-content\/uploads\/2024\/08\/MK24-Einschulung-5er-35.jpg\"><img loading=\"lazy\" decoding=\"async\" aria-describedby=\"caption-attachment-14689\" class=\"size-large wp-image-14689\" src=\"http:\/\/www.maria-koenigin.de\/wordpress\/wp-content\/uploads\/2024\/08\/MK24-Einschulung-5er-35-1024x683.jpg\" alt=\"\" width=\"625\" height=\"417\" srcset=\"http:\/\/www.maria-koenigin.de\/wordpress\/wp-content\/uploads\/2024\/08\/MK24-Einschulung-5er-35-1024x683.jpg 1024w, http:\/\/www.maria-koenigin.de\/wordpress\/wp-content\/uploads\/2024\/08\/MK24-Einschulung-5er-35-300x200.jpg 300w, http:\/\/www.maria-koenigin.de\/wordpress\/wp-content\/uploads\/2024\/08\/MK24-Einschulung-5er-35-768x512.jpg 768w, http:\/\/www.maria-koenigin.de\/wordpress\/wp-content\/uploads\/2024\/08\/MK24-Einschulung-5er-35-1536x1024.jpg 1536w, http:\/\/www.maria-koenigin.de\/wordpress\/wp-content\/uploads\/2024\/08\/MK24-Einschulung-5er-35-624x416.jpg 624w, http:\/\/www.maria-koenigin.de\/wordpress\/wp-content\/uploads\/2024\/08\/MK24-Einschulung-5er-35.jpg 1920w\" sizes=\"auto, (max-width: 625px) 100vw, 625px\" \/><\/a><p id=\"caption-attachment-14689\" class=\"wp-caption-text\">Klasse 5b<\/p><\/div>\n<div id=\"attachment_14690\" style=\"width: 635px\" class=\"wp-caption alignnone\"><a href=\"http:\/\/www.maria-koenigin.de\/wordpress\/wp-content\/uploads\/2024\/08\/MK24-Einschulung-5er-53.jpg\"><img loading=\"lazy\" decoding=\"async\" aria-describedby=\"caption-attachment-14690\" class=\"size-large wp-image-14690\" src=\"http:\/\/www.maria-koenigin.de\/wordpress\/wp-content\/uploads\/2024\/08\/MK24-Einschulung-5er-53-1024x683.jpg\" alt=\"\" width=\"625\" height=\"417\" srcset=\"http:\/\/www.maria-koenigin.de\/wordpress\/wp-content\/uploads\/2024\/08\/MK24-Einschulung-5er-53-1024x683.jpg 1024w, http:\/\/www.maria-koenigin.de\/wordpress\/wp-content\/uploads\/2024\/08\/MK24-Einschulung-5er-53-300x200.jpg 300w, http:\/\/www.maria-koenigin.de\/wordpress\/wp-content\/uploads\/2024\/08\/MK24-Einschulung-5er-53-768x512.jpg 768w, http:\/\/www.maria-koenigin.de\/wordpress\/wp-content\/uploads\/2024\/08\/MK24-Einschulung-5er-53-1536x1024.jpg 1536w, http:\/\/www.maria-koenigin.de\/wordpress\/wp-content\/uploads\/2024\/08\/MK24-Einschulung-5er-53-624x416.jpg 624w, http:\/\/www.maria-koenigin.de\/wordpress\/wp-content\/uploads\/2024\/08\/MK24-Einschulung-5er-53.jpg 1920w\" sizes=\"auto, (max-width: 625px) 100vw, 625px\" \/><\/a><p id=\"caption-attachment-14690\" class=\"wp-caption-text\">Klasse 5c<\/p><\/div>\n<p style=\"text-align: justify;\">W\u00e4hrend die Sch\u00fclerinnen und Sch\u00fcler mit ihrer neuen Klassenleitung in den neuen Klassenraum wechselten, steuerten die Eltern den Konferenzsaal an, um wichtige Hinweise und Informationen zum Schulstart zu erhalten. Nach knapp 90 Minuten suchten die Eltern dann ebenfalls den Klassenraum auf, um ihre strahlenden Kinder abzuholen. Hatten bei der Eingangsfrage von Herrn Tebr\u00fcgge noch einige Kinder zugegeben, dass sie in der Nacht zuvor nicht sehr gut geschlafen hatten, waren sich jetzt alle Anwesenden sicher, dass die in der n\u00e4chsten Nacht ganz beruhigt einschlafen konnten.<\/p>\n<p style=\"text-align: justify;\">Allen neuen F\u00fcnftkl\u00e4sslerinnen und F\u00fcnftkl\u00e4ssler, aber auch allen Angeh\u00f6rigen wollen wir an dieser Stelle noch einmal ein ganz herzliches Willkommen zusenden. Wir freuen uns schon sehr auf die gemeinsame Zeit!<\/p>\n<p><a href=\"http:\/\/www.maria-koenigin.de\/wordpress\/wp-content\/uploads\/2024\/08\/MK24-Einschulung-5er-4.jpg\"><img loading=\"lazy\" decoding=\"async\" class=\"alignnone wp-image-14686 size-large\" src=\"http:\/\/www.maria-koenigin.de\/wordpress\/wp-content\/uploads\/2024\/08\/MK24-Einschulung-5er-4-1024x683.jpg\" alt=\"\" width=\"625\" height=\"417\" srcset=\"http:\/\/www.maria-koenigin.de\/wordpress\/wp-content\/uploads\/2024\/08\/MK24-Einschulung-5er-4-1024x683.jpg 1024w, http:\/\/www.maria-koenigin.de\/wordpress\/wp-content\/uploads\/2024\/08\/MK24-Einschulung-5er-4-300x200.jpg 300w, http:\/\/www.maria-koenigin.de\/wordpress\/wp-content\/uploads\/2024\/08\/MK24-Einschulung-5er-4-768x512.jpg 768w, http:\/\/www.maria-koenigin.de\/wordpress\/wp-content\/uploads\/2024\/08\/MK24-Einschulung-5er-4-1536x1024.jpg 1536w, http:\/\/www.maria-koenigin.de\/wordpress\/wp-content\/uploads\/2024\/08\/MK24-Einschulung-5er-4-624x416.jpg 624w, http:\/\/www.maria-koenigin.de\/wordpress\/wp-content\/uploads\/2024\/08\/MK24-Einschulung-5er-4.jpg 1920w\" sizes=\"auto, (max-width: 625px) 100vw, 625px\" \/><\/a><\/p>\n<p>&nbsp;<\/p>\n","protected":false},"excerpt":{"rendered":"<p>Am Mittwoch, 21. August war es endlich soweit: die neuen F\u00fcnftkl\u00e4sslerinnen und F\u00fcnftkl\u00e4sser hatten ihren ersten Schultag an unserem Gymnasium Maria K\u00f6nigin. 76 aufgeregte Sextaner waren zusammen mit ihren Eltern in die Kirche eingeladen, um mit einem stimmungsvollen Wortgottesdienst die Einschulungsfeierlichkeiten zu beginnen. Der offiziellen Begr\u00fc\u00dfung durch unseren stellvertretenden Schulleiter Herrn Tebr\u00fcgge im Innenhof, folgte [&hellip;]<\/p>\n","protected":false},"author":8,"featured_media":0,"comment_status":"closed","ping_status":"closed","sticky":false,"template":"","format":"standard","meta":{"ngg_post_thumbnail":0,"footnotes":""},"categories":[4],"tags":[],"class_list":["post-14625","post","type-post","status-publish","format-standard","hentry","category-aktuelles"],"_links":{"self":[{"href":"http:\/\/www.maria-koenigin.de\/index.php?rest_route=\/wp\/v2\/posts\/14625","targetHints":{"allow":["GET"]}}],"collection":[{"href":"http:\/\/www.maria-koenigin.de\/index.php?rest_route=\/wp\/v2\/posts"}],"about":[{"href":"http:\/\/www.maria-koenigin.de\/index.php?rest_route=\/wp\/v2\/types\/post"}],"author":[{"embeddable":true,"href":"http:\/\/www.maria-koenigin.de\/index.php?rest_route=\/wp\/v2\/users\/8"}],"replies":[{"embeddable":true,"href":"http:\/\/www.maria-koenigin.de\/index.php?rest_route=%2Fwp%2Fv2%2Fcomments&post=14625"}],"version-history":[{"count":4,"href":"http:\/\/www.maria-koenigin.de\/index.php?rest_route=\/wp\/v2\/posts\/14625\/revisions"}],"predecessor-version":[{"id":14700,"href":"http:\/\/www.maria-koenigin.de\/index.php?rest_route=\/wp\/v2\/posts\/14625\/revisions\/14700"}],"wp:attachment":[{"href":"http:\/\/www.maria-koenigin.de\/index.php?rest_route=%2Fwp%2Fv2%2Fmedia&parent=14625"}],"wp:term":[{"taxonomy":"category","embeddable":true,"href":"http:\/\/www.maria-koenigin.de\/index.php?rest_route=%2Fwp%2Fv2%2Fcategories&post=14625"},{"taxonomy":"post_tag","embeddable":true,"href":"http:\/\/www.maria-koenigin.de\/index.php?rest_route=%2Fwp%2Fv2%2Ftags&post=14625"}],"curies":[{"name":"wp","href":"https:\/\/api.w.org\/{rel}","templated":true}]}}