{"id":14629,"date":"2024-08-20T13:10:05","date_gmt":"2024-08-20T11:10:05","guid":{"rendered":"https:\/\/www.maria-koenigin.de\/?p=14629"},"modified":"2024-08-20T13:10:05","modified_gmt":"2024-08-20T11:10:05","slug":"herzlich-willkommen-zum-neuen-schuljahr","status":"publish","type":"post","link":"http:\/\/www.maria-koenigin.de\/?p=14629","title":{"rendered":"Herzlich Willkommen zum neuen Schuljahr!"},"content":{"rendered":"<div id=\"attachment_14630\" style=\"width: 650px\" class=\"wp-caption alignright\"><img loading=\"lazy\" decoding=\"async\" aria-describedby=\"caption-attachment-14630\" class=\"wp-image-14630 size-full\" src=\"http:\/\/www.maria-koenigin.de\/wordpress\/wp-content\/uploads\/2024\/08\/Musical-Begruessung.jpg\" alt=\"\" width=\"640\" height=\"960\" srcset=\"http:\/\/www.maria-koenigin.de\/wordpress\/wp-content\/uploads\/2024\/08\/Musical-Begruessung.jpg 640w, http:\/\/www.maria-koenigin.de\/wordpress\/wp-content\/uploads\/2024\/08\/Musical-Begruessung-200x300.jpg 200w, http:\/\/www.maria-koenigin.de\/wordpress\/wp-content\/uploads\/2024\/08\/Musical-Begruessung-624x936.jpg 624w\" sizes=\"auto, (max-width: 640px) 100vw, 640px\" \/><p id=\"caption-attachment-14630\" class=\"wp-caption-text\">The Greatest Showman, Musical Auff\u00fchrung am Gymnasium Maria K\u00f6nigin 2024. Foto: Udo Geisler<\/p><\/div>\n<p style=\"text-align: justify;\">Herzlich Willkommen zum neuen Schuljahr sagen wir allen Sch\u00fclerinnen und Sch\u00fclern und allen Lehrerinnen und Lehrern mit einem Bild aus dem Musical &#8222;The Greatest Showman&#8220;, das wir im M\u00e4rz aufgef\u00fchrt haben.\u00a0 Wir freuen uns darauf wieder gemeinsam zu lernen, zu leben, zu helfen und zu glauben, wie es unser Schulmotto formuliert.<\/p>\n<p style=\"text-align: justify;\">Besonders begr\u00fc\u00dfen wir die Neuen an der Schule,\u00a0 die F\u00fcnftkl\u00e4ssler und die Sch\u00fclerinnen und Sch\u00fcler aus dem sogenannten B\u00fcndelungsjahrgang der Q1, die in diesem Schuljahr an unserer Schule unterrichtet werden.\u00a0Wir w\u00fcnschen allen einen guten Start in das neue Schuljahr, das am 22. September mit dem Schulfest schon seinen ersten H\u00f6hepunkt bereit h\u00e4lt.<\/p>\n<p>&nbsp;<\/p>\n<p>&nbsp;<\/p>\n","protected":false},"excerpt":{"rendered":"<p>Herzlich Willkommen zum neuen Schuljahr sagen wir allen Sch\u00fclerinnen und Sch\u00fclern und allen Lehrerinnen und Lehrern mit einem Bild aus dem Musical &#8222;The Greatest Showman&#8220;, das wir im M\u00e4rz aufgef\u00fchrt haben.\u00a0 Wir freuen uns darauf wieder gemeinsam zu lernen, zu leben, zu helfen und zu glauben, wie es unser Schulmotto formuliert. Besonders begr\u00fc\u00dfen wir die [&hellip;]<\/p>\n","protected":false},"author":7,"featured_media":0,"comment_status":"closed","ping_status":"closed","sticky":false,"template":"","format":"standard","meta":{"ngg_post_thumbnail":0,"footnotes":""},"categories":[4],"tags":[],"class_list":["post-14629","post","type-post","status-publish","format-standard","hentry","category-aktuelles"],"_links":{"self":[{"href":"http:\/\/www.maria-koenigin.de\/index.php?rest_route=\/wp\/v2\/posts\/14629","targetHints":{"allow":["GET"]}}],"collection":[{"href":"http:\/\/www.maria-koenigin.de\/index.php?rest_route=\/wp\/v2\/posts"}],"about":[{"href":"http:\/\/www.maria-koenigin.de\/index.php?rest_route=\/wp\/v2\/types\/post"}],"author":[{"embeddable":true,"href":"http:\/\/www.maria-koenigin.de\/index.php?rest_route=\/wp\/v2\/users\/7"}],"replies":[{"embeddable":true,"href":"http:\/\/www.maria-koenigin.de\/index.php?rest_route=%2Fwp%2Fv2%2Fcomments&post=14629"}],"version-history":[{"count":2,"href":"http:\/\/www.maria-koenigin.de\/index.php?rest_route=\/wp\/v2\/posts\/14629\/revisions"}],"predecessor-version":[{"id":14632,"href":"http:\/\/www.maria-koenigin.de\/index.php?rest_route=\/wp\/v2\/posts\/14629\/revisions\/14632"}],"wp:attachment":[{"href":"http:\/\/www.maria-koenigin.de\/index.php?rest_route=%2Fwp%2Fv2%2Fmedia&parent=14629"}],"wp:term":[{"taxonomy":"category","embeddable":true,"href":"http:\/\/www.maria-koenigin.de\/index.php?rest_route=%2Fwp%2Fv2%2Fcategories&post=14629"},{"taxonomy":"post_tag","embeddable":true,"href":"http:\/\/www.maria-koenigin.de\/index.php?rest_route=%2Fwp%2Fv2%2Ftags&post=14629"}],"curies":[{"name":"wp","href":"https:\/\/api.w.org\/{rel}","templated":true}]}}