{"id":14720,"date":"2024-09-06T00:28:23","date_gmt":"2024-09-05T22:28:23","guid":{"rendered":"https:\/\/www.maria-koenigin.de\/?p=14720"},"modified":"2024-09-06T00:28:23","modified_gmt":"2024-09-05T22:28:23","slug":"stellenausschreibung-jugendspirituelles-zentrum-tabor","status":"publish","type":"post","link":"http:\/\/www.maria-koenigin.de\/?p=14720","title":{"rendered":"Stellenausschreibung Jugendspirituelles Zentrum Tabor"},"content":{"rendered":"<p style=\"text-align: justify;\">Das Erzbistum Paderborn sucht f\u00fcr das Dekanat S\u00fcdsauerland einen<br \/>\n<strong><span style=\"font-size: 1.5rem;\">Theologe <\/span><span class=\"m_w\" style=\"font-size: 1.5rem;\">(m\/w\/d)<\/span><\/strong><\/p>\n<div class=\"undertitle\">\n<p>als Leitung des jugendspirituellen Zentrums \u201eTABOR \u2013 pray.net.work\u201c im Dekanat S\u00fcdsauerland sowie f\u00fcr die Schulseelsorge am Gymnasium Maria K\u00f6nigin in Lennestadt.<img loading=\"lazy\" decoding=\"async\" class=\"alignright wp-image-14722 size-large\" src=\"http:\/\/www.maria-koenigin.de\/wordpress\/wp-content\/uploads\/2024\/09\/Gruppe_laufend-1024x409.jpg\" alt=\"\" width=\"625\" height=\"250\" srcset=\"http:\/\/www.maria-koenigin.de\/wordpress\/wp-content\/uploads\/2024\/09\/Gruppe_laufend-1024x409.jpg 1024w, http:\/\/www.maria-koenigin.de\/wordpress\/wp-content\/uploads\/2024\/09\/Gruppe_laufend-300x120.jpg 300w, http:\/\/www.maria-koenigin.de\/wordpress\/wp-content\/uploads\/2024\/09\/Gruppe_laufend-768x307.jpg 768w, http:\/\/www.maria-koenigin.de\/wordpress\/wp-content\/uploads\/2024\/09\/Gruppe_laufend-1536x614.jpg 1536w, http:\/\/www.maria-koenigin.de\/wordpress\/wp-content\/uploads\/2024\/09\/Gruppe_laufend-624x250.jpg 624w, http:\/\/www.maria-koenigin.de\/wordpress\/wp-content\/uploads\/2024\/09\/Gruppe_laufend.jpg 1708w\" sizes=\"auto, (max-width: 625px) 100vw, 625px\" \/><sup><br \/>\n<\/sup><\/p>\n<\/div>\n<div class=\"company\">\n<p style=\"text-align: justify;\">Die unbefristete Anstellung streben wir zum n\u00e4chstm\u00f6glichen Zeitpunkt mit einer w\u00f6chentlichen Arbeitszeit von ca. 29 Wochenstunden an. Die Verg\u00fctung erfolgt nach EG 13 KAVO (bei entsprechender Qualifikation).<\/p>\n<p style=\"text-align: justify;\"><em>TABOR<\/em>\u00a0versteht sich als junges Netzwerk, das die Spiritualit\u00e4t junger Menschen der Region st\u00e4rken, vernetzen und erneuern m\u00f6chte. Der Sitz ist auf einem Berg im sauerl\u00e4ndischen Lennestadt-Altenhundem in direkter Nachbarschaft von Jugendhof Pallotti und Gymnasium Maria K\u00f6nigin. Eigene Initiativen, aber auch Kooperationen mit Gemeinden, Schulen und Jugendgruppen machen TABOR aus.<\/p>\n<p style=\"text-align: justify;\">Das\u00a0Gymnasium Maria K\u00f6nigin\u00a0ist eine staatlich anerkannte Schule in freier Tr\u00e4gerschaft. Als Schule, die an christlichen Werten orientiert ist, wird Bildung und Erziehung als eine ganzheitliche Aufgabe gesehen, die den jungen Menschen mit all seinen F\u00e4higkeiten und Fertigkeiten wahrnimmt. Deshalb wird ein breites Bildungsangebot an F\u00e4chern und an au\u00dferunterrichtlichen Aktivit\u00e4ten angeboten. Die Bildungsg\u00e4nge und -abschl\u00fcsse sind gleichwertig und gleichberechtigt mit denen der \u00f6ffentlichen Gymnasien. Auch die gesetzlichen Regelungen hinsichtlich der Lernmittel und der Fahrtkosten entsprechen denen \u00f6ffentlicher Schulen. Aktuell unterrichten knapp 60 Lehrer\/innen etwa 730 Sch\u00fcler\/innen am Gymnasium Maria K\u00f6nigin.<\/p>\n<\/div>\n<p><!--more--><\/p>\n<p><strong><span style=\"font-size: 1.14286rem;\">Ihre Aufgaben:<\/span><\/strong><\/p>\n<div class=\"tasks\">\n<ul>\n<li>Ausarbeiten, Weiterentwickeln und Umsetzen des Konzepts des jugendspirituellen Zentrums in R\u00fcckbindung mit dem Projektbeirat und der zuk\u00fcnftigen Zielgruppe<\/li>\n<li>Aufbauen eines Lern- und Erfahrungsortes des Christwerdens, Christseins und Christbleibens<\/li>\n<li>Planen, Durchf\u00fchren und Reflektieren von jugendliturgischen, katechetischen, spirituell-geistlich gepr\u00e4gten Angeboten f\u00fcr Jugendliche des Dekanates sowie angrenzender Regionen<\/li>\n<li>Gewinnen, Qualifizieren und Begleiten von ehrenamtlichen Mitarbeitenden<\/li>\n<li>Aufbauen und Koordinieren eines Netzwerks \u00f6rtlich engagierter junger Menschen, vorhandener Gruppen und Kooperationspartnern, sowie bestehender Angebote aus dem Bereich (Dekanats-)Jugendpastoral<\/li>\n<li>Anbieten von Gespr\u00e4chen in seelsorglichen Bereichen f\u00fcr Sch\u00fcler\/innen, Lehrer\/innen und Eltern sowie Zusammenarbeiten im Team Schulpastoral und Initiieren, Bewerben, Organisieren und Durchf\u00fchren von religi\u00f6sen Veranstaltungen, Schulgottesdiensten und weiteren schulpastoralen Angeboten und Projekten<\/li>\n<\/ul>\n<\/div>\n<div class=\"profil\">\n<h3>Ihr Profil:<\/h3>\n<ul>\n<li>Sie verf\u00fcgen \u00fcber ein abgeschlossenes wissenschaftliches Hochschulstudium (Master\/Diplom) der Katholischen Theologie mit p\u00e4dagogischer Zusatzqualifikation oder der P\u00e4dagogik mit theologischer Zusatzqualifikation<\/li>\n<li>Sie konnten bereits einschl\u00e4gige Erfahrungen in der jugendpastoralen Arbeit und der Arbeit in Projekten sammeln<\/li>\n<li>Sie besitzen Kenntnisse im Bereich der Gruppenmoderation und dem Begleiten und Qualifizieren von Ehrenamtlichen<\/li>\n<li>Sie verf\u00fcgen \u00fcber eine ausgepr\u00e4gte Kooperations- und Teamf\u00e4higkeit<\/li>\n<li>Ihre strukturierte Arbeitsweise ist gepr\u00e4gt durch Kreativit\u00e4t und Zielorientierung<\/li>\n<li>Sie bringen eine positive Grundhaltung und Offenheit gegen\u00fcber der Botschaft des Evangeliums mit und k\u00f6nnen sich mit den Zielen und Werten der katholischen Kirche identifizieren<\/li>\n<\/ul>\n<\/div>\n<div class=\"benefits\">\n<h3>Wir bieten Ihnen:<\/h3>\n<ul>\n<li>Ein gutes System an Unterst\u00fctzung, Beratung und Fortbildung<\/li>\n<li>Eine familienbewusste Personalpolitik zur besseren Vereinbarkeit von Beruf und Familie<\/li>\n<li>Eine Verg\u00fctung und soziale Leistungen nach den Bestimmungen der Kirchlichen Arbeits- und Verg\u00fctungsordnung (KAVO) sowie eine \u00fcberwiegend durch den Arbeitgeber finanzierte betriebliche Altersvorsorge (KZVK)<\/li>\n<li>Einen unbefristeten Arbeitsvertrag inkl. 30 Tage Urlaub sowie zwei arbeitsfreie Tage an Heiligabend und Silvester<\/li>\n<li>Verg\u00fcnstigungen \u00fcber die \u00f6kumenische Einkaufsplattform der Wirtschaftsgesellschaft der Kirchen WGKD und SportNavi (Eigenanteil von nur 29\u20ac\/Monat)<\/li>\n<li>Ein Tarifgehalt mit stufenweisen Gehaltserh\u00f6hungen<\/li>\n<li>Die Freistellung an 3 Arbeitstagen pro Jahr zur Teilnahme an Exerzitien<\/li>\n<li>Ein interessantes, vielseitiges und verantwortungsvolles Aufgabengebiet mit gro\u00dfen Gestaltungsm\u00f6glichkeiten<\/li>\n<li>Und vieles mehr<\/li>\n<\/ul>\n<\/div>\n<div class=\"call-to-action\">\n<p><strong>Haben wir Ihr Interesse geweckt?<\/strong>\u00a0Dann bewerben Sie sich bitte\u00a0<strong>bis zum 04.10.2024.\u00a0<\/strong>Bewerbungen von Schwerbehinderten werden bei gleicher Eignung bevorzugt ber\u00fccksichtigt. Bei Fragen steht Ihnen Herr Marko Oevel unter der Telefonnummer 05251-125 1324 gerne zur Verf\u00fcgung.<\/p>\n<\/div>\n<p>&nbsp;<\/p>\n","protected":false},"excerpt":{"rendered":"<p>Das Erzbistum Paderborn sucht f\u00fcr das Dekanat S\u00fcdsauerland einen Theologe (m\/w\/d) als Leitung des jugendspirituellen Zentrums \u201eTABOR \u2013 pray.net.work\u201c im Dekanat S\u00fcdsauerland sowie f\u00fcr die Schulseelsorge am Gymnasium Maria K\u00f6nigin in Lennestadt. Die unbefristete Anstellung streben wir zum n\u00e4chstm\u00f6glichen Zeitpunkt mit einer w\u00f6chentlichen Arbeitszeit von ca. 29 Wochenstunden an. Die Verg\u00fctung erfolgt nach EG 13 [&hellip;]<\/p>\n","protected":false},"author":7,"featured_media":0,"comment_status":"closed","ping_status":"closed","sticky":false,"template":"","format":"standard","meta":{"ngg_post_thumbnail":0,"footnotes":""},"categories":[4],"tags":[],"class_list":["post-14720","post","type-post","status-publish","format-standard","hentry","category-aktuelles"],"_links":{"self":[{"href":"http:\/\/www.maria-koenigin.de\/index.php?rest_route=\/wp\/v2\/posts\/14720","targetHints":{"allow":["GET"]}}],"collection":[{"href":"http:\/\/www.maria-koenigin.de\/index.php?rest_route=\/wp\/v2\/posts"}],"about":[{"href":"http:\/\/www.maria-koenigin.de\/index.php?rest_route=\/wp\/v2\/types\/post"}],"author":[{"embeddable":true,"href":"http:\/\/www.maria-koenigin.de\/index.php?rest_route=\/wp\/v2\/users\/7"}],"replies":[{"embeddable":true,"href":"http:\/\/www.maria-koenigin.de\/index.php?rest_route=%2Fwp%2Fv2%2Fcomments&post=14720"}],"version-history":[{"count":3,"href":"http:\/\/www.maria-koenigin.de\/index.php?rest_route=\/wp\/v2\/posts\/14720\/revisions"}],"predecessor-version":[{"id":14725,"href":"http:\/\/www.maria-koenigin.de\/index.php?rest_route=\/wp\/v2\/posts\/14720\/revisions\/14725"}],"wp:attachment":[{"href":"http:\/\/www.maria-koenigin.de\/index.php?rest_route=%2Fwp%2Fv2%2Fmedia&parent=14720"}],"wp:term":[{"taxonomy":"category","embeddable":true,"href":"http:\/\/www.maria-koenigin.de\/index.php?rest_route=%2Fwp%2Fv2%2Fcategories&post=14720"},{"taxonomy":"post_tag","embeddable":true,"href":"http:\/\/www.maria-koenigin.de\/index.php?rest_route=%2Fwp%2Fv2%2Ftags&post=14720"}],"curies":[{"name":"wp","href":"https:\/\/api.w.org\/{rel}","templated":true}]}}