{"id":14745,"date":"2024-09-09T22:48:13","date_gmt":"2024-09-09T20:48:13","guid":{"rendered":"https:\/\/www.maria-koenigin.de\/?p=14745"},"modified":"2024-09-14T11:33:44","modified_gmt":"2024-09-14T09:33:44","slug":"einladung-zum-schulfest-olympia-mk-international","status":"publish","type":"post","link":"http:\/\/www.maria-koenigin.de\/?p=14745","title":{"rendered":"Einladung zum Schulfest &#8222;Olympia &#8211; MK international&#8220;"},"content":{"rendered":"<p><img loading=\"lazy\" decoding=\"async\" class=\"alignright wp-image-14747 size-large\" src=\"http:\/\/www.maria-koenigin.de\/wordpress\/wp-content\/uploads\/2024\/09\/Lageplan_Schulfest24.2-1024x724.jpeg\" alt=\"\" width=\"625\" height=\"442\" srcset=\"http:\/\/www.maria-koenigin.de\/wordpress\/wp-content\/uploads\/2024\/09\/Lageplan_Schulfest24.2-1024x724.jpeg 1024w, http:\/\/www.maria-koenigin.de\/wordpress\/wp-content\/uploads\/2024\/09\/Lageplan_Schulfest24.2-300x212.jpeg 300w, http:\/\/www.maria-koenigin.de\/wordpress\/wp-content\/uploads\/2024\/09\/Lageplan_Schulfest24.2-768x543.jpeg 768w, http:\/\/www.maria-koenigin.de\/wordpress\/wp-content\/uploads\/2024\/09\/Lageplan_Schulfest24.2-1536x1086.jpeg 1536w, http:\/\/www.maria-koenigin.de\/wordpress\/wp-content\/uploads\/2024\/09\/Lageplan_Schulfest24.2-2048x1448.jpeg 2048w, http:\/\/www.maria-koenigin.de\/wordpress\/wp-content\/uploads\/2024\/09\/Lageplan_Schulfest24.2-624x441.jpeg 624w\" sizes=\"auto, (max-width: 625px) 100vw, 625px\" \/><\/p>\n<p style=\"text-align: justify;\"><a href=\"http:\/\/www.maria-koenigin.de\/wordpress\/wp-content\/uploads\/2024\/09\/Shuttle-Hinfahrt-Zeiten-conv-1-scaled.jpeg\"><img loading=\"lazy\" decoding=\"async\" class=\"alignright size-large wp-image-14768\" src=\"http:\/\/www.maria-koenigin.de\/wordpress\/wp-content\/uploads\/2024\/09\/Shuttle-Hinfahrt-Zeiten-conv-1-725x1024.jpeg\" alt=\"\" width=\"625\" height=\"883\" srcset=\"http:\/\/www.maria-koenigin.de\/wordpress\/wp-content\/uploads\/2024\/09\/Shuttle-Hinfahrt-Zeiten-conv-1-725x1024.jpeg 725w, http:\/\/www.maria-koenigin.de\/wordpress\/wp-content\/uploads\/2024\/09\/Shuttle-Hinfahrt-Zeiten-conv-1-213x300.jpeg 213w, http:\/\/www.maria-koenigin.de\/wordpress\/wp-content\/uploads\/2024\/09\/Shuttle-Hinfahrt-Zeiten-conv-1-768x1084.jpeg 768w, http:\/\/www.maria-koenigin.de\/wordpress\/wp-content\/uploads\/2024\/09\/Shuttle-Hinfahrt-Zeiten-conv-1-1088x1536.jpeg 1088w, http:\/\/www.maria-koenigin.de\/wordpress\/wp-content\/uploads\/2024\/09\/Shuttle-Hinfahrt-Zeiten-conv-1-1451x2048.jpeg 1451w, http:\/\/www.maria-koenigin.de\/wordpress\/wp-content\/uploads\/2024\/09\/Shuttle-Hinfahrt-Zeiten-conv-1-624x881.jpeg 624w, http:\/\/www.maria-koenigin.de\/wordpress\/wp-content\/uploads\/2024\/09\/Shuttle-Hinfahrt-Zeiten-conv-1-scaled.jpeg 1813w\" sizes=\"auto, (max-width: 625px) 100vw, 625px\" \/><\/a>Am Sonntag, dem 22. September, findet unser gro\u00dfes Schulfest statt.\u00a0Dazu laden wir herzlich ein. Unter dem Motto \u201eOlympia \u2013 Maria K\u00f6nigin international\u201c bieten wir von 11 Uhr bis 18 Uhr ein buntes Fest rund um die Schule. Dem Motto entsprechend gibt es einen sportlichen Schwerpunkt mit viel Spa\u00df und mit ganz vielen Angeboten zum Zuschauen, zum Zuh\u00f6ren und zum Mitmachen f\u00fcr jedes Alter.\u00a0\u00a0 <!--more--><\/p>\n<p style=\"text-align: justify;\"><img loading=\"lazy\" decoding=\"async\" class=\"alignright wp-image-14746 size-large\" src=\"http:\/\/www.maria-koenigin.de\/wordpress\/wp-content\/uploads\/2024\/09\/Lageplan_Schulfest24.1-1024x724.jpeg\" alt=\"\" width=\"625\" height=\"442\" srcset=\"http:\/\/www.maria-koenigin.de\/wordpress\/wp-content\/uploads\/2024\/09\/Lageplan_Schulfest24.1-1024x724.jpeg 1024w, http:\/\/www.maria-koenigin.de\/wordpress\/wp-content\/uploads\/2024\/09\/Lageplan_Schulfest24.1-300x212.jpeg 300w, http:\/\/www.maria-koenigin.de\/wordpress\/wp-content\/uploads\/2024\/09\/Lageplan_Schulfest24.1-768x543.jpeg 768w, http:\/\/www.maria-koenigin.de\/wordpress\/wp-content\/uploads\/2024\/09\/Lageplan_Schulfest24.1-1536x1086.jpeg 1536w, http:\/\/www.maria-koenigin.de\/wordpress\/wp-content\/uploads\/2024\/09\/Lageplan_Schulfest24.1-2048x1448.jpeg 2048w, http:\/\/www.maria-koenigin.de\/wordpress\/wp-content\/uploads\/2024\/09\/Lageplan_Schulfest24.1-624x441.jpeg 624w\" sizes=\"auto, (max-width: 625px) 100vw, 625px\" \/>Den ganzen Tag \u00fcber warten Getr\u00e4nke und Essen, darunter auch kulinarische Besonderheiten, auf die Besucher. Der Erl\u00f6s des Schulfestes kommt der Ausstattung der Schule zugute.<\/p>\n<p style=\"text-align: justify;\">Da an der Schule nur wenige Parkpl\u00e4tze zur Verf\u00fcgung stehen, bitten wir dringend, den Shuttle-Bus-Service zu nutzen. Von den Parkpl\u00e4tzen der Firmen Hensel in Altenhundem Gro\u00dfhaus in Bonzelerhammer pendeln den ganzen Tag \u00fcber Busse zur Schule und zur\u00fcck.<\/p>\n<p style=\"text-align: justify;\">Wir sind auf eine gro\u00dfe Besucherzahl eingerichtet und freuen uns auch \u00fcber das Interesse vieler ehemaliger Sch\u00fclerinnen und Sch\u00fcler an unserer Schule. Wir werden im Rahmen des Schulfestes auch einen Ehemaligen-Treffpunkt einrichten.\u00a0Jede und jeder Ehemalige bekommt dort auch ein kleines Geschenk.<\/p>\n","protected":false},"excerpt":{"rendered":"<p>Am Sonntag, dem 22. September, findet unser gro\u00dfes Schulfest statt.\u00a0Dazu laden wir herzlich ein. Unter dem Motto \u201eOlympia \u2013 Maria K\u00f6nigin international\u201c bieten wir von 11 Uhr bis 18 Uhr ein buntes Fest rund um die Schule. Dem Motto entsprechend gibt es einen sportlichen Schwerpunkt mit viel Spa\u00df und mit ganz vielen Angeboten zum Zuschauen, [&hellip;]<\/p>\n","protected":false},"author":7,"featured_media":0,"comment_status":"closed","ping_status":"closed","sticky":false,"template":"","format":"standard","meta":{"ngg_post_thumbnail":0,"footnotes":""},"categories":[4],"tags":[],"class_list":["post-14745","post","type-post","status-publish","format-standard","hentry","category-aktuelles"],"_links":{"self":[{"href":"http:\/\/www.maria-koenigin.de\/index.php?rest_route=\/wp\/v2\/posts\/14745","targetHints":{"allow":["GET"]}}],"collection":[{"href":"http:\/\/www.maria-koenigin.de\/index.php?rest_route=\/wp\/v2\/posts"}],"about":[{"href":"http:\/\/www.maria-koenigin.de\/index.php?rest_route=\/wp\/v2\/types\/post"}],"author":[{"embeddable":true,"href":"http:\/\/www.maria-koenigin.de\/index.php?rest_route=\/wp\/v2\/users\/7"}],"replies":[{"embeddable":true,"href":"http:\/\/www.maria-koenigin.de\/index.php?rest_route=%2Fwp%2Fv2%2Fcomments&post=14745"}],"version-history":[{"count":3,"href":"http:\/\/www.maria-koenigin.de\/index.php?rest_route=\/wp\/v2\/posts\/14745\/revisions"}],"predecessor-version":[{"id":14769,"href":"http:\/\/www.maria-koenigin.de\/index.php?rest_route=\/wp\/v2\/posts\/14745\/revisions\/14769"}],"wp:attachment":[{"href":"http:\/\/www.maria-koenigin.de\/index.php?rest_route=%2Fwp%2Fv2%2Fmedia&parent=14745"}],"wp:term":[{"taxonomy":"category","embeddable":true,"href":"http:\/\/www.maria-koenigin.de\/index.php?rest_route=%2Fwp%2Fv2%2Fcategories&post=14745"},{"taxonomy":"post_tag","embeddable":true,"href":"http:\/\/www.maria-koenigin.de\/index.php?rest_route=%2Fwp%2Fv2%2Ftags&post=14745"}],"curies":[{"name":"wp","href":"https:\/\/api.w.org\/{rel}","templated":true}]}}