{"id":14770,"date":"2024-09-14T13:38:42","date_gmt":"2024-09-14T11:38:42","guid":{"rendered":"https:\/\/www.maria-koenigin.de\/?p=14770"},"modified":"2024-09-14T13:38:42","modified_gmt":"2024-09-14T11:38:42","slug":"mixed-team-gewinnt-bei-lennestadt-laeuft","status":"publish","type":"post","link":"http:\/\/www.maria-koenigin.de\/?p=14770","title":{"rendered":"Mixed-Team gewinnt bei Lennestadt l\u00e4uft"},"content":{"rendered":"<p style=\"text-align: justify;\"><img loading=\"lazy\" decoding=\"async\" class=\"alignright wp-image-14771 size-full\" src=\"http:\/\/www.maria-koenigin.de\/wordpress\/wp-content\/uploads\/2024\/09\/Gruppenbildkl.jpg\" alt=\"\" width=\"640\" height=\"480\" srcset=\"http:\/\/www.maria-koenigin.de\/wordpress\/wp-content\/uploads\/2024\/09\/Gruppenbildkl.jpg 640w, http:\/\/www.maria-koenigin.de\/wordpress\/wp-content\/uploads\/2024\/09\/Gruppenbildkl-300x225.jpg 300w, http:\/\/www.maria-koenigin.de\/wordpress\/wp-content\/uploads\/2024\/09\/Gruppenbildkl-624x468.jpg 624w\" sizes=\"auto, (max-width: 640px) 100vw, 640px\" \/>Viel Spa\u00df hatten unser Team MK beim Event &#8222;Lennestadt l\u00e4uft&#8220;. 9 Kolleginnen und Kollegen, ein Sch\u00fcler und eine Sch\u00fclerin waren mit dabei. In der Besetzung Lya Bourgund, Peter Peil, Daniel Eickhoff und Tobias Riesel und mit tollen Zeiten erreichten sie den 1. Platz.\u00a0 Lya Bourgund als Sch\u00fclerin aus der EF \u00fcberragte mit einer Bestzeit von 22 Minuten und 47 Sekunden und f\u00fchrte unser Mixed-Team zu diesem Erfolg. <!--more--><span style=\"font-size: 1rem;\">Bei der gelungenen Veranstaltung hatten auch unsere anderen L\u00e4ufer viel Spa\u00df. Jennifer Vo\u00df, Christoph Tebr\u00fcgge, Frederik Linn, Moritz Ehlers, Dennis Plett, Silas klein und Nils Herrmann waren dabei. <img loading=\"lazy\" decoding=\"async\" class=\"alignright wp-image-14772 size-full\" src=\"http:\/\/www.maria-koenigin.de\/wordpress\/wp-content\/uploads\/2024\/09\/Urkundekl.jpg\" alt=\"\" width=\"640\" height=\"853\" srcset=\"http:\/\/www.maria-koenigin.de\/wordpress\/wp-content\/uploads\/2024\/09\/Urkundekl.jpg 640w, http:\/\/www.maria-koenigin.de\/wordpress\/wp-content\/uploads\/2024\/09\/Urkundekl-225x300.jpg 225w, http:\/\/www.maria-koenigin.de\/wordpress\/wp-content\/uploads\/2024\/09\/Urkundekl-624x832.jpg 624w\" sizes=\"auto, (max-width: 640px) 100vw, 640px\" \/><\/span><\/p>\n","protected":false},"excerpt":{"rendered":"<p>Viel Spa\u00df hatten unser Team MK beim Event &#8222;Lennestadt l\u00e4uft&#8220;. 9 Kolleginnen und Kollegen, ein Sch\u00fcler und eine Sch\u00fclerin waren mit dabei. In der Besetzung Lya Bourgund, Peter Peil, Daniel Eickhoff und Tobias Riesel und mit tollen Zeiten erreichten sie den 1. Platz.\u00a0 Lya Bourgund als Sch\u00fclerin aus der EF \u00fcberragte mit einer Bestzeit von [&hellip;]<\/p>\n","protected":false},"author":7,"featured_media":0,"comment_status":"closed","ping_status":"closed","sticky":false,"template":"","format":"standard","meta":{"ngg_post_thumbnail":0,"footnotes":""},"categories":[4],"tags":[],"class_list":["post-14770","post","type-post","status-publish","format-standard","hentry","category-aktuelles"],"_links":{"self":[{"href":"http:\/\/www.maria-koenigin.de\/index.php?rest_route=\/wp\/v2\/posts\/14770","targetHints":{"allow":["GET"]}}],"collection":[{"href":"http:\/\/www.maria-koenigin.de\/index.php?rest_route=\/wp\/v2\/posts"}],"about":[{"href":"http:\/\/www.maria-koenigin.de\/index.php?rest_route=\/wp\/v2\/types\/post"}],"author":[{"embeddable":true,"href":"http:\/\/www.maria-koenigin.de\/index.php?rest_route=\/wp\/v2\/users\/7"}],"replies":[{"embeddable":true,"href":"http:\/\/www.maria-koenigin.de\/index.php?rest_route=%2Fwp%2Fv2%2Fcomments&post=14770"}],"version-history":[{"count":1,"href":"http:\/\/www.maria-koenigin.de\/index.php?rest_route=\/wp\/v2\/posts\/14770\/revisions"}],"predecessor-version":[{"id":14773,"href":"http:\/\/www.maria-koenigin.de\/index.php?rest_route=\/wp\/v2\/posts\/14770\/revisions\/14773"}],"wp:attachment":[{"href":"http:\/\/www.maria-koenigin.de\/index.php?rest_route=%2Fwp%2Fv2%2Fmedia&parent=14770"}],"wp:term":[{"taxonomy":"category","embeddable":true,"href":"http:\/\/www.maria-koenigin.de\/index.php?rest_route=%2Fwp%2Fv2%2Fcategories&post=14770"},{"taxonomy":"post_tag","embeddable":true,"href":"http:\/\/www.maria-koenigin.de\/index.php?rest_route=%2Fwp%2Fv2%2Ftags&post=14770"}],"curies":[{"name":"wp","href":"https:\/\/api.w.org\/{rel}","templated":true}]}}