{"id":14801,"date":"2024-09-23T22:52:43","date_gmt":"2024-09-23T20:52:43","guid":{"rendered":"https:\/\/www.maria-koenigin.de\/?p=14801"},"modified":"2024-09-23T22:52:43","modified_gmt":"2024-09-23T20:52:43","slug":"mennekes-stiftung-ehrt-liam-jankowsky-und-lasse-streit","status":"publish","type":"post","link":"http:\/\/www.maria-koenigin.de\/?p=14801","title":{"rendered":"Mennekes-Stiftung ehrt Liam Jankowsky und Lasse Streit"},"content":{"rendered":"<p style=\"text-align: justify;\"><img loading=\"lazy\" decoding=\"async\" class=\"alignright wp-image-14802 size-large\" src=\"http:\/\/www.maria-koenigin.de\/wordpress\/wp-content\/uploads\/2024\/09\/Preistraeger-Dimus-24-1024x768.jpg\" alt=\"\" width=\"625\" height=\"469\" srcset=\"http:\/\/www.maria-koenigin.de\/wordpress\/wp-content\/uploads\/2024\/09\/Preistraeger-Dimus-24-1024x768.jpg 1024w, http:\/\/www.maria-koenigin.de\/wordpress\/wp-content\/uploads\/2024\/09\/Preistraeger-Dimus-24-300x225.jpg 300w, http:\/\/www.maria-koenigin.de\/wordpress\/wp-content\/uploads\/2024\/09\/Preistraeger-Dimus-24-768x576.jpg 768w, http:\/\/www.maria-koenigin.de\/wordpress\/wp-content\/uploads\/2024\/09\/Preistraeger-Dimus-24-1536x1152.jpg 1536w, http:\/\/www.maria-koenigin.de\/wordpress\/wp-content\/uploads\/2024\/09\/Preistraeger-Dimus-24-2048x1536.jpg 2048w, http:\/\/www.maria-koenigin.de\/wordpress\/wp-content\/uploads\/2024\/09\/Preistraeger-Dimus-24-624x468.jpg 624w\" sizes=\"auto, (max-width: 625px) 100vw, 625px\" \/>\u201eEs ist aus Sicht der Stiftung immer eine Sternstunde, wenn man engagierte, zielstrebige und schon im jungen Alter beachtlich verantwortungsbewusste Menschen auszeichnen darf.\u201c Mit diesen Worten er\u00f6ffnete Erhard Reichling von der Dieter Mennekes Umweltstiftung (DiMUS) die diesj\u00e4hrige Vergabe der Stipendien in H\u00f6he von jeweils 1500 Euro an vier Sch\u00fclerinnen und Sch\u00fcler der beiden Lennest\u00e4dter Gymnasien.<\/p>\n<p style=\"text-align: justify;\">In der Feierstunde am Gymnasium der Stadt Lennestadt (GymSL) wurden aus dem diesj\u00e4hrigen Abiturjahrgang Liam Jankowsky und Lasse Streit vom Gymnasium Maria K\u00f6nigin sowie Elina Padt und Nadine Litwinski vom GymSL ausgezeichnet.<!--more--><\/p>\n<p style=\"text-align: justify;\"><img loading=\"lazy\" decoding=\"async\" class=\"alignright wp-image-14807 size-full\" src=\"http:\/\/www.maria-koenigin.de\/wordpress\/wp-content\/uploads\/2024\/09\/Honoratiorenkl.jpg\" alt=\"\" width=\"640\" height=\"480\" srcset=\"http:\/\/www.maria-koenigin.de\/wordpress\/wp-content\/uploads\/2024\/09\/Honoratiorenkl.jpg 640w, http:\/\/www.maria-koenigin.de\/wordpress\/wp-content\/uploads\/2024\/09\/Honoratiorenkl-300x225.jpg 300w, http:\/\/www.maria-koenigin.de\/wordpress\/wp-content\/uploads\/2024\/09\/Honoratiorenkl-624x468.jpg 624w\" sizes=\"auto, (max-width: 640px) 100vw, 640px\" \/>Schulleiterin Birgitta Pieters begr\u00fc\u00dfte die anwesenden G\u00e4ste und bedankte sich bei der Dieter Mennekes Umweltstiftung f\u00fcr ihr gro\u00dfes und langj\u00e4hriges Engagement in der Bildungsf\u00f6rderung. Erhard Reichling lobte neben den sehr guten Leistungen der Preistr\u00e4ger auch ihren Einsatz: \u201eSie haben ihre F\u00e4higkeiten in hervorragender, geradezu bewundernswerter Weise genutzt, sich im Rahmen des schulischen Umfeldes und dar\u00fcber hinaus zu engagieren.\u201c<\/p>\n<p style=\"text-align: justify;\">Sebastian Sonntag erinnerte als Vertreter der Stadt Lennestadt an den Grundsatz von Dieter Mennekes, da unsere Umwelt \u201eintelligente L\u00f6sungen von intelligenten Menschen\u201c ben\u00f6tige. Er erhoffe sich bei den vier \u201eklugen K\u00f6pfen\u201c, dass diese nach erfolgreichem Studium in die heimische Kommune zur\u00fcckkehren.<\/p>\n<p style=\"text-align: justify;\">Liam Jankowsky und Lasse Streit als Preistr\u00e4ger des Gymnasiums Maria K\u00f6nigin haben nicht nur durch ihre au\u00dfergew\u00f6hnlichen schulischen Leistungen, sondern auch durch ihr Engagement und ihre besonderen Charaktereigenschaften beeindruckt.<\/p>\n<p style=\"text-align: justify;\"><img loading=\"lazy\" decoding=\"async\" class=\"alignright wp-image-14803 size-full\" src=\"http:\/\/www.maria-koenigin.de\/wordpress\/wp-content\/uploads\/2024\/09\/Vormwegkl.jpg\" alt=\"\" width=\"640\" height=\"853\" srcset=\"http:\/\/www.maria-koenigin.de\/wordpress\/wp-content\/uploads\/2024\/09\/Vormwegkl.jpg 640w, http:\/\/www.maria-koenigin.de\/wordpress\/wp-content\/uploads\/2024\/09\/Vormwegkl-225x300.jpg 225w, http:\/\/www.maria-koenigin.de\/wordpress\/wp-content\/uploads\/2024\/09\/Vormwegkl-624x832.jpg 624w\" sizes=\"auto, (max-width: 640px) 100vw, 640px\" \/>Laudator Manuel Vormweg hob eine bewundernswerte Mischung aus Willensst\u00e4rke, Flei\u00df und Selbstst\u00e4ndigkeit bei Liam Jankowsky hervor. Diese habe er erfolgreich von seinem Hobby \u2013 der Leichtathletik \u2013 auf seine schulischen Leistungen \u00fcbertragen. Aber auch seine enorme Begabung wurde deutlich. In diesem Zusammenhang zitierte Manuel Vormweg den deutschen Physiker Johannes Kepler: \u201eDas Beste findet sich dort, wo sich Flei\u00df mit Begabung verbindet.\u201c Daneben w\u00fcrdigte er Liams soziales Engagement.<\/p>\n<p style=\"text-align: justify;\"><img loading=\"lazy\" decoding=\"async\" class=\"alignright wp-image-14805 size-large\" src=\"http:\/\/www.maria-koenigin.de\/wordpress\/wp-content\/uploads\/2024\/09\/Liam-768x1024.jpeg\" alt=\"\" width=\"625\" height=\"833\" srcset=\"http:\/\/www.maria-koenigin.de\/wordpress\/wp-content\/uploads\/2024\/09\/Liam-768x1024.jpeg 768w, http:\/\/www.maria-koenigin.de\/wordpress\/wp-content\/uploads\/2024\/09\/Liam-225x300.jpeg 225w, http:\/\/www.maria-koenigin.de\/wordpress\/wp-content\/uploads\/2024\/09\/Liam-1152x1536.jpeg 1152w, http:\/\/www.maria-koenigin.de\/wordpress\/wp-content\/uploads\/2024\/09\/Liam-624x832.jpeg 624w, http:\/\/www.maria-koenigin.de\/wordpress\/wp-content\/uploads\/2024\/09\/Liam.jpeg 1536w\" sizes=\"auto, (max-width: 625px) 100vw, 625px\" \/>Momentan arbeitet er in einem Kinderheim in Peru, wo er Kindern in Not zur Seite steht, weshalb er auch nicht pers\u00f6nlich bei der Veranstaltung anwesend sein konnte und der Preisverleihung per Video zugeschaltet wurde. Diese T\u00e4tigkeit zeige, dass er neben seinen schulischen F\u00e4higkeiten auch \u00fcber eine soziale Ader verf\u00fcge.<\/p>\n<p style=\"text-align: justify;\"><img loading=\"lazy\" decoding=\"async\" class=\"alignright wp-image-14804 size-full\" src=\"http:\/\/www.maria-koenigin.de\/wordpress\/wp-content\/uploads\/2024\/09\/Peilkl.jpg\" alt=\"\" width=\"640\" height=\"853\" srcset=\"http:\/\/www.maria-koenigin.de\/wordpress\/wp-content\/uploads\/2024\/09\/Peilkl.jpg 640w, http:\/\/www.maria-koenigin.de\/wordpress\/wp-content\/uploads\/2024\/09\/Peilkl-225x300.jpg 225w, http:\/\/www.maria-koenigin.de\/wordpress\/wp-content\/uploads\/2024\/09\/Peilkl-624x832.jpg 624w\" sizes=\"auto, (max-width: 640px) 100vw, 640px\" \/>Lasse Streit, der zweite Preistr\u00e4ger, \u00fcberzeugte mit seiner Werteorientierung, Ausgeglichenheit und Zielstrebigkeit. Laudator Peter Peil spekulierte, ob er dabei m\u00f6glicherweise durch seine \u00e4ltere Schwester Smilla inspiriert wurde, die vor zwei Jahren an selber Stelle ebenfalls den Preis der Dieter Mennekes Umweltstiftung erhielt. In der DNA der Familie verankert, habe Lasse sehr fr\u00fch eine klare Vorstellung davon gehabt, wie er seine schulischen und pers\u00f6nlichen Ziele erreichen m\u00f6chte. Neben seinen schulischen Erfolgen \u2013 u.a. in den Leistungskursen Physik und Mathematik \u2013 habe sich Lasse in der Sch\u00fclervertretung f\u00fcr die Belange seiner Mitsch\u00fcler eingesetzt. Mit einem Augenzwinkern erinnerte Peter Peil an das \u201eFu\u00dfball-Abschiedsspiel\u201c in der Q2 gegen die Lehrermannschaft, welches aus Sicht der Sch\u00fcler allerdings verloren ging. Hier habe sich Lasse stets mannschaftsdienlich als Teamplayer gezeigt und sei respektvoll mit all seinen Mit- und Gegenspielern umgegangen.<\/p>\n<p style=\"text-align: justify;\"><img loading=\"lazy\" decoding=\"async\" class=\"alignright wp-image-14806 size-full\" src=\"http:\/\/www.maria-koenigin.de\/wordpress\/wp-content\/uploads\/2024\/09\/Lassekl.jpg\" alt=\"\" width=\"640\" height=\"480\" srcset=\"http:\/\/www.maria-koenigin.de\/wordpress\/wp-content\/uploads\/2024\/09\/Lassekl.jpg 640w, http:\/\/www.maria-koenigin.de\/wordpress\/wp-content\/uploads\/2024\/09\/Lassekl-300x225.jpg 300w, http:\/\/www.maria-koenigin.de\/wordpress\/wp-content\/uploads\/2024\/09\/Lassekl-624x468.jpg 624w\" sizes=\"auto, (max-width: 640px) 100vw, 640px\" \/>Die musikalische Begleitung durch Samuel Schubert am Klavier sowie die S\u00e4ngerinnen Amalia Kellermann und Yeva Hovsepyan rundete die feierliche Veranstaltung ab.<\/p>\n<p style=\"text-align: justify;\">Zu Gast waren auch vier ehemalige Stipendiaten aus fr\u00fcheren Jahren, die jeweils \u00fcber ihren weiteren Werdegang berichteten und beim anschlie\u00dfenden Beisammensein genauso gefragte Gespr\u00e4chspartner waren wie die aktuell Ausgezeichneten.<\/p>\n","protected":false},"excerpt":{"rendered":"<p>\u201eEs ist aus Sicht der Stiftung immer eine Sternstunde, wenn man engagierte, zielstrebige und schon im jungen Alter beachtlich verantwortungsbewusste Menschen auszeichnen darf.\u201c Mit diesen Worten er\u00f6ffnete Erhard Reichling von der Dieter Mennekes Umweltstiftung (DiMUS) die diesj\u00e4hrige Vergabe der Stipendien in H\u00f6he von jeweils 1500 Euro an vier Sch\u00fclerinnen und Sch\u00fcler der beiden Lennest\u00e4dter Gymnasien. [&hellip;]<\/p>\n","protected":false},"author":7,"featured_media":0,"comment_status":"closed","ping_status":"closed","sticky":false,"template":"","format":"standard","meta":{"ngg_post_thumbnail":0,"footnotes":""},"categories":[4],"tags":[],"class_list":["post-14801","post","type-post","status-publish","format-standard","hentry","category-aktuelles"],"_links":{"self":[{"href":"http:\/\/www.maria-koenigin.de\/index.php?rest_route=\/wp\/v2\/posts\/14801","targetHints":{"allow":["GET"]}}],"collection":[{"href":"http:\/\/www.maria-koenigin.de\/index.php?rest_route=\/wp\/v2\/posts"}],"about":[{"href":"http:\/\/www.maria-koenigin.de\/index.php?rest_route=\/wp\/v2\/types\/post"}],"author":[{"embeddable":true,"href":"http:\/\/www.maria-koenigin.de\/index.php?rest_route=\/wp\/v2\/users\/7"}],"replies":[{"embeddable":true,"href":"http:\/\/www.maria-koenigin.de\/index.php?rest_route=%2Fwp%2Fv2%2Fcomments&post=14801"}],"version-history":[{"count":2,"href":"http:\/\/www.maria-koenigin.de\/index.php?rest_route=\/wp\/v2\/posts\/14801\/revisions"}],"predecessor-version":[{"id":14809,"href":"http:\/\/www.maria-koenigin.de\/index.php?rest_route=\/wp\/v2\/posts\/14801\/revisions\/14809"}],"wp:attachment":[{"href":"http:\/\/www.maria-koenigin.de\/index.php?rest_route=%2Fwp%2Fv2%2Fmedia&parent=14801"}],"wp:term":[{"taxonomy":"category","embeddable":true,"href":"http:\/\/www.maria-koenigin.de\/index.php?rest_route=%2Fwp%2Fv2%2Fcategories&post=14801"},{"taxonomy":"post_tag","embeddable":true,"href":"http:\/\/www.maria-koenigin.de\/index.php?rest_route=%2Fwp%2Fv2%2Ftags&post=14801"}],"curies":[{"name":"wp","href":"https:\/\/api.w.org\/{rel}","templated":true}]}}