{"id":14838,"date":"2024-10-01T00:11:21","date_gmt":"2024-09-30T22:11:21","guid":{"rendered":"https:\/\/www.maria-koenigin.de\/?p=14838"},"modified":"2024-10-01T00:11:21","modified_gmt":"2024-09-30T22:11:21","slug":"3-500-begeisterte-besucher-beim-schulfest","status":"publish","type":"post","link":"http:\/\/www.maria-koenigin.de\/?p=14838","title":{"rendered":"3.500 begeisterte Besucher beim Schulfest"},"content":{"rendered":"<p style=\"text-align: justify;\"><img loading=\"lazy\" decoding=\"async\" class=\"alignright wp-image-14839 size-full\" src=\"http:\/\/www.maria-koenigin.de\/wordpress\/wp-content\/uploads\/2024\/10\/Schulfest-MK-5kl.jpg\" alt=\"\" width=\"640\" height=\"427\" srcset=\"http:\/\/www.maria-koenigin.de\/wordpress\/wp-content\/uploads\/2024\/10\/Schulfest-MK-5kl.jpg 640w, http:\/\/www.maria-koenigin.de\/wordpress\/wp-content\/uploads\/2024\/10\/Schulfest-MK-5kl-300x200.jpg 300w, http:\/\/www.maria-koenigin.de\/wordpress\/wp-content\/uploads\/2024\/10\/Schulfest-MK-5kl-624x416.jpg 624w\" sizes=\"auto, (max-width: 640px) 100vw, 640px\" \/>Mit einer so gro\u00dfen Zahl an Besuchern hatten auch die Optimisten nicht gerechnet. Mehr als 3.500 G\u00e4ste konnte das Gymnasium Maria K\u00f6nigin auf dem \u201eKlosterberg\u201c in Altenhundem\u00a0 zum Schulfest begr\u00fc\u00dfen. Bei Traumwetter erlebten die Besucher, Sch\u00fcler, Eltern und sehr viele ehemalige Sch\u00fcler, einen wundersch\u00f6nen Tag.<!--more--><\/p>\n<p style=\"text-align: justify;\"><img loading=\"lazy\" decoding=\"async\" class=\"alignright wp-image-14840 size-full\" src=\"http:\/\/www.maria-koenigin.de\/wordpress\/wp-content\/uploads\/2024\/10\/Schulfest-MK-6kl.jpg\" alt=\"\" width=\"640\" height=\"427\" srcset=\"http:\/\/www.maria-koenigin.de\/wordpress\/wp-content\/uploads\/2024\/10\/Schulfest-MK-6kl.jpg 640w, http:\/\/www.maria-koenigin.de\/wordpress\/wp-content\/uploads\/2024\/10\/Schulfest-MK-6kl-300x200.jpg 300w, http:\/\/www.maria-koenigin.de\/wordpress\/wp-content\/uploads\/2024\/10\/Schulfest-MK-6kl-624x416.jpg 624w\" sizes=\"auto, (max-width: 640px) 100vw, 640px\" \/>Unter dem Motto \u201eOlympia \u2013 Maria K\u00f6nigin international\u201c standen sportliche Aktivit\u00e4ten im Vordergrund. In einer gro\u00dfen MK-Olympiade konnten acht Stationen absolviert werden. Viele Spiele f\u00fcr Klein und Gro\u00df, ein Olympia-Quiz, ein Escape-Room, eine Dart- und eine Minigolfarena geh\u00f6rten zu den weiteren Attraktionen des Festes. Aber auch die Spielshow \u201eSchlag den Star\u201c, Kinderschminken, eine Fotoecke, ein Gl\u00fccksrad und eine Tombola zogen die Besucher an. Alle Klassen der Schule hatten, bereits vor den Sommerferien beginnend, unterschiedlichste Aktivit\u00e4ten vorbereitet, die sie mit Begeisterung pr\u00e4sentierten.<\/p>\n<p style=\"text-align: justify;\"><img loading=\"lazy\" decoding=\"async\" class=\"alignright wp-image-14841 size-full\" src=\"http:\/\/www.maria-koenigin.de\/wordpress\/wp-content\/uploads\/2024\/10\/Schulfest-MK-8kl.jpg\" alt=\"\" width=\"640\" height=\"427\" srcset=\"http:\/\/www.maria-koenigin.de\/wordpress\/wp-content\/uploads\/2024\/10\/Schulfest-MK-8kl.jpg 640w, http:\/\/www.maria-koenigin.de\/wordpress\/wp-content\/uploads\/2024\/10\/Schulfest-MK-8kl-300x200.jpg 300w, http:\/\/www.maria-koenigin.de\/wordpress\/wp-content\/uploads\/2024\/10\/Schulfest-MK-8kl-624x416.jpg 624w\" sizes=\"auto, (max-width: 640px) 100vw, 640px\" \/>\u201eDas war ein buntes Programm, das allen Beteiligten und Besuchern richtig Spa\u00df gemacht hat. Ganz viele konnten ihre unterschiedlichen Talente einbringen und so zu einem gelungenen Fest beitragen,\u201c erkl\u00e4rte Schulleiter Fabian Borys.<\/p>\n<p style=\"text-align: justify;\"><img loading=\"lazy\" decoding=\"async\" class=\"alignright wp-image-14845 size-full\" style=\"margin-top: 0.857143rem; margin-bottom: 0.857143rem; margin-left: 1.71429rem;\" src=\"http:\/\/www.maria-koenigin.de\/wordpress\/wp-content\/uploads\/2024\/10\/Schulfest-MK-4kl.jpg\" alt=\"\" width=\"640\" height=\"427\" srcset=\"http:\/\/www.maria-koenigin.de\/wordpress\/wp-content\/uploads\/2024\/10\/Schulfest-MK-4kl.jpg 640w, http:\/\/www.maria-koenigin.de\/wordpress\/wp-content\/uploads\/2024\/10\/Schulfest-MK-4kl-300x200.jpg 300w, http:\/\/www.maria-koenigin.de\/wordpress\/wp-content\/uploads\/2024\/10\/Schulfest-MK-4kl-624x416.jpg 624w\" sizes=\"auto, (max-width: 640px) 100vw, 640px\" \/><img loading=\"lazy\" decoding=\"async\" class=\"alignright wp-image-14842 size-full\" src=\"http:\/\/www.maria-koenigin.de\/wordpress\/wp-content\/uploads\/2024\/10\/Schulfest-MK-12kl.jpg\" alt=\"\" width=\"640\" height=\"427\" srcset=\"http:\/\/www.maria-koenigin.de\/wordpress\/wp-content\/uploads\/2024\/10\/Schulfest-MK-12kl.jpg 640w, http:\/\/www.maria-koenigin.de\/wordpress\/wp-content\/uploads\/2024\/10\/Schulfest-MK-12kl-300x200.jpg 300w, http:\/\/www.maria-koenigin.de\/wordpress\/wp-content\/uploads\/2024\/10\/Schulfest-MK-12kl-624x416.jpg 624w\" sizes=\"auto, (max-width: 640px) 100vw, 640px\" \/>Auf der Musikb\u00fchne, die f\u00fcr Festivalatmosph\u00e4re sorgte, traten verschiedene Sch\u00fclerbands und -ensembles auf, die \u201eHektoliteratur\u201c aus der Q2 ebenso wie die \u201eDeath Musicians Society\u201c aus der Q1, die MK Junior Band und Sch\u00fclerinnen aus der Jahrgangsstufe 8 mit ihrem Gesangsprojekt. Als Solistin begeisterte Theresa Kaiser am Klavier die Zuh\u00f6rer und zum Abschluss spielte Lehrer Michael Ameling mit seiner Band auf.<\/p>\n<p style=\"text-align: justify;\"><img loading=\"lazy\" decoding=\"async\" class=\"alignright wp-image-14843 size-full\" src=\"http:\/\/www.maria-koenigin.de\/wordpress\/wp-content\/uploads\/2024\/10\/Schulfest-MK-13kl.jpg\" alt=\"\" width=\"640\" height=\"960\" srcset=\"http:\/\/www.maria-koenigin.de\/wordpress\/wp-content\/uploads\/2024\/10\/Schulfest-MK-13kl.jpg 640w, http:\/\/www.maria-koenigin.de\/wordpress\/wp-content\/uploads\/2024\/10\/Schulfest-MK-13kl-200x300.jpg 200w, http:\/\/www.maria-koenigin.de\/wordpress\/wp-content\/uploads\/2024\/10\/Schulfest-MK-13kl-624x936.jpg 624w\" sizes=\"auto, (max-width: 640px) 100vw, 640px\" \/>Weiterhin pr\u00e4sentierten sich das Projekt Servir, der Ehemaligenverein, die Sch\u00fclergenossenschaft MKompany, der benachbarte Jugendhof und der Schulsanit\u00e4tsdienst mit dem Roten Kreuz.<\/p>\n<p style=\"text-align: justify;\"><img loading=\"lazy\" decoding=\"async\" class=\"alignright wp-image-14844 size-full\" src=\"http:\/\/www.maria-koenigin.de\/wordpress\/wp-content\/uploads\/2024\/10\/Schulfest-MK-11kl.jpg\" alt=\"\" width=\"640\" height=\"427\" srcset=\"http:\/\/www.maria-koenigin.de\/wordpress\/wp-content\/uploads\/2024\/10\/Schulfest-MK-11kl.jpg 640w, http:\/\/www.maria-koenigin.de\/wordpress\/wp-content\/uploads\/2024\/10\/Schulfest-MK-11kl-300x200.jpg 300w, http:\/\/www.maria-koenigin.de\/wordpress\/wp-content\/uploads\/2024\/10\/Schulfest-MK-11kl-624x416.jpg 624w\" sizes=\"auto, (max-width: 640px) 100vw, 640px\" \/>Die Palette der Essensangebote war vielf\u00e4ltig und begehrt. Sie reichte von Grillspezialit\u00e4ten, Kartoffel- und Pilzpfannen \u00fcber Pommes, Gyros und D\u00f6ner und Sushi bis zu einer riesengro\u00dfen Kaffeetafel mit Kuchen, Waffeln und Cr\u00eapes.<\/p>\n<p style=\"text-align: justify;\"><img loading=\"lazy\" decoding=\"async\" class=\"alignright wp-image-14846 size-full\" src=\"http:\/\/www.maria-koenigin.de\/wordpress\/wp-content\/uploads\/2024\/10\/Schulfest-MK-9kl.jpg\" alt=\"\" width=\"640\" height=\"427\" srcset=\"http:\/\/www.maria-koenigin.de\/wordpress\/wp-content\/uploads\/2024\/10\/Schulfest-MK-9kl.jpg 640w, http:\/\/www.maria-koenigin.de\/wordpress\/wp-content\/uploads\/2024\/10\/Schulfest-MK-9kl-300x200.jpg 300w, http:\/\/www.maria-koenigin.de\/wordpress\/wp-content\/uploads\/2024\/10\/Schulfest-MK-9kl-624x416.jpg 624w\" sizes=\"auto, (max-width: 640px) 100vw, 640px\" \/>Sehr zufrieden \u00e4u\u00dferte sich Ansgar Kaufmann, der das Fest mit einem Team organisiert hatte. \u201eTrotz des gro\u00dfen Andrangs hat alles gut funktioniert und es gab viele fr\u00f6hliche und zufriedene Gesichter. Bew\u00e4hrt hat sich auch das Konzept, die Anfahrt \u00fcber Shuttle-Busse zu organisieren. Vom Vormittag bis zum Abend waren zwei immer gut gef\u00fcllte Pendelbusse unterwegs. Wir bedanken uns bei allen Mitwirkenden und Unterst\u00fctzern, die dieses Schulfest erm\u00f6glicht haben.\u201c <img loading=\"lazy\" decoding=\"async\" class=\"alignright wp-image-14848 size-full\" src=\"http:\/\/www.maria-koenigin.de\/wordpress\/wp-content\/uploads\/2024\/10\/Schulfest-MK-14kl.jpg\" alt=\"\" width=\"640\" height=\"427\" srcset=\"http:\/\/www.maria-koenigin.de\/wordpress\/wp-content\/uploads\/2024\/10\/Schulfest-MK-14kl.jpg 640w, http:\/\/www.maria-koenigin.de\/wordpress\/wp-content\/uploads\/2024\/10\/Schulfest-MK-14kl-300x200.jpg 300w, http:\/\/www.maria-koenigin.de\/wordpress\/wp-content\/uploads\/2024\/10\/Schulfest-MK-14kl-624x416.jpg 624w\" sizes=\"auto, (max-width: 640px) 100vw, 640px\" \/><\/p>\n","protected":false},"excerpt":{"rendered":"<p>Mit einer so gro\u00dfen Zahl an Besuchern hatten auch die Optimisten nicht gerechnet. Mehr als 3.500 G\u00e4ste konnte das Gymnasium Maria K\u00f6nigin auf dem \u201eKlosterberg\u201c in Altenhundem\u00a0 zum Schulfest begr\u00fc\u00dfen. Bei Traumwetter erlebten die Besucher, Sch\u00fcler, Eltern und sehr viele ehemalige Sch\u00fcler, einen wundersch\u00f6nen Tag.<\/p>\n","protected":false},"author":7,"featured_media":0,"comment_status":"closed","ping_status":"closed","sticky":false,"template":"","format":"standard","meta":{"ngg_post_thumbnail":0,"footnotes":""},"categories":[4],"tags":[],"class_list":["post-14838","post","type-post","status-publish","format-standard","hentry","category-aktuelles"],"_links":{"self":[{"href":"http:\/\/www.maria-koenigin.de\/index.php?rest_route=\/wp\/v2\/posts\/14838","targetHints":{"allow":["GET"]}}],"collection":[{"href":"http:\/\/www.maria-koenigin.de\/index.php?rest_route=\/wp\/v2\/posts"}],"about":[{"href":"http:\/\/www.maria-koenigin.de\/index.php?rest_route=\/wp\/v2\/types\/post"}],"author":[{"embeddable":true,"href":"http:\/\/www.maria-koenigin.de\/index.php?rest_route=\/wp\/v2\/users\/7"}],"replies":[{"embeddable":true,"href":"http:\/\/www.maria-koenigin.de\/index.php?rest_route=%2Fwp%2Fv2%2Fcomments&post=14838"}],"version-history":[{"count":2,"href":"http:\/\/www.maria-koenigin.de\/index.php?rest_route=\/wp\/v2\/posts\/14838\/revisions"}],"predecessor-version":[{"id":14849,"href":"http:\/\/www.maria-koenigin.de\/index.php?rest_route=\/wp\/v2\/posts\/14838\/revisions\/14849"}],"wp:attachment":[{"href":"http:\/\/www.maria-koenigin.de\/index.php?rest_route=%2Fwp%2Fv2%2Fmedia&parent=14838"}],"wp:term":[{"taxonomy":"category","embeddable":true,"href":"http:\/\/www.maria-koenigin.de\/index.php?rest_route=%2Fwp%2Fv2%2Fcategories&post=14838"},{"taxonomy":"post_tag","embeddable":true,"href":"http:\/\/www.maria-koenigin.de\/index.php?rest_route=%2Fwp%2Fv2%2Ftags&post=14838"}],"curies":[{"name":"wp","href":"https:\/\/api.w.org\/{rel}","templated":true}]}}