{"id":14898,"date":"2024-10-13T17:47:47","date_gmt":"2024-10-13T15:47:47","guid":{"rendered":"https:\/\/www.maria-koenigin.de\/?p=14898"},"modified":"2024-10-13T17:47:47","modified_gmt":"2024-10-13T15:47:47","slug":"heimat-lebt-linus-fischer-und-talea-denke-erfolgreich","status":"publish","type":"post","link":"http:\/\/www.maria-koenigin.de\/?p=14898","title":{"rendered":"&#8222;Heimat lebt&#8220;: Linus Fischer und Talea Denke erfolgreich"},"content":{"rendered":"<p style=\"text-align: justify;\"><img loading=\"lazy\" decoding=\"async\" class=\"alignright wp-image-14899 size-full\" src=\"http:\/\/www.maria-koenigin.de\/wordpress\/wp-content\/uploads\/2024\/10\/Foto-Wettbewerb-Heimat-lebtkl.jpg\" alt=\"\" width=\"640\" height=\"480\" srcset=\"http:\/\/www.maria-koenigin.de\/wordpress\/wp-content\/uploads\/2024\/10\/Foto-Wettbewerb-Heimat-lebtkl.jpg 640w, http:\/\/www.maria-koenigin.de\/wordpress\/wp-content\/uploads\/2024\/10\/Foto-Wettbewerb-Heimat-lebtkl-300x225.jpg 300w, http:\/\/www.maria-koenigin.de\/wordpress\/wp-content\/uploads\/2024\/10\/Foto-Wettbewerb-Heimat-lebtkl-624x468.jpg 624w\" sizes=\"auto, (max-width: 640px) 100vw, 640px\" \/>Talea Denke (f\u00fcnfte von rechts) und Linus Fischer (in Vertretung seiner Mutter, zweite von rechts), die beide erfolgreich das Abitur im Jahr 2024 an unserer Schule absolvierten, wurden am 09. Oktober 2024 in Olpe-Rosenthal im Rahmen des Wettbewerbs \u201eHeimat lebt\u201c vom Kreisheimatbund Olpe f\u00fcr ihre \u00fcberzeugende Projekt- bzw. Facharbeit im Projektkurs \u201eGlobaler Klimawandel\u201c bzw. im Leistungskurs Erdkunde ausgezeichnet.<!--more--><\/p>\n<p style=\"text-align: justify;\">Bei der Preisverleihung wurde in beiden Laudationes betont, wie fundiert, detailliert und reflektiert dem Heimatgedanken unter \u00f6kologischen Gesichtspunkten Rechnung getragen wurde. So hat Talea unter der Leitfrage \u201eWelche \u00f6konomischen und \u00f6kologischen Folgen hat der Klimawandel auf den Wald im Sauerland und welche potenziellen Anpassungsstrategien gibt es?\u201c im Rahmen eines Experteninterviews mit dem F\u00f6rster Raphael Scheckel s\u00e4mtliche Auswirkungen des Klimawandels auf die heimischen W\u00e4lder erl\u00e4utert und \u00fcber einen klimastabilen Mischwald der Zukunft diskutiert. Sie gewann den dritten Platz.<\/p>\n<p style=\"text-align: justify;\"><img loading=\"lazy\" decoding=\"async\" class=\"alignright wp-image-14900\" src=\"http:\/\/www.maria-koenigin.de\/wordpress\/wp-content\/uploads\/2024\/10\/Linus-Fischer.jpeg\" alt=\"\" width=\"202\" height=\"397\" srcset=\"http:\/\/www.maria-koenigin.de\/wordpress\/wp-content\/uploads\/2024\/10\/Linus-Fischer.jpeg 1177w, http:\/\/www.maria-koenigin.de\/wordpress\/wp-content\/uploads\/2024\/10\/Linus-Fischer-153x300.jpeg 153w, http:\/\/www.maria-koenigin.de\/wordpress\/wp-content\/uploads\/2024\/10\/Linus-Fischer-522x1024.jpeg 522w, http:\/\/www.maria-koenigin.de\/wordpress\/wp-content\/uploads\/2024\/10\/Linus-Fischer-768x1508.jpeg 768w, http:\/\/www.maria-koenigin.de\/wordpress\/wp-content\/uploads\/2024\/10\/Linus-Fischer-782x1536.jpeg 782w, http:\/\/www.maria-koenigin.de\/wordpress\/wp-content\/uploads\/2024\/10\/Linus-Fischer-1043x2048.jpeg 1043w, http:\/\/www.maria-koenigin.de\/wordpress\/wp-content\/uploads\/2024\/10\/Linus-Fischer-624x1225.jpeg 624w\" sizes=\"auto, (max-width: 202px) 100vw, 202px\" \/>Linus warf das Thema \u201eFolgen der Klima\u00e4nderungen auf den Holzpreis in der Gemeinde Kirchhundem im Zeitraum 2018 bis heute\u201c auf. Seine Familie besitzt selbst Wald und die Folgen des Fichtensterbens aufgrund von Trockenheit, Erw\u00e4rmung und Borkenk\u00e4ferkalamit\u00e4t machen ihn und seine Angeh\u00f6rigen emotional und auch finanziell betroffen. Mithilfe von aktuellen, gut recherchierten Statistiken \u00fcber die Holzpreisentwicklung der letzten Jahre sowie eigenen Fotos der entstandenen Kahlfl\u00e4chen gelang es ihm sowie auch Talea, zun\u00e4chst den Fachlehrer und sp\u00e4ter dann die Jury von der besonderen Qualit\u00e4t der Arbeit zu \u00fcberzeugen. Linus gewann den ersten Platz.<\/p>\n<p style=\"text-align: justify;\">Beide Preistr\u00e4ger haben neben einer Urkunde zudem einen Geldbetrag erhalten. Au\u00dferdem werden die pr\u00e4mierten Arbeiten demn\u00e4chst auf der Homepage des Kreisheimatbunds Olpe ver\u00f6ffentlicht.<\/p>\n<p style=\"text-align: justify;\">Als Lehrer machen mich die Leistungen meiner Sch\u00fcler sehr stolz: einerseits, weil sich die beiden intensiv und vor allem kritisch mit aktuellen und lokalen geographischen Fragestellungen auseinandersetzten, wodurch eine gewisse Heimatverbundenheit deutlich wird; andererseits, weil Talea und Linus \u2013 \u201eim Zeitalter der K\u00fcnstlichen Intelligenz\u201c (Bill Gates, Gr\u00fcnder von Microsoft) \u2013 mit beharrlichem Flei\u00df und Einsatz sowohl am Schreibtisch als auch im Gel\u00e4nde zeigten, dass das eigenst\u00e4ndige Arbeiten und Denken belohnt wird.<\/p>\n<p><em>Peter Peil<\/em><\/p>\n","protected":false},"excerpt":{"rendered":"<p>Talea Denke (f\u00fcnfte von rechts) und Linus Fischer (in Vertretung seiner Mutter, zweite von rechts), die beide erfolgreich das Abitur im Jahr 2024 an unserer Schule absolvierten, wurden am 09. Oktober 2024 in Olpe-Rosenthal im Rahmen des Wettbewerbs \u201eHeimat lebt\u201c vom Kreisheimatbund Olpe f\u00fcr ihre \u00fcberzeugende Projekt- bzw. Facharbeit im Projektkurs \u201eGlobaler Klimawandel\u201c bzw. im [&hellip;]<\/p>\n","protected":false},"author":7,"featured_media":0,"comment_status":"closed","ping_status":"closed","sticky":false,"template":"","format":"standard","meta":{"ngg_post_thumbnail":0,"footnotes":""},"categories":[4],"tags":[],"class_list":["post-14898","post","type-post","status-publish","format-standard","hentry","category-aktuelles"],"_links":{"self":[{"href":"http:\/\/www.maria-koenigin.de\/index.php?rest_route=\/wp\/v2\/posts\/14898","targetHints":{"allow":["GET"]}}],"collection":[{"href":"http:\/\/www.maria-koenigin.de\/index.php?rest_route=\/wp\/v2\/posts"}],"about":[{"href":"http:\/\/www.maria-koenigin.de\/index.php?rest_route=\/wp\/v2\/types\/post"}],"author":[{"embeddable":true,"href":"http:\/\/www.maria-koenigin.de\/index.php?rest_route=\/wp\/v2\/users\/7"}],"replies":[{"embeddable":true,"href":"http:\/\/www.maria-koenigin.de\/index.php?rest_route=%2Fwp%2Fv2%2Fcomments&post=14898"}],"version-history":[{"count":1,"href":"http:\/\/www.maria-koenigin.de\/index.php?rest_route=\/wp\/v2\/posts\/14898\/revisions"}],"predecessor-version":[{"id":14901,"href":"http:\/\/www.maria-koenigin.de\/index.php?rest_route=\/wp\/v2\/posts\/14898\/revisions\/14901"}],"wp:attachment":[{"href":"http:\/\/www.maria-koenigin.de\/index.php?rest_route=%2Fwp%2Fv2%2Fmedia&parent=14898"}],"wp:term":[{"taxonomy":"category","embeddable":true,"href":"http:\/\/www.maria-koenigin.de\/index.php?rest_route=%2Fwp%2Fv2%2Fcategories&post=14898"},{"taxonomy":"post_tag","embeddable":true,"href":"http:\/\/www.maria-koenigin.de\/index.php?rest_route=%2Fwp%2Fv2%2Ftags&post=14898"}],"curies":[{"name":"wp","href":"https:\/\/api.w.org\/{rel}","templated":true}]}}