{"id":15019,"date":"2024-12-01T08:00:26","date_gmt":"2024-12-01T07:00:26","guid":{"rendered":"https:\/\/www.maria-koenigin.de\/?p=15019"},"modified":"2024-11-26T23:00:44","modified_gmt":"2024-11-26T22:00:44","slug":"abend-fuer-servir-und-aktionsmonat-tansania-mit-anna-vente","status":"publish","type":"post","link":"http:\/\/www.maria-koenigin.de\/?p=15019","title":{"rendered":"Abend f\u00fcr Servir und Aktionsmonat Tansania mit Anna Vente"},"content":{"rendered":"<p style=\"text-align: justify;\"><strong><img loading=\"lazy\" decoding=\"async\" class=\"alignright wp-image-15020 size-full\" src=\"http:\/\/www.maria-koenigin.de\/wordpress\/wp-content\/uploads\/2024\/11\/Servirabend-1.jpg\" alt=\"\" width=\"640\" height=\"853\" srcset=\"http:\/\/www.maria-koenigin.de\/wordpress\/wp-content\/uploads\/2024\/11\/Servirabend-1.jpg 640w, http:\/\/www.maria-koenigin.de\/wordpress\/wp-content\/uploads\/2024\/11\/Servirabend-1-225x300.jpg 225w, http:\/\/www.maria-koenigin.de\/wordpress\/wp-content\/uploads\/2024\/11\/Servirabend-1-624x832.jpg 624w\" sizes=\"auto, (max-width: 640px) 100vw, 640px\" \/>Abend f\u00fcr Servir <\/strong><\/p>\n<p style=\"text-align: justify;\">Seit fast zehn Jahren werden im Herbst die Sch\u00fcler und Eltern der neuen f\u00fcnften Klassen zu einem \u201eAbend f\u00fcr Servir\u201c eingeladen, um an verschiedenen Stationen die Projekte und Aufgaben des Servir e.V. kennenzulernen. Jetzt war es wieder soweit. Allen engagierten Sch\u00fclerinnen und Sch\u00fclern und Kollegen ist es ein Anliegen, das Ziel des Servir-Vereins, das Bewusstsein f\u00fcr die Idee der \u201eEinen Welt\u201d, an der Schule und in deren n\u00e4herem Umfeld zu st\u00e4rken und auch den neuen Mitgliedern der Schulgemeinde vorzustellen. Neben den vielen Informationen gab es ein leckeres B\u00fcffet, zu dem jeder etwas beitragen hatte.<!--more--><\/p>\n<p style=\"text-align: justify;\"><img loading=\"lazy\" decoding=\"async\" class=\"alignright wp-image-15026 size-full\" src=\"http:\/\/www.maria-koenigin.de\/wordpress\/wp-content\/uploads\/2024\/11\/Servirabend-2-1.jpg\" alt=\"\" width=\"640\" height=\"479\" srcset=\"http:\/\/www.maria-koenigin.de\/wordpress\/wp-content\/uploads\/2024\/11\/Servirabend-2-1.jpg 640w, http:\/\/www.maria-koenigin.de\/wordpress\/wp-content\/uploads\/2024\/11\/Servirabend-2-1-300x225.jpg 300w, http:\/\/www.maria-koenigin.de\/wordpress\/wp-content\/uploads\/2024\/11\/Servirabend-2-1-624x467.jpg 624w\" sizes=\"auto, (max-width: 640px) 100vw, 640px\" \/>Die Sch\u00fcler waren begeistert von dem \u201eKaffeeparcours\u201c, bei dem sie unter Anleitung der Sch\u00fclerinnen aus der Servir AG, Nina Cordes, Theresa Kaiser, Ruth Weschollek, Martha Kebben, Magdalena Richard und Maja Nentwig, selbst S\u00e4cke mit Kaffeebohnen schleppen und diese anschlie\u00dfend r\u00f6sten und mahlen konnten. Die Einblicke in den Umweltschutz durch die Aktion \u201eA.L.U.\u201c waren ebenso spannend wie das tatkr\u00e4ftige Pressen der Alu-Ballen in der Alu-Scheune.\u00a0 Au\u00dferdem wurden die Sch\u00fcler dar\u00fcber informiert, dass die Erl\u00f6se des Alusammelns und des Kuchenverkaufs nach Pundamillia gehen. Die Eltern besuchten, begleitet durch die Kollegen Ilse Beul, Daniel Eickhoff, Berthold Kresin und Christiane Schell, verschiedene Stationen, an denen unterschiedliche Aufgabenbereiche des Servir e.V. vorgestellt wurden. Die ehemaligen Sch\u00fclerinnen Katharina Japes, Lenia Hille und Antonia Tigges (Abi 23), die letztes Jahr eine Reise nach Pundamillia unternommen hatten, berichteten den Eltern \u00fcber das dortige Projekt.<\/p>\n<p style=\"text-align: justify;\"><img loading=\"lazy\" decoding=\"async\" class=\"alignright wp-image-15022 size-full\" src=\"http:\/\/www.maria-koenigin.de\/wordpress\/wp-content\/uploads\/2024\/11\/Servirabend-3.jpg\" alt=\"\" width=\"640\" height=\"853\" srcset=\"http:\/\/www.maria-koenigin.de\/wordpress\/wp-content\/uploads\/2024\/11\/Servirabend-3.jpg 640w, http:\/\/www.maria-koenigin.de\/wordpress\/wp-content\/uploads\/2024\/11\/Servirabend-3-225x300.jpg 225w, http:\/\/www.maria-koenigin.de\/wordpress\/wp-content\/uploads\/2024\/11\/Servirabend-3-624x832.jpg 624w\" sizes=\"auto, (max-width: 640px) 100vw, 640px\" \/>Ansgar Kaufmann informierten \u00fcber den Servir-Verein und stellte dabei die verschiedenen Aktion im Schulalltag vor (den regelm\u00e4\u00dfigen Kuchenverkauf, die 72 Stunden-Aktion, Talente-Wucher usw.) und den Kaffeeverkauf der Klassen 5 und 6 im November. In der Alu-Scheune bekamen die Eltern Einblicke in die Aktion \u201eA.L.U.\u201c, vorgestellt durch Peter Peil und Regina Schmidt. Anne Lingemann stellte den Aktionsmonat f\u00fcr Tansania vor, f\u00fcr den die diesj\u00e4hrigen Einnahmen aus dem Kaffeeverkauf\u00a0 der unteren Klassen gespendet werden. Wir freuen uns \u00fcber die gute Resonanz und das Interesse der Eltern an unseren Projekten.<\/p>\n<p style=\"text-align: justify;\"><strong><img loading=\"lazy\" decoding=\"async\" class=\"alignright wp-image-15023 size-full\" src=\"http:\/\/www.maria-koenigin.de\/wordpress\/wp-content\/uploads\/2024\/11\/Tansania-Vortrag-1.jpg\" alt=\"\" width=\"640\" height=\"479\" srcset=\"http:\/\/www.maria-koenigin.de\/wordpress\/wp-content\/uploads\/2024\/11\/Tansania-Vortrag-1.jpg 640w, http:\/\/www.maria-koenigin.de\/wordpress\/wp-content\/uploads\/2024\/11\/Tansania-Vortrag-1-300x225.jpg 300w, http:\/\/www.maria-koenigin.de\/wordpress\/wp-content\/uploads\/2024\/11\/Tansania-Vortrag-1-624x467.jpg 624w\" sizes=\"auto, (max-width: 640px) 100vw, 640px\" \/><\/strong><\/p>\n<p style=\"text-align: justify;\"><strong>Aktionsmonat f\u00fcr Tansania<\/strong><\/p>\n<p style=\"text-align: justify;\">Kurz darauf war unsere ehemalige Sch\u00fclerin Anna Vente (4. von rechts), die 2019 ihr Abitur an MK gemacht hat, zu Gast und berichtete den Sch\u00fclerinnen und Sch\u00fclern von ihren Erlebnissen in Tansania und gab so Einblicke, wo die Erl\u00f6se vom Kaffeeverkauf der Klassen 5 und 6 und des Kuchenverkaufs im Monat November hinflie\u00dfen.<\/p>\n<p style=\"text-align: justify;\"><img loading=\"lazy\" decoding=\"async\" class=\"alignright wp-image-15024 size-full\" src=\"http:\/\/www.maria-koenigin.de\/wordpress\/wp-content\/uploads\/2024\/11\/Tansania-Info1.jpg\" alt=\"\" width=\"640\" height=\"488\" srcset=\"http:\/\/www.maria-koenigin.de\/wordpress\/wp-content\/uploads\/2024\/11\/Tansania-Info1.jpg 640w, http:\/\/www.maria-koenigin.de\/wordpress\/wp-content\/uploads\/2024\/11\/Tansania-Info1-300x229.jpg 300w, http:\/\/www.maria-koenigin.de\/wordpress\/wp-content\/uploads\/2024\/11\/Tansania-Info1-624x476.jpg 624w\" sizes=\"auto, (max-width: 640px) 100vw, 640px\" \/>Anna hat vier Wochen in Arusha, 80 Kilometer entfernt vom Kilimandscharo, im Rahmen ihres Bundesfreiwilligendienstes durch die Organisation \u201eSTEPAfrica\u201c, verbracht. Sie hat dort kleine Kinder und Babys in einer sogenannten \u201eDaycare\u201c betreut, damit deren Eltern arbeiten gehen k\u00f6nnen, um den Lebensunterhalt f\u00fcr die Familie zu verdienen. Anna hat anschaulich das allt\u00e4gliche Leben in der Stadt in Ostafrika beschrieben und den Sch\u00fclern durch viele Fotos die Lebenssituation der kleinen Kinder dort nahe gebracht. Die Existenz dieser \u201eDaycares\u201c erm\u00f6glicht diesen Familien \u00a0aus schwierigen finanziellen oder pers\u00f6nlichen Verh\u00e4ltnissen eine Vereinbarkeit von Beruf und Familie, die sonst nicht m\u00f6glich w\u00e4re, da es keine staatlichen Kindertagesst\u00e4tten oder andere finanzielle Ma\u00dfnahmen gibt. Manche Familien m\u00fcssten sonst ihre Babys und Kleinkinder in Waisenh\u00e4usern abgeben.<\/p>\n<p style=\"text-align: justify;\"><img loading=\"lazy\" decoding=\"async\" class=\"alignright wp-image-15025 size-full\" src=\"http:\/\/www.maria-koenigin.de\/wordpress\/wp-content\/uploads\/2024\/11\/Tansania-Info2.jpg\" alt=\"\" width=\"640\" height=\"853\" srcset=\"http:\/\/www.maria-koenigin.de\/wordpress\/wp-content\/uploads\/2024\/11\/Tansania-Info2.jpg 640w, http:\/\/www.maria-koenigin.de\/wordpress\/wp-content\/uploads\/2024\/11\/Tansania-Info2-225x300.jpg 225w, http:\/\/www.maria-koenigin.de\/wordpress\/wp-content\/uploads\/2024\/11\/Tansania-Info2-624x832.jpg 624w\" sizes=\"auto, (max-width: 640px) 100vw, 640px\" \/>Die Organisation L.I.F.E. unterst\u00fctzt die \u201eSinyati Daycare\u201c, die 2023 gegr\u00fcndet wurde und ganz besonders Familien oder Erziehungsberechtigte aus schwierigen Verh\u00e4ltnissen unterst\u00fctzt, die keine oder nur geringe Geb\u00fchren zahlen k\u00f6nnen. Dieser Tagespflege sollen die Spenden aus dem Kaffee- und Kuchenverkauf zuflie\u00dfen. Es k\u00f6nnen so Windeln, Milchpulver, Matschkleidung f\u00fcr die Regenzeit und Spielger\u00e4te angeschafft werden. Weitere Erl\u00f6se kommen einem neu errichteten \u201eCommunity Center\u201c zugute, dessen Dach so bezuschusst werden soll. Weitere Infos unter <a href=\"http:\/\/www.kupanda-ev.de\/images\/Formulare\/LIFE_Konzept.pdf\">www.kupanda-ev.de\/images\/Formulare\/LIFE_Konzept.pdf<\/a>.<\/p>\n","protected":false},"excerpt":{"rendered":"<p>Abend f\u00fcr Servir Seit fast zehn Jahren werden im Herbst die Sch\u00fcler und Eltern der neuen f\u00fcnften Klassen zu einem \u201eAbend f\u00fcr Servir\u201c eingeladen, um an verschiedenen Stationen die Projekte und Aufgaben des Servir e.V. kennenzulernen. Jetzt war es wieder soweit. Allen engagierten Sch\u00fclerinnen und Sch\u00fclern und Kollegen ist es ein Anliegen, das Ziel des [&hellip;]<\/p>\n","protected":false},"author":7,"featured_media":0,"comment_status":"closed","ping_status":"closed","sticky":false,"template":"","format":"standard","meta":{"ngg_post_thumbnail":0,"footnotes":""},"categories":[4],"tags":[],"class_list":["post-15019","post","type-post","status-publish","format-standard","hentry","category-aktuelles"],"_links":{"self":[{"href":"http:\/\/www.maria-koenigin.de\/index.php?rest_route=\/wp\/v2\/posts\/15019","targetHints":{"allow":["GET"]}}],"collection":[{"href":"http:\/\/www.maria-koenigin.de\/index.php?rest_route=\/wp\/v2\/posts"}],"about":[{"href":"http:\/\/www.maria-koenigin.de\/index.php?rest_route=\/wp\/v2\/types\/post"}],"author":[{"embeddable":true,"href":"http:\/\/www.maria-koenigin.de\/index.php?rest_route=\/wp\/v2\/users\/7"}],"replies":[{"embeddable":true,"href":"http:\/\/www.maria-koenigin.de\/index.php?rest_route=%2Fwp%2Fv2%2Fcomments&post=15019"}],"version-history":[{"count":3,"href":"http:\/\/www.maria-koenigin.de\/index.php?rest_route=\/wp\/v2\/posts\/15019\/revisions"}],"predecessor-version":[{"id":15029,"href":"http:\/\/www.maria-koenigin.de\/index.php?rest_route=\/wp\/v2\/posts\/15019\/revisions\/15029"}],"wp:attachment":[{"href":"http:\/\/www.maria-koenigin.de\/index.php?rest_route=%2Fwp%2Fv2%2Fmedia&parent=15019"}],"wp:term":[{"taxonomy":"category","embeddable":true,"href":"http:\/\/www.maria-koenigin.de\/index.php?rest_route=%2Fwp%2Fv2%2Fcategories&post=15019"},{"taxonomy":"post_tag","embeddable":true,"href":"http:\/\/www.maria-koenigin.de\/index.php?rest_route=%2Fwp%2Fv2%2Ftags&post=15019"}],"curies":[{"name":"wp","href":"https:\/\/api.w.org\/{rel}","templated":true}]}}