{"id":15049,"date":"2024-12-12T07:00:40","date_gmt":"2024-12-12T06:00:40","guid":{"rendered":"https:\/\/www.maria-koenigin.de\/?p=15049"},"modified":"2024-12-10T00:12:45","modified_gmt":"2024-12-09T23:12:45","slug":"tabor-nimmt-mit-theresa-bartz-wieder-fahrt-auf","status":"publish","type":"post","link":"http:\/\/www.maria-koenigin.de\/?p=15049","title":{"rendered":"TABOR nimmt mit Theresa Bartz wieder Fahrt auf"},"content":{"rendered":"<p style=\"text-align: justify;\"><a href=\"http:\/\/www.maria-koenigin.de\/wordpress\/wp-content\/uploads\/2024\/12\/Tabor-neukl.jpg\"><img loading=\"lazy\" decoding=\"async\" class=\"alignright size-full wp-image-15050\" src=\"http:\/\/www.maria-koenigin.de\/wordpress\/wp-content\/uploads\/2024\/12\/Tabor-neukl.jpg\" alt=\"\" width=\"640\" height=\"360\" srcset=\"http:\/\/www.maria-koenigin.de\/wordpress\/wp-content\/uploads\/2024\/12\/Tabor-neukl.jpg 640w, http:\/\/www.maria-koenigin.de\/wordpress\/wp-content\/uploads\/2024\/12\/Tabor-neukl-300x169.jpg 300w, http:\/\/www.maria-koenigin.de\/wordpress\/wp-content\/uploads\/2024\/12\/Tabor-neukl-624x351.jpg 624w\" sizes=\"auto, (max-width: 640px) 100vw, 640px\" \/><\/a>Das jugendspirituelle Netzwerk Tabor, unser Partner auf dem Klosterberg, hat eine neue Leitung und startet nach einer halbj\u00e4hrigen Vakanz \u00a0wieder durch. Seit dem 1. Dezember hat Theresa Bartz (Mitte) die Leitung von TABOR \u00fcbernommen und freut sich gemeinsam mit Dechant Andreas Neuser (links) und Jugendhof-Leiter Georg Hunold (rechts) darauf, jugendspirituelle Impulse \u201evom Berg aus\u201c mit und f\u00fcr junge Menschen in der Region setzen zu k\u00f6nnen. Sie ist t\u00e4tig als stellvertretende und Geistliche Leitung der Jugendbildungsst\u00e4tte Jugendhof Pallotti und hat in dieser Funktion bereits an verschiedenen Stellen mit TABOR zusammengearbeitet und Kontakte gekn\u00fcpft. <!--more--><\/p>\n<p style=\"text-align: justify;\">Im Fr\u00fchjahr dieses Jahres konnte das jugendspirituelle Netzwerk TABOR sein 5j\u00e4hriges Jubil\u00e4um feiern. Gleichzeitig war damit die Verabschiedung von Alexander Sieler als bisherige Leitung verbunden.\u00a0In den letzten Monaten haben ehrenamtlich Engagierte der Tabor-Gruppe gemeinsam mit Kooperationspartnern und dem Dekanat S\u00fcdsauerland daf\u00fcr gesorgt, dass TABOR weiterlebt und einige Veranstaltungen stattfinden konnten.<\/p>\n<p style=\"text-align: justify;\">Auf die Frage, was ihr bei ihrer Arbeit wichtig ist, sagt Theresa Bartz: \u201eIm Mittelpunkt steht f\u00fcr mich der junge Mensch mit seinen Lebens- und Glaubensfragen. Ich glaube, dass wir auf diese Fragen aus dem christlichen Glauben heraus viele Antworten anbieten k\u00f6nnen und ich suche und schaffe gerne Gelegenheiten, die das erm\u00f6glichen.\u201c<br \/>\nIm Zuge der Neubesetzung der Leitung wechselt die Tr\u00e4gerschaft von TABOR vom Dekanat S\u00fcdsauerland zum Jugendhof Pallotti Lennestadt. Damit \u00e4ndert sich aber nicht das Grundanliegen von TABOR: Bestehendes in der Fl\u00e4che vernetzen und unterst\u00fctzten und durch neue Angebote erg\u00e4nzen. Und das in enger Kooperation mit den Dekanaten S\u00fcdsauerland und Siegen, Gemeinden und Initiativen vor Ort, sowie mit den Akteuren in der unmittelbaren Nachbarschaft, insbesondere dem Gymnasium Maria K\u00f6nigin.<\/p>\n<p style=\"text-align: justify;\">Am vergangenen Wochenende hat unter dem Motto \u201ePoetrykonzert meets Party\u201c die zweite Ausgabe von CONTACT in der Kirche Maria K\u00f6nigin stattgefunden. Nach einem Warm-up durch die TABOR-Band Sunray brachten Jonnes und Marco Michalzik \u2013 christliche Singer \/ Songwriter und Spoken Word K\u00fcnstler \u2013 als Hauptakt Songs und Texte \u00fcber die kleinen Momente und die gro\u00dfen Fragen des Lebens auf die B\u00fchne. Im Anschluss sorgte Tubix, der DJ aus Attendorn, daf\u00fcr, dass die Kirche wieder zur Tanzfl\u00e4che wurde.<\/p>\n<p style=\"text-align: justify;\">Die mittlerweile schon traditionelle Nacht der Lichter wird wieder am 21. Februar 2025 in der St.-Martinus-Kirche in Olpe stattfinden.<\/p>\n<p style=\"text-align: justify;\">Infos \u00fcber TABOR und geplante Angebote und Veranstaltungen gibt es unter <a href=\"http:\/\/www.taborsauerland.de\">http:\/\/www.taborsauerland.de<\/a><\/p>\n","protected":false},"excerpt":{"rendered":"<p>Das jugendspirituelle Netzwerk Tabor, unser Partner auf dem Klosterberg, hat eine neue Leitung und startet nach einer halbj\u00e4hrigen Vakanz \u00a0wieder durch. Seit dem 1. Dezember hat Theresa Bartz (Mitte) die Leitung von TABOR \u00fcbernommen und freut sich gemeinsam mit Dechant Andreas Neuser (links) und Jugendhof-Leiter Georg Hunold (rechts) darauf, jugendspirituelle Impulse \u201evom Berg aus\u201c mit [&hellip;]<\/p>\n","protected":false},"author":7,"featured_media":0,"comment_status":"closed","ping_status":"closed","sticky":false,"template":"","format":"standard","meta":{"ngg_post_thumbnail":0,"footnotes":""},"categories":[4],"tags":[],"class_list":["post-15049","post","type-post","status-publish","format-standard","hentry","category-aktuelles"],"_links":{"self":[{"href":"http:\/\/www.maria-koenigin.de\/index.php?rest_route=\/wp\/v2\/posts\/15049","targetHints":{"allow":["GET"]}}],"collection":[{"href":"http:\/\/www.maria-koenigin.de\/index.php?rest_route=\/wp\/v2\/posts"}],"about":[{"href":"http:\/\/www.maria-koenigin.de\/index.php?rest_route=\/wp\/v2\/types\/post"}],"author":[{"embeddable":true,"href":"http:\/\/www.maria-koenigin.de\/index.php?rest_route=\/wp\/v2\/users\/7"}],"replies":[{"embeddable":true,"href":"http:\/\/www.maria-koenigin.de\/index.php?rest_route=%2Fwp%2Fv2%2Fcomments&post=15049"}],"version-history":[{"count":1,"href":"http:\/\/www.maria-koenigin.de\/index.php?rest_route=\/wp\/v2\/posts\/15049\/revisions"}],"predecessor-version":[{"id":15051,"href":"http:\/\/www.maria-koenigin.de\/index.php?rest_route=\/wp\/v2\/posts\/15049\/revisions\/15051"}],"wp:attachment":[{"href":"http:\/\/www.maria-koenigin.de\/index.php?rest_route=%2Fwp%2Fv2%2Fmedia&parent=15049"}],"wp:term":[{"taxonomy":"category","embeddable":true,"href":"http:\/\/www.maria-koenigin.de\/index.php?rest_route=%2Fwp%2Fv2%2Fcategories&post=15049"},{"taxonomy":"post_tag","embeddable":true,"href":"http:\/\/www.maria-koenigin.de\/index.php?rest_route=%2Fwp%2Fv2%2Ftags&post=15049"}],"curies":[{"name":"wp","href":"https:\/\/api.w.org\/{rel}","templated":true}]}}