{"id":15068,"date":"2024-12-10T00:12:07","date_gmt":"2024-12-09T23:12:07","guid":{"rendered":"https:\/\/www.maria-koenigin.de\/?p=15068"},"modified":"2024-12-10T00:12:07","modified_gmt":"2024-12-09T23:12:07","slug":"gluecklicht-sein-tut-gut","status":"publish","type":"post","link":"http:\/\/www.maria-koenigin.de\/?p=15068","title":{"rendered":"Gl\u00fccklich(t) sein tut gut"},"content":{"rendered":"<p><strong>Jugendgottesdienst, Weihnachtsmarkt und Friedenslicht <\/strong><\/p>\n<p><strong><img loading=\"lazy\" decoding=\"async\" class=\"alignright wp-image-15069 size-large\" style=\"margin-top: 0.857143rem; margin-bottom: 0.857143rem; margin-left: 1.71429rem;\" src=\"http:\/\/www.maria-koenigin.de\/wordpress\/wp-content\/uploads\/2024\/12\/JG2024-klein-WM-699x1024.jpg\" alt=\"\" width=\"625\" height=\"916\" srcset=\"http:\/\/www.maria-koenigin.de\/wordpress\/wp-content\/uploads\/2024\/12\/JG2024-klein-WM-699x1024.jpg 699w, http:\/\/www.maria-koenigin.de\/wordpress\/wp-content\/uploads\/2024\/12\/JG2024-klein-WM-205x300.jpg 205w, http:\/\/www.maria-koenigin.de\/wordpress\/wp-content\/uploads\/2024\/12\/JG2024-klein-WM-624x914.jpg 624w, http:\/\/www.maria-koenigin.de\/wordpress\/wp-content\/uploads\/2024\/12\/JG2024-klein-WM.jpg 769w\" sizes=\"auto, (max-width: 625px) 100vw, 625px\" \/><\/strong><\/p>\n<p style=\"text-align: justify;\">Die Aussendung des Friedenslichtes aus Bethlehem am 3. Advent ist eine langj\u00e4hrige Tradition in der Klosterkirche Maria K\u00f6nigin in Altenhundem. In Verbindung mit einem Jugendgottesdienst wird dort das internationale Zeichen des Friedens seit mehr als zwanzig Jahren in die umliegenden Gemeinden, Gruppen und Familien ausgesandt. Diese Aussendung findet auch in diesem Jahr im Rahmen eines Jugendgottesdienstes statt.<\/p>\n<p style=\"text-align: justify;\">Bereits ab 14.30 Uhr findet im Innenhof des Klosters der Weihnachtsmarkt der Abiturienten von Maria K\u00f6nigin statt. Neben s\u00fc\u00dfem und herzhaftem Essen, warmen und kalten Getr\u00e4nken werden selbstgemachten Weihnachtsgeschenken angeboten. <!--more--><\/p>\n<p style=\"text-align: justify;\"><img loading=\"lazy\" decoding=\"async\" class=\"alignright wp-image-15070 size-full\" src=\"http:\/\/www.maria-koenigin.de\/wordpress\/wp-content\/uploads\/2024\/12\/Jugendgottesdienst-Friedenslicht-2kl.jpg\" alt=\"\" width=\"640\" height=\"427\" srcset=\"http:\/\/www.maria-koenigin.de\/wordpress\/wp-content\/uploads\/2024\/12\/Jugendgottesdienst-Friedenslicht-2kl.jpg 640w, http:\/\/www.maria-koenigin.de\/wordpress\/wp-content\/uploads\/2024\/12\/Jugendgottesdienst-Friedenslicht-2kl-300x200.jpg 300w, http:\/\/www.maria-koenigin.de\/wordpress\/wp-content\/uploads\/2024\/12\/Jugendgottesdienst-Friedenslicht-2kl-624x416.jpg 624w\" sizes=\"auto, (max-width: 640px) 100vw, 640px\" \/>Dieser steht unter dem Motto \u201eGl\u00fccklich(t) sein tut gut\u201c und greift damit eine gro\u00dfe Mitmachaktion des Erzbistums Paderborn auf, an der sich das gesamte Gymnasium Maria K\u00f6nigin beteiligt hat. Klassen haben f\u00fcr unterschiedliche Adressaten Spendent\u00fcten vorbereitet, die zum Beispiel an den Warenkorb in Altenhundem und an die OT Olpe weitergegeben wurden.<\/p>\n<p style=\"text-align: justify;\"><img loading=\"lazy\" decoding=\"async\" class=\"alignright wp-image-15071 size-full\" src=\"http:\/\/www.maria-koenigin.de\/wordpress\/wp-content\/uploads\/2024\/12\/Jugendgottesdienst-Friedenslicht-3kl.jpg\" alt=\"\" width=\"640\" height=\"427\" srcset=\"http:\/\/www.maria-koenigin.de\/wordpress\/wp-content\/uploads\/2024\/12\/Jugendgottesdienst-Friedenslicht-3kl.jpg 640w, http:\/\/www.maria-koenigin.de\/wordpress\/wp-content\/uploads\/2024\/12\/Jugendgottesdienst-Friedenslicht-3kl-300x200.jpg 300w, http:\/\/www.maria-koenigin.de\/wordpress\/wp-content\/uploads\/2024\/12\/Jugendgottesdienst-Friedenslicht-3kl-624x416.jpg 624w\" sizes=\"auto, (max-width: 640px) 100vw, 640px\" \/>Der Gottesdienst am Sonntag, dem 15.12. beginnt um 18 Uhr und wird von Pastor Ludger Wollweber gefeiert, die musikalische Gestaltung liegt bei den MK-Singers unter der Leitung von Hendrik Sch\u00f6rmann. Vorbereitet wurde die Messe von Sch\u00fclerinnen und Sch\u00fclern aus der Oberstufe gemeinsam mit Peter Peil.<\/p>\n<p style=\"text-align: justify;\">Das Friedenslicht wird aufgrund der kriegerischen Auseinandersetzungen in Israel und Pal\u00e4stina in diesem Jahr nicht in Betlehem entz\u00fcndet, sondern wird aus Steyr in \u00d6sterreich geholt, wo es seit dem letzten Jahr aufbewahrt wurde. Umso mehr soll es als ein Zeichen des Friedens zum Weihnachtsfest leuchten. Die Besucher des Gottesdienstes werden gebeten, Laternen oder Gl\u00e4ser mit Kerzen mitzubringen, damit sie das Licht in\u00a0 ihre Gemeinden und Orte mitnehmen k\u00f6nnen. Friedenslichtkerzen sind aber auch in der Klosterkirche erh\u00e4ltlich.<\/p>\n","protected":false},"excerpt":{"rendered":"<p>Jugendgottesdienst, Weihnachtsmarkt und Friedenslicht Die Aussendung des Friedenslichtes aus Bethlehem am 3. Advent ist eine langj\u00e4hrige Tradition in der Klosterkirche Maria K\u00f6nigin in Altenhundem. In Verbindung mit einem Jugendgottesdienst wird dort das internationale Zeichen des Friedens seit mehr als zwanzig Jahren in die umliegenden Gemeinden, Gruppen und Familien ausgesandt. Diese Aussendung findet auch in diesem [&hellip;]<\/p>\n","protected":false},"author":7,"featured_media":0,"comment_status":"closed","ping_status":"closed","sticky":false,"template":"","format":"standard","meta":{"ngg_post_thumbnail":0,"footnotes":""},"categories":[4],"tags":[],"class_list":["post-15068","post","type-post","status-publish","format-standard","hentry","category-aktuelles"],"_links":{"self":[{"href":"http:\/\/www.maria-koenigin.de\/index.php?rest_route=\/wp\/v2\/posts\/15068","targetHints":{"allow":["GET"]}}],"collection":[{"href":"http:\/\/www.maria-koenigin.de\/index.php?rest_route=\/wp\/v2\/posts"}],"about":[{"href":"http:\/\/www.maria-koenigin.de\/index.php?rest_route=\/wp\/v2\/types\/post"}],"author":[{"embeddable":true,"href":"http:\/\/www.maria-koenigin.de\/index.php?rest_route=\/wp\/v2\/users\/7"}],"replies":[{"embeddable":true,"href":"http:\/\/www.maria-koenigin.de\/index.php?rest_route=%2Fwp%2Fv2%2Fcomments&post=15068"}],"version-history":[{"count":3,"href":"http:\/\/www.maria-koenigin.de\/index.php?rest_route=\/wp\/v2\/posts\/15068\/revisions"}],"predecessor-version":[{"id":15074,"href":"http:\/\/www.maria-koenigin.de\/index.php?rest_route=\/wp\/v2\/posts\/15068\/revisions\/15074"}],"wp:attachment":[{"href":"http:\/\/www.maria-koenigin.de\/index.php?rest_route=%2Fwp%2Fv2%2Fmedia&parent=15068"}],"wp:term":[{"taxonomy":"category","embeddable":true,"href":"http:\/\/www.maria-koenigin.de\/index.php?rest_route=%2Fwp%2Fv2%2Fcategories&post=15068"},{"taxonomy":"post_tag","embeddable":true,"href":"http:\/\/www.maria-koenigin.de\/index.php?rest_route=%2Fwp%2Fv2%2Ftags&post=15068"}],"curies":[{"name":"wp","href":"https:\/\/api.w.org\/{rel}","templated":true}]}}